{"id":25973,"date":"2023-11-23T12:30:32","date_gmt":"2023-11-23T11:30:32","guid":{"rendered":"https:\/\/serveiseducatius.xtec.cat\/baixllobregat6\/?p=25973"},"modified":"2023-11-23T12:30:32","modified_gmt":"2023-11-23T11:30:32","slug":"25-de-novembre-dia-internacional-per-a-leliminacio-de-la-violencia-envers-les-dones","status":"publish","type":"post","link":"https:\/\/serveiseducatius.xtec.cat\/baixllobregat6\/se-baixllobregat6\/25-de-novembre-dia-internacional-per-a-leliminacio-de-la-violencia-envers-les-dones\/","title":{"rendered":"25 de novembre Dia Internacional per a l&#8217;Eliminaci\u00f3 de la Viol\u00e8ncia envers les Dones"},"content":{"rendered":"<p><img loading=\"lazy\" decoding=\"async\" class=\"alignleft\" src=\"https:\/\/serveiseducatius.xtec.cat\/montsia\/wp-content\/uploads\/usu1125\/2023\/11\/25-novembre.png\" width=\"650\" height=\"300\" \/><br \/>\nEl\u00a0<strong>25 de novembre de 1960<\/strong>, les germanes\u00a0<strong>Patria<\/strong>,\u00a0<strong>Minerva<\/strong>\u00a0i\u00a0<strong>Maria Teresa Mirabal<\/strong>, activistes opositores al govern militar de\u00a0<strong>Rafael Trujillo<\/strong>\u00a0a la\u00a0<strong>Rep\u00fablica Dominicana<\/strong>, van morir de manera violenta juntament amb el xofer que les traslladava a visitar als seus marits a la pres\u00f3. Aquest assassinat, orquestrat pel dictador, va augmentar el rebuig social al r\u00e8gim i al cap de poc provoc\u00e0 l\u2019enderrocament del mateix amb l\u2019assassinat de Trujillo mesos despr\u00e9s. Les tres germanes, de 36, 34 i 25 anys respectivament en el moment de la seva mort, havien destacat pel seu activisme en contra del govern militar dominic\u00e0, igual que els seus marits, des de la seva milit\u00e0ncia en el \u201c<em>Movimiento Revolucionario 14 de Junio<\/em>\u201c. Per aquest motiu, els matrimonis van ser empresonats i torturats en diverses ocasions.<\/p>\n<p>En record de les germanes activistes, conegudes com \u201cLes papallones\u201d durant el temps que van estar a la pres\u00f3, i com a s\u00edmbol de totes les dones assassinades, el primer \u201c<em>Encuentro Feminista de Latinoam\u00e9rica y del Caribe<\/em>\u201c, celebrat a Bogot\u00e0 (Col\u00f2mbia) l\u2019any 1981, va proposar el 25 de novembre com a\u00a0<strong>Dia internacional per a l\u2019eliminaci\u00f3 de la viol\u00e8ncia contra les dones<\/strong>. La commemoraci\u00f3 d\u2019aquest feminicidi com a s\u00edmbol de la viol\u00e8ncia contra les dones va ser ratificada anys m\u00e9s tard (19 d\u2019octubre de 1999) per l\u2019Organitzaci\u00f3 de les Nacions Unides.<\/p>\n<p><a href=\"https:\/\/youtu.be\/tLncvxTCtt0\">V\u00eddeos commemoratius del 60\u00e8 aniversari del seu assassinat\u00a0(2020).<\/a><\/p>\n<div>\n<p><iframe loading=\"lazy\" title=\"YouTube video player\" src=\"https:\/\/www.youtube-nocookie.com\/embed\/tLncvxTCtt0\" width=\"400\" height=\"260\" frameborder=\"0\" allowfullscreen=\"allowfullscreen\" data-mce-fragment=\"1\"><\/iframe><iframe loading=\"lazy\" title=\"YouTube video player\" src=\"https:\/\/www.youtube.com\/embed\/eS8ldf2mweA\" width=\"400\" height=\"260\" frameborder=\"0\" allowfullscreen=\"allowfullscreen\" data-mce-fragment=\"1\"><\/iframe><\/p>\n<p>El<strong>\u00a0Departament d\u2019Educaci\u00f3<\/strong>, a prop\u00f2sit del<a href=\"https:\/\/educacio.gencat.cat\/ca\/departament\/publicacions\/campanyes\/dia-internacional-eliminacio-violencia-envers-dones\/\" target=\"_blank\" rel=\"noopener\">\u00a0Dia internacional per a l\u2019eliminaci\u00f3 de la viol\u00e8ncia envers les dones<\/a>, vol remarcar la necessitat, avui i cada dia, de treballar intensament i prendre consci\u00e8ncia sobre la import\u00e0ncia de la prevenci\u00f3 i l\u2019abordatge de les viol\u00e8ncies masclistes.<\/p>\n<p>Visibilitzem les viol\u00e8ncies masclistes en l\u2019\u00e0mbit educatiu. Previnguem-les!<\/p>\n<p>Difoneu les fotos o v\u00eddeos de les vostres actuacions a les xarxes socials amb l\u2019etiqueta #25n #LesEscolesLliuresDeViol\u00e8ncies amb menci\u00f3 @xtec.<\/p>\n<p><a href=\"https:\/\/xtec.gencat.cat\/ca\/centres\/celebracions\/2023\/dia-internacional-per-a-leliminacio-de-la-violencia-envers-les-dones\/\">Propostes d\u2019activitats a dur a terme als centres educatius<\/a>, tant a prop\u00f2sit del 25 de novembre com al llarg del curs:<\/p>\n<ul>\n<li>Programa formatiu de prevenci\u00f3 de la viol\u00e8ncia masclista<\/li>\n<li>Club de lectura<\/li>\n<li>Cinef\u00f2rum<\/li>\n<li>M\u00fasica i can\u00e7ons<\/li>\n<li>Dades estad\u00edstiques<\/li>\n<li>Mitjans de comunicaci\u00f3<\/li>\n<li>Exposicions<\/li>\n<li>Cartells<\/li>\n<li>Documents per comentar<\/li>\n<li>Recursos<\/li>\n<\/ul>\n<p>Altres recursos en l\u00ednia per treballar a l&#8217;aula:<br \/>\n&#8211; <a href=\"https:\/\/educacio.gencat.cat\/ca\/departament\/publicacions\/campanyes\/dia-internacional-eliminacio-violencia-envers-dones\/\" target=\"_blank\" rel=\"noopener\">Campanya Viol\u00e8ncia de g\u00e8nere Educaci\u00f3<\/a><br \/>\n&#8211; <a href=\"https:\/\/dones.gencat.cat\/ca\/ambits\/centre_documentacio\/publicacions\/materials_didactics_violencia_masclista\/\" target=\"_blank\" rel=\"noopener\">Materials did\u00e0ctics Institut Catal\u00e0 de la Dona<\/a><br \/>\n&#8211; <a href=\"https:\/\/dones.gencat.cat\/ca\/ambits\/mitjans-comunicacio\/campanyes\/estimar-no-fa-mal\/\" target=\"_blank\" rel=\"noopener\">Materials campanya Estimar no fa Mal<\/a><br \/>\n&#8211; <a href=\"https:\/\/tocaigualdad.intered.org\/\" target=\"_blank\" rel=\"noopener\">Toca Igualdad<\/a><br \/>\n&#8211; <a href=\"https:\/\/www.acnur.org\/violencia-de-genero\" target=\"_blank\" rel=\"noopener\">Materials ACNUR<\/a><br \/>\n&#8211; <a href=\"https:\/\/dones.gencat.cat\/web\/.content\/03_ambits\/docs\/cdoc_guiabib_violenciamasclista.pdf\" target=\"_blank\" rel=\"noopener\">Viol\u00e8ncies Masclites. Guia bibliogr\u00e0fica<\/a><br \/>\n&#8211; EduCAC Proposta did\u00e0ctica 25 N\u00a0<a href=\"https:\/\/www.educac.cat\/actualitat\/sota-liceberg\" target=\"_blank\" rel=\"noopener\">Sota l\u2019iceberg<\/a><br \/>\n&#8211; <a href=\"http:\/\/campanyaimpensables.cat\/2021\/07\/22\/eines-destar-per-casa-per-a-families-disposades-a-fer-impensables-les-violencies-masclistes\/\" target=\"_blank\" rel=\"noopener\">Impensables. Eines d\u2019estar per casa. Per a fam\u00edlies disposades a fer impensables les viol\u00e8ncies masclistes<\/a><br \/>\n&#8211; <a href=\"https:\/\/ajuntament.barcelona.cat\/dones\/ca\/recursos-i-actualitat\/recursos-pedagogics-i-de-sensibilitzacio\">Dones i Feminismes. Recursos pedag\u00f2gics. Ajuntament de<\/a><a href=\"https:\/\/ajuntament.barcelona.cat\/dones\/ca\/recursos-i-actualitat\/recursos-pedagogics-i-de-sensibilitzacio\">\u00a0Barcelona<\/a><br \/>\n&#8211; <a href=\"https:\/\/bibliotecavirtual.diba.cat\/dia-internacional-per-a-l-eliminacio-de-la-violencia-envers-les-dones\" target=\"_blank\" rel=\"noopener noreferrer\">Biblioteca virtual<\/a><br \/>\n&#8211; <a href=\"https:\/\/jovecat.gencat.cat\/ca\/temes\/conviure-inclusio_social\/plantar_cara_a_la_violencia\/violencia_contra_les_dones\/25n-dia-internacional-per-a-leliminacio-de-la-violencia-envers-les-dones\/index.html\" target=\"_blank\" rel=\"noopener noreferrer\">Jovecat, Generalitat de Catalunya<\/a><br \/>\n&#8211; <a href=\"https:\/\/youtu.be\/jBNxjISf6X4\" target=\"_blank\" rel=\"noopener\">V\u00eddeo 25N Prou viol\u00e8ncia masclista<\/a><\/p>\n<ul>\n<li>\n<div><strong>Altres Webs d\u2019inter\u00e8s:<\/strong><\/div>\n<ul>\n<li><a href=\"https:\/\/www.violenciadegenere.org\/\" target=\"_blank\" rel=\"noopener\">Plataforma Unit\u00e0ria contra les Viol\u00e8ncies de Gen\u00e8re<\/a><\/li>\n<li>\n<div><a href=\"http:\/\/www.observatoridelesdones.org\/\">Observatori de les dones i\u00a0 els mitjans de comunicaci\u00f3<\/a><\/div>\n<\/li>\n<li>\n<div><a href=\"https:\/\/construirmirades.dracmagic.cat\/destacades\/\" target=\"_blank\" rel=\"noopener\">Drac M\u00e0gic, cultura audiovisual. Propostes de programaci\u00f3 25 N<\/a>.<\/div>\n<\/li>\n<\/ul>\n<\/li>\n<\/ul>\n<p>&nbsp;<\/p>\n<\/div>\n<p>&nbsp;<\/p>\n","protected":false},"excerpt":{"rendered":"<p>El\u00a025 de novembre de 1960, les germanes\u00a0Patria,\u00a0Minerva\u00a0i\u00a0Maria Teresa Mirabal, activistes opositores al govern militar de\u00a0Rafael Trujillo\u00a0a la\u00a0Rep\u00fablica Dominicana, van morir de manera violenta juntament amb el xofer que les traslladava a visitar als seus marits a la pres\u00f3. Aquest assassinat, orquestrat pel dictador, va augmentar el rebuig social al r\u00e8gim i al cap de poc [&hellip;]<\/p>\n","protected":false},"author":1,"featured_media":25975,"comment_status":"closed","ping_status":"closed","sticky":false,"template":"","format":"standard","meta":{"_bbp_topic_count":0,"_bbp_reply_count":0,"_bbp_total_topic_count":0,"_bbp_total_reply_count":0,"_bbp_voice_count":0,"_bbp_anonymous_reply_count":0,"_bbp_topic_count_hidden":0,"_bbp_reply_count_hidden":0,"_bbp_forum_subforum_count":0,"site-sidebar-layout":"default","site-content-layout":"","ast-site-content-layout":"","site-content-style":"default","site-sidebar-style":"default","ast-global-header-display":"","ast-banner-title-visibility":"","ast-main-header-display":"","ast-hfb-above-header-display":"","ast-hfb-below-header-display":"","ast-hfb-mobile-header-display":"","site-post-title":"","ast-breadcrumbs-content":"","ast-featured-img":"","footer-sml-layout":"","theme-transparent-header-meta":"","adv-header-id-meta":"","stick-header-meta":"","header-above-stick-meta":"","header-main-stick-meta":"","header-below-stick-meta":"","astra-migrate-meta-layouts":"default","ast-page-background-enabled":"default","ast-page-background-meta":{"desktop":{"background-color":"var(--ast-global-color-4)","background-image":"","background-repeat":"repeat","background-position":"center center","background-size":"auto","background-attachment":"scroll","background-type":"","background-media":"","overlay-type":"","overlay-color":"","overlay-opacity":"","overlay-gradient":""},"tablet":{"background-color":"","background-image":"","background-repeat":"repeat","background-position":"center center","background-size":"auto","background-attachment":"scroll","background-type":"","background-media":"","overlay-type":"","overlay-color":"","overlay-opacity":"","overlay-gradient":""},"mobile":{"background-color":"","background-image":"","background-repeat":"repeat","background-position":"center center","background-size":"auto","background-attachment":"scroll","background-type":"","background-media":"","overlay-type":"","overlay-color":"","overlay-opacity":"","overlay-gradient":""}},"ast-content-background-meta":{"desktop":{"background-color":"var(--ast-global-color-5)","background-image":"","background-repeat":"repeat","background-position":"center center","background-size":"auto","background-attachment":"scroll","background-type":"","background-media":"","overlay-type":"","overlay-color":"","overlay-opacity":"","overlay-gradient":""},"tablet":{"background-color":"var(--ast-global-color-5)","background-image":"","background-repeat":"repeat","background-position":"center center","background-size":"auto","background-attachment":"scroll","background-type":"","background-media":"","overlay-type":"","overlay-color":"","overlay-opacity":"","overlay-gradient":""},"mobile":{"background-color":"var(--ast-global-color-5)","background-image":"","background-repeat":"repeat","background-position":"center center","background-size":"auto","background-attachment":"scroll","background-type":"","background-media":"","overlay-type":"","overlay-color":"","overlay-opacity":"","overlay-gradient":""}},"footnotes":""},"categories":[162,29],"tags":[2903,2886,1534,1720,115,2457],"class_list":["post-25973","post","type-post","status-publish","format-standard","has-post-thumbnail","hentry","category-actualitat","category-se-baixllobregat6","tag-25n","tag-crp-baix-llobregat-6","tag-portada","tag-recursos-didactics","tag-violencia-de-genere","tag-violencia-masclista"],"post_mailing_queue_ids":[],"_links":{"self":[{"href":"https:\/\/serveiseducatius.xtec.cat\/baixllobregat6\/wp-json\/wp\/v2\/posts\/25973","targetHints":{"allow":["GET"]}}],"collection":[{"href":"https:\/\/serveiseducatius.xtec.cat\/baixllobregat6\/wp-json\/wp\/v2\/posts"}],"about":[{"href":"https:\/\/serveiseducatius.xtec.cat\/baixllobregat6\/wp-json\/wp\/v2\/types\/post"}],"author":[{"embeddable":true,"href":"https:\/\/serveiseducatius.xtec.cat\/baixllobregat6\/wp-json\/wp\/v2\/users\/1"}],"replies":[{"embeddable":true,"href":"https:\/\/serveiseducatius.xtec.cat\/baixllobregat6\/wp-json\/wp\/v2\/comments?post=25973"}],"version-history":[{"count":1,"href":"https:\/\/serveiseducatius.xtec.cat\/baixllobregat6\/wp-json\/wp\/v2\/posts\/25973\/revisions"}],"predecessor-version":[{"id":25976,"href":"https:\/\/serveiseducatius.xtec.cat\/baixllobregat6\/wp-json\/wp\/v2\/posts\/25973\/revisions\/25976"}],"wp:featuredmedia":[{"embeddable":true,"href":"https:\/\/serveiseducatius.xtec.cat\/baixllobregat6\/wp-json\/wp\/v2\/media\/25975"}],"wp:attachment":[{"href":"https:\/\/serveiseducatius.xtec.cat\/baixllobregat6\/wp-json\/wp\/v2\/media?parent=25973"}],"wp:term":[{"taxonomy":"category","embeddable":true,"href":"https:\/\/serveiseducatius.xtec.cat\/baixllobregat6\/wp-json\/wp\/v2\/categories?post=25973"},{"taxonomy":"post_tag","embeddable":true,"href":"https:\/\/serveiseducatius.xtec.cat\/baixllobregat6\/wp-json\/wp\/v2\/tags?post=25973"}],"curies":[{"name":"wp","href":"https:\/\/api.w.org\/{rel}","templated":true}]}}