{"id":25850,"date":"2023-11-02T09:10:36","date_gmt":"2023-11-02T08:10:36","guid":{"rendered":"https:\/\/serveiseducatius.xtec.cat\/baixllobregat6\/?p=25850"},"modified":"2023-11-02T09:13:21","modified_gmt":"2023-11-02T08:13:21","slug":"esc-sant-jordi-participa-a-la-setmana-mundial-de-lalfabetitzacio-mediatica","status":"publish","type":"post","link":"https:\/\/serveiseducatius.xtec.cat\/baixllobregat6\/se-baixllobregat6\/esc-sant-jordi-participa-a-la-setmana-mundial-de-lalfabetitzacio-mediatica\/","title":{"rendered":"ESC Sant Jordi participa a la Setmana Mundial de l&#8217;Alfabetitzaci\u00f3 Medi\u00e0tica"},"content":{"rendered":"<p><img decoding=\"async\" src=\"https:\/\/agora.xtec.cat\/ceip-santjordi-svhorts\/wp-content\/uploads\/usu129\/2023\/10\/Abaham-Orriols.png\" \/><br \/>\nDel 23 al 25 d\u2019octubre es va celebrar la <a href=\"https:\/\/www.unesco.org\/es\/media-information-literacy-week\" target=\"_blank\" rel=\"noopener\">Setmana de l\u2019alfabetitzaci\u00f3 medi\u00e0tica informacional<\/a> promoguda per la UNESCO amb la finalitat de fomentar el pensament cr\u00edtic i responsable dels ciutadans. L&#8217;escola Sant Jordi de Sant Vicen\u00e7 dels Horts va fer una entrevista al periodista Abraham Orriols de TV3 amb l\u2019alumnat del Cicle Superior davant la proposta que els va fer <a href=\"https:\/\/projectes.xtec.cat\/canaldereporters\/setmana_ami\/\" target=\"_blank\" rel=\"noopener\">Canal de Reporters<\/a> i el <a href=\"https:\/\/projectes.xtec.cat\/bescat\/\" target=\"_blank\" rel=\"noopener\">Programa de Biblioteques Escolars<\/a>,<\/p>\n<p>Us compartim l&#8217;entrevista i us animem a seguir treballant la compet\u00e8ncia informacional.<br \/>\nPodeu consultar el <a href=\"https:\/\/projectes.xtec.cat\/canaldereporters\/wp-content\/uploads\/usu2921\/2023\/10\/Setmana-Mundial-dAMI-1-1.pdf\" target=\"_blank\" rel=\"noopener\">document de Propostes de Treball d&#8217; Alfabetizaci\u00f3 medi\u00e0tica i informacional<\/a>:<\/p>\n<div class=\"ast-oembed-container \" style=\"height: 100%;\"><iframe loading=\"lazy\" title=\"Converses amb periodistes \u2013 Abraham Orriols\" width=\"500\" height=\"281\" src=\"https:\/\/www.youtube.com\/embed\/8xspUxWrB7A?feature=oembed\" frameborder=\"0\" allow=\"accelerometer; autoplay; clipboard-write; encrypted-media; gyroscope; picture-in-picture; web-share\" referrerpolicy=\"strict-origin-when-cross-origin\" allowfullscreen><\/iframe><\/div>\n","protected":false},"excerpt":{"rendered":"<p>Del 23 al 25 d\u2019octubre es va celebrar la Setmana de l\u2019alfabetitzaci\u00f3 medi\u00e0tica informacional promoguda per la UNESCO amb la finalitat de fomentar el pensament cr\u00edtic i responsable dels ciutadans. L&#8217;escola Sant Jordi de Sant Vicen\u00e7 dels Horts va fer una entrevista al periodista Abraham Orriols de TV3 amb l\u2019alumnat del Cicle Superior davant la [&hellip;]<\/p>\n","protected":false},"author":1,"featured_media":25851,"comment_status":"closed","ping_status":"closed","sticky":false,"template":"","format":"standard","meta":{"_bbp_topic_count":0,"_bbp_reply_count":0,"_bbp_total_topic_count":0,"_bbp_total_reply_count":0,"_bbp_voice_count":0,"_bbp_anonymous_reply_count":0,"_bbp_topic_count_hidden":0,"_bbp_reply_count_hidden":0,"_bbp_forum_subforum_count":0,"site-sidebar-layout":"default","site-content-layout":"","ast-site-content-layout":"","site-content-style":"default","site-sidebar-style":"default","ast-global-header-display":"","ast-banner-title-visibility":"","ast-main-header-display":"","ast-hfb-above-header-display":"","ast-hfb-below-header-display":"","ast-hfb-mobile-header-display":"","site-post-title":"","ast-breadcrumbs-content":"","ast-featured-img":"","footer-sml-layout":"","theme-transparent-header-meta":"","adv-header-id-meta":"","stick-header-meta":"","header-above-stick-meta":"","header-main-stick-meta":"","header-below-stick-meta":"","astra-migrate-meta-layouts":"default","ast-page-background-enabled":"default","ast-page-background-meta":{"desktop":{"background-color":"var(--ast-global-color-4)","background-image":"","background-repeat":"repeat","background-position":"center center","background-size":"auto","background-attachment":"scroll","background-type":"","background-media":"","overlay-type":"","overlay-color":"","overlay-opacity":"","overlay-gradient":""},"tablet":{"background-color":"","background-image":"","background-repeat":"repeat","background-position":"center center","background-size":"auto","background-attachment":"scroll","background-type":"","background-media":"","overlay-type":"","overlay-color":"","overlay-opacity":"","overlay-gradient":""},"mobile":{"background-color":"","background-image":"","background-repeat":"repeat","background-position":"center center","background-size":"auto","background-attachment":"scroll","background-type":"","background-media":"","overlay-type":"","overlay-color":"","overlay-opacity":"","overlay-gradient":""}},"ast-content-background-meta":{"desktop":{"background-color":"var(--ast-global-color-5)","background-image":"","background-repeat":"repeat","background-position":"center center","background-size":"auto","background-attachment":"scroll","background-type":"","background-media":"","overlay-type":"","overlay-color":"","overlay-opacity":"","overlay-gradient":""},"tablet":{"background-color":"var(--ast-global-color-5)","background-image":"","background-repeat":"repeat","background-position":"center center","background-size":"auto","background-attachment":"scroll","background-type":"","background-media":"","overlay-type":"","overlay-color":"","overlay-opacity":"","overlay-gradient":""},"mobile":{"background-color":"var(--ast-global-color-5)","background-image":"","background-repeat":"repeat","background-position":"center center","background-size":"auto","background-attachment":"scroll","background-type":"","background-media":"","overlay-type":"","overlay-color":"","overlay-opacity":"","overlay-gradient":""}},"footnotes":""},"categories":[1078,81,1099,29],"tags":[2894,2901,2020,333,2886,2138,1534,907],"class_list":["post-25850","post","type-post","status-publish","format-standard","has-post-thumbnail","hentry","category-informacions","category-biblioteca-escolar","category-dinamitzacio-de-la-biblioteca","category-se-baixllobregat6","tag-activitats-amb-alumnat","tag-alfabetitzacio-mediatica","tag-biblioteques-escolars","tag-competencia-informacional","tag-crp-baix-llobregat-6","tag-esc-sant-jordi","tag-portada","tag-sant-vicenc-dels-horts"],"post_mailing_queue_ids":[],"_links":{"self":[{"href":"https:\/\/serveiseducatius.xtec.cat\/baixllobregat6\/wp-json\/wp\/v2\/posts\/25850","targetHints":{"allow":["GET"]}}],"collection":[{"href":"https:\/\/serveiseducatius.xtec.cat\/baixllobregat6\/wp-json\/wp\/v2\/posts"}],"about":[{"href":"https:\/\/serveiseducatius.xtec.cat\/baixllobregat6\/wp-json\/wp\/v2\/types\/post"}],"author":[{"embeddable":true,"href":"https:\/\/serveiseducatius.xtec.cat\/baixllobregat6\/wp-json\/wp\/v2\/users\/1"}],"replies":[{"embeddable":true,"href":"https:\/\/serveiseducatius.xtec.cat\/baixllobregat6\/wp-json\/wp\/v2\/comments?post=25850"}],"version-history":[{"count":3,"href":"https:\/\/serveiseducatius.xtec.cat\/baixllobregat6\/wp-json\/wp\/v2\/posts\/25850\/revisions"}],"predecessor-version":[{"id":25854,"href":"https:\/\/serveiseducatius.xtec.cat\/baixllobregat6\/wp-json\/wp\/v2\/posts\/25850\/revisions\/25854"}],"wp:featuredmedia":[{"embeddable":true,"href":"https:\/\/serveiseducatius.xtec.cat\/baixllobregat6\/wp-json\/wp\/v2\/media\/25851"}],"wp:attachment":[{"href":"https:\/\/serveiseducatius.xtec.cat\/baixllobregat6\/wp-json\/wp\/v2\/media?parent=25850"}],"wp:term":[{"taxonomy":"category","embeddable":true,"href":"https:\/\/serveiseducatius.xtec.cat\/baixllobregat6\/wp-json\/wp\/v2\/categories?post=25850"},{"taxonomy":"post_tag","embeddable":true,"href":"https:\/\/serveiseducatius.xtec.cat\/baixllobregat6\/wp-json\/wp\/v2\/tags?post=25850"}],"curies":[{"name":"wp","href":"https:\/\/api.w.org\/{rel}","templated":true}]}}