{"id":25722,"date":"2023-10-04T17:05:34","date_gmt":"2023-10-04T15:05:34","guid":{"rendered":"https:\/\/serveiseducatius.xtec.cat\/baixllobregat6\/?p=25722"},"modified":"2023-10-04T17:16:58","modified_gmt":"2023-10-04T15:16:58","slug":"28a-setmana-de-la-ciencia","status":"publish","type":"post","link":"https:\/\/serveiseducatius.xtec.cat\/baixllobregat6\/se-baixllobregat6\/28a-setmana-de-la-ciencia\/","title":{"rendered":"28a Setmana de la Ci\u00e8ncia. Activitats alumnat"},"content":{"rendered":"<p>La Fundaci\u00f3 Catalana per a la Recerca i la Innovaci\u00f3 (FCRI), amb el suport del Departament d\u2019Educaci\u00f3, organitza la <a href=\"https:\/\/setmanaciencia.fundaciorecerca.cat\/frontend\/home.asp\" target=\"_blank\" rel=\"noopener\">28a edici\u00f3 de la Setmana de la Ci\u00e8ncia<\/a>, que se celebrar\u00e0 del 1<strong>0 al 19 de novembre<\/strong>, arreu de Catalunya amb l\u2019objectiu d\u2019apropar la\u00a0<span class=\"il\">ci\u00e8ncia<\/span> i la tecnologia a la ciutadania. Enguany es commemora el centenari del naixement del bioqu\u00edmic Joan Or\u00f3 i Florensa. La figura i traject\u00f2ria cient\u00edfica d\u2019aquest investigador lleidat\u00e0, referent internacional en l\u2019estudi de l\u2019origen de la vida, esdevindr\u00e0 el fil conductor de la <span class=\"il\">Setmana<\/span>\u00a0de la\u00a0<span class=\"il\">Ci\u00e8ncia 2023.<\/span><a href=\"https:\/\/setmanaciencia.fundaciorecerca.cat\/frontend\/home.asp\" target=\"_blank\" rel=\"noopener\"><img loading=\"lazy\" decoding=\"async\" class=\"aligncenter wp-image-15671 size-full\" src=\"https:\/\/serveiseducatius.xtec.cat\/vallesoccidental6\/wp-content\/uploads\/usu1109\/2023\/10\/28a-setmana-de-la-Ciencia.jpg\" sizes=\"auto, (max-width: 346px) 100vw, 346px\" srcset=\"https:\/\/serveiseducatius.xtec.cat\/vallesoccidental6\/wp-content\/uploads\/usu1109\/2023\/10\/28a-setmana-de-la-Ciencia.jpg 346w, https:\/\/serveiseducatius.xtec.cat\/vallesoccidental6\/wp-content\/uploads\/usu1109\/2023\/10\/28a-setmana-de-la-Ciencia-300x126.jpg 300w\" alt=\"\" width=\"346\" height=\"145\" \/><\/a><\/p>\n<p><strong>L\u2019activitat \u201cLa ci\u00e8ncia en primera persona\u201d<\/strong> que es celebrar\u00e0 el dia <strong>15 de novembre al mat\u00ed s\u2019emmarca en la Setmana de la Ci\u00e8ncia i va destinada a alumnat de 3r i 4t de l&#8217;ESO,<\/strong>\u00a0 amb la finalitat del foment de les vocacions cient\u00edfiques i tecnol\u00f2giques entre l\u2019alumnat del nostre pa\u00eds, pretenent apropar els i les cient\u00edfiques als instituts.<\/p>\n<p dir=\"ltr\">Seguint la bona acollida de l\u2019edici\u00f3 passada, enguany es mant\u00e9 la modalitat virtual i hi poden participar tots els centres de secund\u00e0ria.<\/p>\n<p dir=\"ltr\">L\u2019activitat es fonamenta en tres parts:<\/p>\n<p dir=\"ltr\">1.\u00a0Edici\u00f3\u00a0d\u2019un\u00a0v\u00eddeo,\u00a0d\u2019una\u00a0durada\u00a0d\u2019uns\u00a05-10 minuts on es llen\u00e7a tamb\u00e9 una proposta o un repte.<br \/>\n2. Aquest v\u00eddeo el visualitzar\u00e0 l\u2019alumnat en hores lectives juntament amb els seus professors\/es. L\u2019alumnat ens faran arribar imatge del repte aconseguit (5 fotografies m\u00e0xim per grup) aix\u00ed com les preguntes que volen formular als\/a les cient\u00edfics\/ques (3 preguntes m\u00e0xim per grup).<br \/>\n3. El dia 16 de novembre al mat\u00ed, retransmissi\u00f3 en directe pel canal youtube de cadascun dels cient\u00edfics\/ques.<\/p>\n<p dir=\"ltr\">L\u2019activitat adre\u00e7ada a l\u2019alumnat de 3r i 4t d\u2019ESO\u00a0va a c\u00e0rrec de cient\u00edfics\/ques que es dediquen a la investigaci\u00f3 i que expliquen la seva tasca, tant des del vessant cient\u00edfic com del vessant hum\u00e0.<\/p>\n<p dir=\"ltr\">Les 4 sessions es celebren\u00a0en els seg\u00fcents horaris:<\/p>\n<p dir=\"ltr\"><span style=\"font-family: arial, sans-serif;\">9.30h: Microgravetat. Jos\u00e9 Ignacio Rojas, divisi\u00f3 d&#8217;Enginyeria Aeroespacial del Departament de F\u00edsica de la UPC, i investigador de l&#8217;Escola d&#8217;Enginyeria de Telecomunicaci\u00f3 i Aeroespacial de Castelldefels<br \/>\n10.30h: Nanotecnologia. Jordi D\u00edaz, professor de Qu\u00edmica al Departament de Materials, i t\u00e8cnic a la Unitat de T\u00e8cniques Nanom\u00e8triques dels Centres Cient\u00edfics i Tecnol\u00f2gics, de la Universitat de Barcelona.<br \/>\n11.30h. Espai. N\u00faria Jar, Hypatia periodista especialitzada en ci\u00e8ncia i salut i membre de la tripulaci\u00f3 Hypatia<br \/>\n12.30h. Meteorologia: Eloi Cordom\u00ed, f\u00edsic i meteor\u00f2leg a Televisi\u00f3 de Catalunya<\/span><\/p>\n<p dir=\"ltr\">Les connexions en directe de les pon\u00e8ncies que es transmetran en directe des del <a href=\"https:\/\/www.youtube.com\/user\/fcrivideo\" target=\"_blank\" rel=\"noopener\" data-saferedirecturl=\"https:\/\/www.google.com\/url?q=https:\/\/www.youtube.com\/user\/fcrivideo&amp;source=gmail&amp;ust=1696514957695000&amp;usg=AOvVaw3Ve4IdMi9um4Wp2n9S7NSP\">canal de Youtube de la FCRI<\/a>\u00a0el mat\u00ed del dia 15 de novembre.<\/p>\n<p dir=\"ltr\">Per participar els centres educatius han d&#8217;inscriure&#8217;s fins el 16 d&#8217;octubre<\/p>\n<p dir=\"ltr\">Els centres que ho desitgin podran participar en directe el mateix dia 16 de novembre, podran enviar els reptes i les preguntes als cient\u00edfics per a qu\u00e8 les comentin en directe abans del:<\/p>\n<p dir=\"ltr\"><strong>Data l\u00edmit per enviar els reptes i les preguntes: 5 de novembre<\/strong><\/p>\n<p dir=\"ltr\">M\u00e9s informaci\u00f3 detallada a<a href=\"http:\/\/www.setmanaciencia.cat\/\" target=\"_blank\" rel=\"noopener\" data-saferedirecturl=\"https:\/\/www.google.com\/url?q=http:\/\/www.setmanaciencia.cat\/&amp;source=gmail&amp;ust=1696514957695000&amp;usg=AOvVaw0a_qt9mrIlcISAbp0zCCLj\">\u00a0www.setmanaciencia.cat<\/a><\/p>\n<p><img decoding=\"async\" src=\"https:\/\/projectes.xtec.cat\/secrp\/wp-content\/uploads\/usu2432\/2023\/10\/Programa-28-Set-ciencia-1-1024x691.png\" \/><\/p>\n<p><img decoding=\"async\" src=\"https:\/\/projectes.xtec.cat\/secrp\/wp-content\/uploads\/usu2432\/2023\/10\/Programa-28-set-Ciencia-2-1024x691.png\" \/><\/p>\n<div class=\"addtoany_share_save_container addtoany_content addtoany_content_bottom\">\n<div class=\"a2a_kit a2a_kit_size_24 addtoany_list\" data-a2a-url=\"https:\/\/serveiseducatius.xtec.cat\/vallesoccidental6\/general\/28a-setmana-de-la-ciencia\/\" data-a2a-title=\"28a Setmana de la Ci\u00e8ncia\"><\/div>\n<\/div>\n","protected":false},"excerpt":{"rendered":"<p>La Fundaci\u00f3 Catalana per a la Recerca i la Innovaci\u00f3 (FCRI), amb el suport del Departament d\u2019Educaci\u00f3, organitza la 28a edici\u00f3 de la Setmana de la Ci\u00e8ncia, que se celebrar\u00e0 del 10 al 19 de novembre, arreu de Catalunya amb l\u2019objectiu d\u2019apropar la\u00a0ci\u00e8ncia i la tecnologia a la ciutadania. Enguany es commemora el centenari del [&hellip;]<\/p>\n","protected":false},"author":1,"featured_media":25724,"comment_status":"closed","ping_status":"closed","sticky":false,"template":"","format":"standard","meta":{"_bbp_topic_count":0,"_bbp_reply_count":0,"_bbp_total_topic_count":0,"_bbp_total_reply_count":0,"_bbp_voice_count":0,"_bbp_anonymous_reply_count":0,"_bbp_topic_count_hidden":0,"_bbp_reply_count_hidden":0,"_bbp_forum_subforum_count":0,"site-sidebar-layout":"default","site-content-layout":"","ast-site-content-layout":"","site-content-style":"default","site-sidebar-style":"default","ast-global-header-display":"","ast-banner-title-visibility":"","ast-main-header-display":"","ast-hfb-above-header-display":"","ast-hfb-below-header-display":"","ast-hfb-mobile-header-display":"","site-post-title":"","ast-breadcrumbs-content":"","ast-featured-img":"","footer-sml-layout":"","theme-transparent-header-meta":"","adv-header-id-meta":"","stick-header-meta":"","header-above-stick-meta":"","header-main-stick-meta":"","header-below-stick-meta":"","astra-migrate-meta-layouts":"default","ast-page-background-enabled":"default","ast-page-background-meta":{"desktop":{"background-color":"var(--ast-global-color-4)","background-image":"","background-repeat":"repeat","background-position":"center center","background-size":"auto","background-attachment":"scroll","background-type":"","background-media":"","overlay-type":"","overlay-color":"","overlay-opacity":"","overlay-gradient":""},"tablet":{"background-color":"","background-image":"","background-repeat":"repeat","background-position":"center center","background-size":"auto","background-attachment":"scroll","background-type":"","background-media":"","overlay-type":"","overlay-color":"","overlay-opacity":"","overlay-gradient":""},"mobile":{"background-color":"","background-image":"","background-repeat":"repeat","background-position":"center center","background-size":"auto","background-attachment":"scroll","background-type":"","background-media":"","overlay-type":"","overlay-color":"","overlay-opacity":"","overlay-gradient":""}},"ast-content-background-meta":{"desktop":{"background-color":"var(--ast-global-color-5)","background-image":"","background-repeat":"repeat","background-position":"center center","background-size":"auto","background-attachment":"scroll","background-type":"","background-media":"","overlay-type":"","overlay-color":"","overlay-opacity":"","overlay-gradient":""},"tablet":{"background-color":"var(--ast-global-color-5)","background-image":"","background-repeat":"repeat","background-position":"center center","background-size":"auto","background-attachment":"scroll","background-type":"","background-media":"","overlay-type":"","overlay-color":"","overlay-opacity":"","overlay-gradient":""},"mobile":{"background-color":"var(--ast-global-color-5)","background-image":"","background-repeat":"repeat","background-position":"center center","background-size":"auto","background-attachment":"scroll","background-type":"","background-media":"","overlay-type":"","overlay-color":"","overlay-opacity":"","overlay-gradient":""}},"footnotes":""},"categories":[29],"tags":[2894,86,2886,2875,2856,2749,1534,919],"class_list":["post-25722","post","type-post","status-publish","format-standard","has-post-thumbnail","hentry","category-se-baixllobregat6","tag-activitats-amb-alumnat","tag-ciencies","tag-crp-baix-llobregat-6","tag-curs-2023-24","tag-dinamitzacio","tag-fcri","tag-portada","tag-setmana-de-la-ciencia"],"post_mailing_queue_ids":[],"_links":{"self":[{"href":"https:\/\/serveiseducatius.xtec.cat\/baixllobregat6\/wp-json\/wp\/v2\/posts\/25722","targetHints":{"allow":["GET"]}}],"collection":[{"href":"https:\/\/serveiseducatius.xtec.cat\/baixllobregat6\/wp-json\/wp\/v2\/posts"}],"about":[{"href":"https:\/\/serveiseducatius.xtec.cat\/baixllobregat6\/wp-json\/wp\/v2\/types\/post"}],"author":[{"embeddable":true,"href":"https:\/\/serveiseducatius.xtec.cat\/baixllobregat6\/wp-json\/wp\/v2\/users\/1"}],"replies":[{"embeddable":true,"href":"https:\/\/serveiseducatius.xtec.cat\/baixllobregat6\/wp-json\/wp\/v2\/comments?post=25722"}],"version-history":[{"count":4,"href":"https:\/\/serveiseducatius.xtec.cat\/baixllobregat6\/wp-json\/wp\/v2\/posts\/25722\/revisions"}],"predecessor-version":[{"id":25728,"href":"https:\/\/serveiseducatius.xtec.cat\/baixllobregat6\/wp-json\/wp\/v2\/posts\/25722\/revisions\/25728"}],"wp:featuredmedia":[{"embeddable":true,"href":"https:\/\/serveiseducatius.xtec.cat\/baixllobregat6\/wp-json\/wp\/v2\/media\/25724"}],"wp:attachment":[{"href":"https:\/\/serveiseducatius.xtec.cat\/baixllobregat6\/wp-json\/wp\/v2\/media?parent=25722"}],"wp:term":[{"taxonomy":"category","embeddable":true,"href":"https:\/\/serveiseducatius.xtec.cat\/baixllobregat6\/wp-json\/wp\/v2\/categories?post=25722"},{"taxonomy":"post_tag","embeddable":true,"href":"https:\/\/serveiseducatius.xtec.cat\/baixllobregat6\/wp-json\/wp\/v2\/tags?post=25722"}],"curies":[{"name":"wp","href":"https:\/\/api.w.org\/{rel}","templated":true}]}}