{"id":25285,"date":"2023-05-19T13:16:28","date_gmt":"2023-05-19T11:16:28","guid":{"rendered":"https:\/\/serveiseducatius.xtec.cat\/baixllobregat6\/?p=25285"},"modified":"2023-06-21T12:30:02","modified_gmt":"2023-06-21T10:30:02","slug":"jornada-de-cloenda-del-treball-dequip-i-en-xarxa-sobre-lautisme-entre-els-eaps-creda-i-cretdic-del-baix-llobregat-21-22-i-22-23-2","status":"publish","type":"post","link":"https:\/\/serveiseducatius.xtec.cat\/baixllobregat6\/se-baixllobregat6\/jornada-de-cloenda-del-treball-dequip-i-en-xarxa-sobre-lautisme-entre-els-eaps-creda-i-cretdic-del-baix-llobregat-21-22-i-22-23-2\/","title":{"rendered":"Jornada de Cloenda del Treball d&#8217;equip i en xarxa sobre l&#8217;Autisme entre els EAPS, CREDA i CRETDIC del Baix Llobregat 2021-22 i 2022-23"},"content":{"rendered":"<p><a href=\"https:\/\/serveiseducatius.xtec.cat\/baixllobregat6\/se-baixllobregat6\/jornada-de-cloenda-del-treball-dequip-i-en-xarxa-sobre-lautisme-entre-els-eaps-creda-i-cretdic-del-baix-llobregat-21-22-i-22-23-2\/attachment\/bolea-3\/\" rel=\"attachment wp-att-25287\"><img loading=\"lazy\" decoding=\"async\" class=\"alignleft wp-image-25287\" src=\"https:\/\/serveiseducatius.xtec.cat\/baixllobregat6\/wp-content\/uploads\/usu778\/2023\/05\/Bolea-3-520x433.png\" alt=\"\" width=\"312\" height=\"259\" srcset=\"https:\/\/serveiseducatius.xtec.cat\/baixllobregat6\/wp-content\/uploads\/usu778\/2023\/05\/Bolea-3-520x433.png 520w, https:\/\/serveiseducatius.xtec.cat\/baixllobregat6\/wp-content\/uploads\/usu778\/2023\/05\/Bolea-3-768x640.png 768w, https:\/\/serveiseducatius.xtec.cat\/baixllobregat6\/wp-content\/uploads\/usu778\/2023\/05\/Bolea-3-300x250.png 300w, https:\/\/serveiseducatius.xtec.cat\/baixllobregat6\/wp-content\/uploads\/usu778\/2023\/05\/Bolea-3.png 843w\" sizes=\"auto, (max-width: 312px) 100vw, 312px\" \/><\/a>Dijous passat, dia 18 de maig, va tenir lloc la Jornada de Cloenda del <strong>Treball d\u2019equip i en xarxa<\/strong> sobre l\u2019<strong>Autisme<\/strong> entre els EAPS, CREDA i CRETDIC del Baix Llobregat al<a href=\"https:\/\/svh.cat\/municipi\/adreces-i-telefons\/can-comamala\/\" target=\"_blank\" rel=\"noopener\"> Centre Can Comamala<\/a> de Sant Vicen\u00e7 dels Horts<\/p>\n<p>L\u00b4acte es va iniciar amb els <strong>relats de les diferents zones<\/strong> (aspectes claus) presentats per la Sra Esther C\u00e0rcel, directora de l\u00b4<a href=\"https:\/\/serveiseducatius.xtec.cat\/baixllobregat1\/categoria\/eap\/\" target=\"_blank\" rel=\"noopener\">EAP de Sant Feliu<\/a>, que va valorar molt positivament el treball interequips desenvolupat.<\/p>\n<p>A continuaci\u00f3, en <strong>Max Bonatti<\/strong>, un noi amb diagn\u00f2stic <strong>TEA<\/strong>, va compartir alguns fragments del <strong>seu llibre<\/strong> <em>Elegido por el Rey<\/em> i va conversar amb la Sra Isabel Planas, directora de l\u00b4<a href=\"https:\/\/serveiseducatius.xtec.cat\/baixllobregat3\/categoria\/se_eap\/\" target=\"_blank\" rel=\"noopener\">EAP de Sant Boi<\/a> i la Sra J\u00falia Palma, psicopedagoga de l\u00b4EAP de Sant Boi. Durant la conversa, en Max va relatar com el seu creixement personal i professional s\u00b4ha desenvolupat a trav\u00e9s de la potenciaci\u00f3 dels talents, virtuts i creativitat, i com aquestes palanques l\u00b4han ajudat a interactuar amb el m\u00f3n. Va donar molt de valor a l\u00b4estructura familiar i als professionals que l\u00b4han acompanyat durant aquests anys.<\/p>\n<p>En tercer lloc, la <a href=\"https:\/\/www.rbalibros.com\/autores\/neus-carbonell-camos\" target=\"_blank\" rel=\"noopener\">Sra Neus Carbonell<\/a>, va conversar amb l\u00b4especialista del CRETDIC &#8211;<a href=\"https:\/\/www.casadellibro.com\/libros-ebooks\/enric-bolea\/20080411\" target=\"_blank\" rel=\"noopener\">Enric Bolea<\/a>&#8211; de diferents temes, entre d&#8217;altres, de la import\u00e0ncia del llenguatge en la construcci\u00f3 de la persona. Neus Carbonell t\u00e9 amb una ampla traject\u00f2ria professional, llicenciada en Psicologia, en Filosofia i Doctora en Literatura Comparada, treballa en l\u00b4Atenci\u00f3 Preco\u00e7 a la xarxa p\u00fablica i, actualment, \u00e9s docent a la Universitat Oberta de Catalunya i s\u00f2cia fundadora de l\u00b4Associaci\u00f3 TEAdir de pares, mares i familiars de persones amb autisme.<!--more--><\/p>\n<p>L\u00b4acte va finalitzar amb la intervenci\u00f3 a mode de conclusi\u00f3 de la Sra M. Angels Megias, directora de l\u00b4<a href=\"https:\/\/serveiseducatius.xtec.cat\/baixllobregat6\/categoria\/eap\/\" target=\"_blank\" rel=\"noopener\">EAP de Sant Vicen\u00e7 dels Horts<\/a>.<\/p>\n<p><iframe loading=\"lazy\" title=\"YouTube video player\" src=\"https:\/\/www.youtube.com\/embed\/QSRK6hu1DeE\" width=\"920\" height=\"470\" frameborder=\"0\" allowfullscreen=\"allowfullscreen\"><\/iframe><\/p>\n<p><a href=\"https:\/\/serveiseducatius.xtec.cat\/baixllobregat6\/se-baixllobregat6\/jornada-de-cloenda-del-treball-dequip-i-en-xarxa-sobre-lautisme-entre-els-eaps-creda-i-cretdic-del-baix-llobregat-21-22-i-22-23-2\/attachment\/bolea-2\/\" rel=\"attachment wp-att-25289\"><img loading=\"lazy\" decoding=\"async\" class=\"alignleft wp-image-25289\" src=\"https:\/\/serveiseducatius.xtec.cat\/baixllobregat6\/wp-content\/uploads\/usu778\/2023\/05\/Bolea-2-520x415.png\" alt=\"\" width=\"385\" height=\"307\" srcset=\"https:\/\/serveiseducatius.xtec.cat\/baixllobregat6\/wp-content\/uploads\/usu778\/2023\/05\/Bolea-2-520x415.png 520w, https:\/\/serveiseducatius.xtec.cat\/baixllobregat6\/wp-content\/uploads\/usu778\/2023\/05\/Bolea-2.png 587w\" sizes=\"auto, (max-width: 385px) 100vw, 385px\" \/><\/a><a href=\"https:\/\/serveiseducatius.xtec.cat\/baixllobregat6\/se-baixllobregat6\/jornada-de-cloenda-del-treball-dequip-i-en-xarxa-sobre-lautisme-entre-els-eaps-creda-i-cretdic-del-baix-llobregat-21-22-i-22-23-2\/attachment\/bolea\/\" rel=\"attachment wp-att-25290\"><img loading=\"lazy\" decoding=\"async\" class=\"alignleft wp-image-25290\" src=\"https:\/\/serveiseducatius.xtec.cat\/baixllobregat6\/wp-content\/uploads\/usu778\/2023\/05\/Bolea-352x520.png\" alt=\"\" width=\"205\" height=\"303\" srcset=\"https:\/\/serveiseducatius.xtec.cat\/baixllobregat6\/wp-content\/uploads\/usu778\/2023\/05\/Bolea-352x520.png 352w, https:\/\/serveiseducatius.xtec.cat\/baixllobregat6\/wp-content\/uploads\/usu778\/2023\/05\/Bolea.png 586w\" sizes=\"auto, (max-width: 205px) 100vw, 205px\" \/><\/a><\/p>\n<p>&nbsp;<\/p>\n","protected":false},"excerpt":{"rendered":"<p>Dijous passat, dia 18 de maig, va tenir lloc la Jornada de Cloenda del Treball d\u2019equip i en xarxa sobre l\u2019Autisme entre els EAPS, CREDA i CRETDIC del Baix Llobregat al Centre Can Comamala de Sant Vicen\u00e7 dels Horts L\u00b4acte es va iniciar amb els relats de les diferents zones (aspectes claus) presentats per la [&hellip;]<\/p>\n","protected":false},"author":1,"featured_media":25287,"comment_status":"open","ping_status":"closed","sticky":false,"template":"","format":"standard","meta":{"_bbp_topic_count":0,"_bbp_reply_count":0,"_bbp_total_topic_count":0,"_bbp_total_reply_count":0,"_bbp_voice_count":0,"_bbp_anonymous_reply_count":0,"_bbp_topic_count_hidden":0,"_bbp_reply_count_hidden":0,"_bbp_forum_subforum_count":0,"site-sidebar-layout":"default","site-content-layout":"","ast-site-content-layout":"","site-content-style":"default","site-sidebar-style":"default","ast-global-header-display":"","ast-banner-title-visibility":"","ast-main-header-display":"","ast-hfb-above-header-display":"","ast-hfb-below-header-display":"","ast-hfb-mobile-header-display":"","site-post-title":"","ast-breadcrumbs-content":"","ast-featured-img":"","footer-sml-layout":"","theme-transparent-header-meta":"","adv-header-id-meta":"","stick-header-meta":"","header-above-stick-meta":"","header-main-stick-meta":"","header-below-stick-meta":"","astra-migrate-meta-layouts":"default","ast-page-background-enabled":"default","ast-page-background-meta":{"desktop":{"background-color":"var(--ast-global-color-4)","background-image":"","background-repeat":"repeat","background-position":"center center","background-size":"auto","background-attachment":"scroll","background-type":"","background-media":"","overlay-type":"","overlay-color":"","overlay-opacity":"","overlay-gradient":""},"tablet":{"background-color":"","background-image":"","background-repeat":"repeat","background-position":"center center","background-size":"auto","background-attachment":"scroll","background-type":"","background-media":"","overlay-type":"","overlay-color":"","overlay-opacity":"","overlay-gradient":""},"mobile":{"background-color":"","background-image":"","background-repeat":"repeat","background-position":"center center","background-size":"auto","background-attachment":"scroll","background-type":"","background-media":"","overlay-type":"","overlay-color":"","overlay-opacity":"","overlay-gradient":""}},"ast-content-background-meta":{"desktop":{"background-color":"var(--ast-global-color-5)","background-image":"","background-repeat":"repeat","background-position":"center center","background-size":"auto","background-attachment":"scroll","background-type":"","background-media":"","overlay-type":"","overlay-color":"","overlay-opacity":"","overlay-gradient":""},"tablet":{"background-color":"var(--ast-global-color-5)","background-image":"","background-repeat":"repeat","background-position":"center center","background-size":"auto","background-attachment":"scroll","background-type":"","background-media":"","overlay-type":"","overlay-color":"","overlay-opacity":"","overlay-gradient":""},"mobile":{"background-color":"var(--ast-global-color-5)","background-image":"","background-repeat":"repeat","background-position":"center center","background-size":"auto","background-attachment":"scroll","background-type":"","background-media":"","overlay-type":"","overlay-color":"","overlay-opacity":"","overlay-gradient":""}},"footnotes":""},"categories":[162,1040,67,29],"tags":[250,1829,440,447,2215,2048,1481,972],"class_list":["post-25285","post","type-post","status-publish","format-standard","has-post-thumbnail","hentry","category-actualitat","category-diversitat-en-xarxa","category-eap","category-se-baixllobregat6","tag-atencio-a-la-diversitat","tag-eap","tag-educacio-infantil-i-primaria","tag-educacio-secundaria","tag-reporteducacio","tag-tea","tag-teadir","tag-treball-en-xarxa"],"post_mailing_queue_ids":[],"_links":{"self":[{"href":"https:\/\/serveiseducatius.xtec.cat\/baixllobregat6\/wp-json\/wp\/v2\/posts\/25285","targetHints":{"allow":["GET"]}}],"collection":[{"href":"https:\/\/serveiseducatius.xtec.cat\/baixllobregat6\/wp-json\/wp\/v2\/posts"}],"about":[{"href":"https:\/\/serveiseducatius.xtec.cat\/baixllobregat6\/wp-json\/wp\/v2\/types\/post"}],"author":[{"embeddable":true,"href":"https:\/\/serveiseducatius.xtec.cat\/baixllobregat6\/wp-json\/wp\/v2\/users\/1"}],"replies":[{"embeddable":true,"href":"https:\/\/serveiseducatius.xtec.cat\/baixllobregat6\/wp-json\/wp\/v2\/comments?post=25285"}],"version-history":[{"count":3,"href":"https:\/\/serveiseducatius.xtec.cat\/baixllobregat6\/wp-json\/wp\/v2\/posts\/25285\/revisions"}],"predecessor-version":[{"id":25449,"href":"https:\/\/serveiseducatius.xtec.cat\/baixllobregat6\/wp-json\/wp\/v2\/posts\/25285\/revisions\/25449"}],"wp:featuredmedia":[{"embeddable":true,"href":"https:\/\/serveiseducatius.xtec.cat\/baixllobregat6\/wp-json\/wp\/v2\/media\/25287"}],"wp:attachment":[{"href":"https:\/\/serveiseducatius.xtec.cat\/baixllobregat6\/wp-json\/wp\/v2\/media?parent=25285"}],"wp:term":[{"taxonomy":"category","embeddable":true,"href":"https:\/\/serveiseducatius.xtec.cat\/baixllobregat6\/wp-json\/wp\/v2\/categories?post=25285"},{"taxonomy":"post_tag","embeddable":true,"href":"https:\/\/serveiseducatius.xtec.cat\/baixllobregat6\/wp-json\/wp\/v2\/tags?post=25285"}],"curies":[{"name":"wp","href":"https:\/\/api.w.org\/{rel}","templated":true}]}}