{"id":25241,"date":"2023-05-18T09:02:02","date_gmt":"2023-05-18T07:02:02","guid":{"rendered":"https:\/\/serveiseducatius.xtec.cat\/baixllobregat6\/?p=25241"},"modified":"2023-05-18T09:08:50","modified_gmt":"2023-05-18T07:08:50","slug":"jornada-de-cloenda-del-treball-dequip-i-en-xarxa-sobre-lautisme-entre-els-eaps-creda-i-cretdic-del-baix-llobregat-21-22-i-22-23","status":"publish","type":"post","link":"https:\/\/serveiseducatius.xtec.cat\/baixllobregat6\/se-baixllobregat6\/jornada-de-cloenda-del-treball-dequip-i-en-xarxa-sobre-lautisme-entre-els-eaps-creda-i-cretdic-del-baix-llobregat-21-22-i-22-23\/","title":{"rendered":"Jornada de Cloenda del Treball d&#8217;equip i en xarxa sobre l&#8217;Autisme entre els EAPS, CREDA i CRETDIC del Baix Llobregat 21-22 i 22-23"},"content":{"rendered":"<p>El dia 18 de maig, de 9:30h a 13h, hi ha la Jornada de Cloenda del Treball d&#8217;equip i en xarxa sobre l&#8217;Autisme entre els EAPS, CREDA i CRETDIC del Baix Llobregat. Algunes informacions de car\u00e0cter organitzatiu sobre la sessi\u00f3.<\/p>\n<table style=\"border-collapse: collapse; width: 100%;\">\n<tbody>\n<tr>\n<td style=\"width: 50%;\"><img loading=\"lazy\" decoding=\"async\" class=\"wp-image-25242 alignleft\" style=\"border: none; color: #2795b6; font-size: 16px;\" src=\"https:\/\/serveiseducatius.xtec.cat\/baixllobregat6\/wp-content\/uploads\/usu778\/2023\/05\/Can-Comamala-520x451.jpg\" alt=\"\" width=\"359\" height=\"311\" srcset=\"https:\/\/serveiseducatius.xtec.cat\/baixllobregat6\/wp-content\/uploads\/usu778\/2023\/05\/Can-Comamala-520x451.jpg 520w, https:\/\/serveiseducatius.xtec.cat\/baixllobregat6\/wp-content\/uploads\/usu778\/2023\/05\/Can-Comamala.jpg 530w\" sizes=\"auto, (max-width: 359px) 100vw, 359px\" \/><\/td>\n<td style=\"width: 50%;\"><strong>1. Espai<\/strong><\/p>\n<p>La Cloenda es realitzar\u00e0 en <a href=\"https:\/\/goo.gl\/maps\/yZ84qShoLvqNZ9pe9\" target=\"_blank\" rel=\"noopener\">Can Comamala<\/a>. C\/. Moss\u00e8n Jacint Verdaguer, 113 &#8211; 08620 Sant Vicen\u00e7 dels Horts (Planta 1a). <a href=\"https:\/\/goo.gl\/maps\/yZ84qShoLvqNZ9pe9\" target=\"_blank\" rel=\"noopener\">Situaci\u00f3 Google Maps<\/a>Es recomana aparcar darrera del Centre Comercial del Caprabo &#8220;La Vailet&#8221;, i anar a peu. Ja que aquest dia hi ha &#8220;mercat&#8221; i encara \u00e9s m\u00e9s dif\u00edcil aparcar.<\/td>\n<\/tr>\n<\/tbody>\n<\/table>\n<p><!--more--><\/p>\n<p><strong>2. Organitzaci\u00f3 de la Cloenda.<\/strong><\/p>\n<p><a href=\"https:\/\/serveiseducatius.xtec.cat\/baixllobregat6\/se-baixllobregat6\/jornada-de-cloenda-del-treball-dequip-i-en-xarxa-sobre-lautisme-entre-els-eaps-creda-i-cretdic-del-baix-llobregat-21-22-i-22-23\/attachment\/horari-cloenda\/\" rel=\"attachment wp-att-25243\"><img loading=\"lazy\" decoding=\"async\" class=\"wp-image-25243 aligncenter\" src=\"https:\/\/serveiseducatius.xtec.cat\/baixllobregat6\/wp-content\/uploads\/usu778\/2023\/05\/horari-cloenda-520x397.jpg\" alt=\"\" width=\"1003\" height=\"766\" srcset=\"https:\/\/serveiseducatius.xtec.cat\/baixllobregat6\/wp-content\/uploads\/usu778\/2023\/05\/horari-cloenda-520x397.jpg 520w, https:\/\/serveiseducatius.xtec.cat\/baixllobregat6\/wp-content\/uploads\/usu778\/2023\/05\/horari-cloenda-768x586.jpg 768w, https:\/\/serveiseducatius.xtec.cat\/baixllobregat6\/wp-content\/uploads\/usu778\/2023\/05\/horari-cloenda.jpg 918w\" sizes=\"auto, (max-width: 1003px) 100vw, 1003px\" \/><\/a><\/p>\n<p><strong>3. L&#8217;Esmorzar<\/strong><\/p>\n<p>L&#8217; esmorzar esta organitzat pels professors i alumnat del PFI Auxiliar de Pastisseria i Forneria de l&#8217;institut Gabriela Mistral i finan\u00e7at per SSTT del Baix.<a href=\"https:\/\/serveiseducatius.xtec.cat\/baixllobregat6\/se-baixllobregat6\/jornada-de-cloenda-del-treball-dequip-i-en-xarxa-sobre-lautisme-entre-els-eaps-creda-i-cretdic-del-baix-llobregat-21-22-i-22-23\/attachment\/esmorzar-pfi\/\" rel=\"attachment wp-att-25245\"><img loading=\"lazy\" decoding=\"async\" class=\"wp-image-25245 aligncenter\" src=\"https:\/\/serveiseducatius.xtec.cat\/baixllobregat6\/wp-content\/uploads\/usu778\/2023\/05\/esmorzar-pfi-520x197.png\" alt=\"\" width=\"602\" height=\"228\" srcset=\"https:\/\/serveiseducatius.xtec.cat\/baixllobregat6\/wp-content\/uploads\/usu778\/2023\/05\/esmorzar-pfi-520x197.png 520w, https:\/\/serveiseducatius.xtec.cat\/baixllobregat6\/wp-content\/uploads\/usu778\/2023\/05\/esmorzar-pfi.png 523w\" sizes=\"auto, (max-width: 602px) 100vw, 602px\" \/><\/a><\/p>\n<p>&nbsp;<\/p>\n<p>&nbsp;<\/p>\n<p>&nbsp;<\/p>\n<p>&nbsp;<\/p>\n<p>&nbsp;<\/p>\n<p>&nbsp;<\/p>\n<p>&nbsp;<\/p>\n<p>&nbsp;<\/p>\n<p>&nbsp;<\/p>\n<p>&nbsp;<\/p>\n<p>&nbsp;<\/p>\n<p>&nbsp;<\/p>\n<p>&nbsp;<\/p>\n<p>&nbsp;<\/p>\n<p>&nbsp;<\/p>\n<p>&nbsp;<\/p>\n<p>&nbsp;<\/p>\n","protected":false},"excerpt":{"rendered":"<p>El dia 18 de maig, de 9:30h a 13h, hi ha la Jornada de Cloenda del Treball d&#8217;equip i en xarxa sobre l&#8217;Autisme entre els EAPS, CREDA i CRETDIC del Baix Llobregat. Algunes informacions de car\u00e0cter organitzatiu sobre la sessi\u00f3. 1. Espai La Cloenda es realitzar\u00e0 en Can Comamala. C\/. Moss\u00e8n Jacint Verdaguer, 113 &#8211; [&hellip;]<\/p>\n","protected":false},"author":1,"featured_media":25242,"comment_status":"open","ping_status":"closed","sticky":false,"template":"","format":"standard","meta":{"_bbp_topic_count":0,"_bbp_reply_count":0,"_bbp_total_topic_count":0,"_bbp_total_reply_count":0,"_bbp_voice_count":0,"_bbp_anonymous_reply_count":0,"_bbp_topic_count_hidden":0,"_bbp_reply_count_hidden":0,"_bbp_forum_subforum_count":0,"site-sidebar-layout":"default","site-content-layout":"","ast-site-content-layout":"","site-content-style":"default","site-sidebar-style":"default","ast-global-header-display":"","ast-banner-title-visibility":"","ast-main-header-display":"","ast-hfb-above-header-display":"","ast-hfb-below-header-display":"","ast-hfb-mobile-header-display":"","site-post-title":"","ast-breadcrumbs-content":"","ast-featured-img":"","footer-sml-layout":"","theme-transparent-header-meta":"","adv-header-id-meta":"","stick-header-meta":"","header-above-stick-meta":"","header-main-stick-meta":"","header-below-stick-meta":"","astra-migrate-meta-layouts":"default","ast-page-background-enabled":"default","ast-page-background-meta":{"desktop":{"background-color":"var(--ast-global-color-4)","background-image":"","background-repeat":"repeat","background-position":"center center","background-size":"auto","background-attachment":"scroll","background-type":"","background-media":"","overlay-type":"","overlay-color":"","overlay-opacity":"","overlay-gradient":""},"tablet":{"background-color":"","background-image":"","background-repeat":"repeat","background-position":"center center","background-size":"auto","background-attachment":"scroll","background-type":"","background-media":"","overlay-type":"","overlay-color":"","overlay-opacity":"","overlay-gradient":""},"mobile":{"background-color":"","background-image":"","background-repeat":"repeat","background-position":"center center","background-size":"auto","background-attachment":"scroll","background-type":"","background-media":"","overlay-type":"","overlay-color":"","overlay-opacity":"","overlay-gradient":""}},"ast-content-background-meta":{"desktop":{"background-color":"var(--ast-global-color-5)","background-image":"","background-repeat":"repeat","background-position":"center center","background-size":"auto","background-attachment":"scroll","background-type":"","background-media":"","overlay-type":"","overlay-color":"","overlay-opacity":"","overlay-gradient":""},"tablet":{"background-color":"var(--ast-global-color-5)","background-image":"","background-repeat":"repeat","background-position":"center center","background-size":"auto","background-attachment":"scroll","background-type":"","background-media":"","overlay-type":"","overlay-color":"","overlay-opacity":"","overlay-gradient":""},"mobile":{"background-color":"var(--ast-global-color-5)","background-image":"","background-repeat":"repeat","background-position":"center center","background-size":"auto","background-attachment":"scroll","background-type":"","background-media":"","overlay-type":"","overlay-color":"","overlay-opacity":"","overlay-gradient":""}},"footnotes":""},"categories":[162,65,67,29],"tags":[2215],"class_list":["post-25241","post","type-post","status-publish","format-standard","has-post-thumbnail","hentry","category-actualitat","category-crp","category-eap","category-se-baixllobregat6","tag-reporteducacio"],"post_mailing_queue_ids":[],"_links":{"self":[{"href":"https:\/\/serveiseducatius.xtec.cat\/baixllobregat6\/wp-json\/wp\/v2\/posts\/25241","targetHints":{"allow":["GET"]}}],"collection":[{"href":"https:\/\/serveiseducatius.xtec.cat\/baixllobregat6\/wp-json\/wp\/v2\/posts"}],"about":[{"href":"https:\/\/serveiseducatius.xtec.cat\/baixllobregat6\/wp-json\/wp\/v2\/types\/post"}],"author":[{"embeddable":true,"href":"https:\/\/serveiseducatius.xtec.cat\/baixllobregat6\/wp-json\/wp\/v2\/users\/1"}],"replies":[{"embeddable":true,"href":"https:\/\/serveiseducatius.xtec.cat\/baixllobregat6\/wp-json\/wp\/v2\/comments?post=25241"}],"version-history":[{"count":3,"href":"https:\/\/serveiseducatius.xtec.cat\/baixllobregat6\/wp-json\/wp\/v2\/posts\/25241\/revisions"}],"predecessor-version":[{"id":25255,"href":"https:\/\/serveiseducatius.xtec.cat\/baixllobregat6\/wp-json\/wp\/v2\/posts\/25241\/revisions\/25255"}],"wp:featuredmedia":[{"embeddable":true,"href":"https:\/\/serveiseducatius.xtec.cat\/baixllobregat6\/wp-json\/wp\/v2\/media\/25242"}],"wp:attachment":[{"href":"https:\/\/serveiseducatius.xtec.cat\/baixllobregat6\/wp-json\/wp\/v2\/media?parent=25241"}],"wp:term":[{"taxonomy":"category","embeddable":true,"href":"https:\/\/serveiseducatius.xtec.cat\/baixllobregat6\/wp-json\/wp\/v2\/categories?post=25241"},{"taxonomy":"post_tag","embeddable":true,"href":"https:\/\/serveiseducatius.xtec.cat\/baixllobregat6\/wp-json\/wp\/v2\/tags?post=25241"}],"curies":[{"name":"wp","href":"https:\/\/api.w.org\/{rel}","templated":true}]}}