{"id":24918,"date":"2023-04-25T13:58:58","date_gmt":"2023-04-25T11:58:58","guid":{"rendered":"https:\/\/serveiseducatius.xtec.cat\/baixllobregat6\/?p=24918"},"modified":"2023-04-25T14:01:51","modified_gmt":"2023-04-25T12:01:51","slug":"joves-i-mobilitat-presentacio-dels-treballs-dels-vostres-alumnes-fins-al-30-dabril","status":"publish","type":"post","link":"https:\/\/serveiseducatius.xtec.cat\/baixllobregat6\/se-baixllobregat6\/joves-i-mobilitat-presentacio-dels-treballs-dels-vostres-alumnes-fins-al-30-dabril\/","title":{"rendered":"Joves i Mobilitat &#8211; Presentaci\u00f3 dels treballs dels vostres alumnes fins al 30 d&#8217;abril!!!"},"content":{"rendered":"<p><a href=\"https:\/\/serveiseducatius.xtec.cat\/baixllobregat6\/wp-content\/uploads\/usu778\/2023\/04\/joves-movilitat.jpg\"><img loading=\"lazy\" decoding=\"async\" class=\"size-medium wp-image-24919 aligncenter\" src=\"https:\/\/serveiseducatius.xtec.cat\/baixllobregat6\/wp-content\/uploads\/usu778\/2023\/04\/joves-movilitat-520x387.jpg\" alt=\"\" width=\"520\" height=\"387\" srcset=\"https:\/\/serveiseducatius.xtec.cat\/baixllobregat6\/wp-content\/uploads\/usu778\/2023\/04\/joves-movilitat-520x387.jpg 520w, https:\/\/serveiseducatius.xtec.cat\/baixllobregat6\/wp-content\/uploads\/usu778\/2023\/04\/joves-movilitat-200x150.jpg 200w, https:\/\/serveiseducatius.xtec.cat\/baixllobregat6\/wp-content\/uploads\/usu778\/2023\/04\/joves-movilitat.jpg 724w\" sizes=\"auto, (max-width: 520px) 100vw, 520px\" \/><\/a><\/p>\n<p style=\"text-align: center;\"><strong>CONCURS EDUCATIU\u00a0\u00a0<\/strong><strong>JOVES I MOBILITAT <\/strong><strong>#16a EDICI\u00d3<\/strong><\/p>\n<p>Aix\u00ed que encara sou a temps de presentar les propostes dels vostres alumnes sobre la tem\u00e0tica d\u2019enguany:\u00a0<strong>Les bicicletes, els joves i les noves mobilitats<\/strong><\/p>\n<p>I tamb\u00e9 sou a prop per tenir la possibilitat de gaudir d&#8217;una estada de tota una classe a Port Aventura World i de\u00a0<a href=\"https:\/\/r.nicnacmail.com\/mk\/cl\/f\/beE-MgVV7sY6m8KtzpoUOtZfEHJVQ6ggTSuXunHzK1QuXKx0DYEdG02TGejbeWm-aisVl5Oau2R432s9vhlRD6oIPgLZsi1Ts6fRoX_p0eNFNKVTRTgsjCgucA3vdexqD_Ky3JT9yLAe84uBwrJdTzp3TDxO2LsI9PO5t16FYaJW42ckFDO5P4peDaNA-3fnK3xSMoFAmqpZrQghdhhzSp1a\" target=\"_blank\" rel=\"noopener\" data-saferedirecturl=\"https:\/\/www.google.com\/url?q=https:\/\/r.nicnacmail.com\/mk\/cl\/f\/beE-MgVV7sY6m8KtzpoUOtZfEHJVQ6ggTSuXunHzK1QuXKx0DYEdG02TGejbeWm-aisVl5Oau2R432s9vhlRD6oIPgLZsi1Ts6fRoX_p0eNFNKVTRTgsjCgucA3vdexqD_Ky3JT9yLAe84uBwrJdTzp3TDxO2LsI9PO5t16FYaJW42ckFDO5P4peDaNA-3fnK3xSMoFAmqpZrQghdhhzSp1a&amp;source=gmail&amp;ust=1682507151224000&amp;usg=AOvVaw145NYBV9m07a7DDZFSiks6\"><u>molts m\u00e9s regals<\/u><\/a>\u00a0per als vostres alumnes.<\/p>\n<p>I sobretot, de conscienciar als joves sobre els beneficis associats a l\u2019\u00fas de la bicicleta, \u00a0no nom\u00e9s ja en termes de mobilitat, sin\u00f3 tamb\u00e9 en termes de salut, equitat, agilitat, economia, etc.<\/p>\n<p>S<strong>i hi sou a temps, per qu\u00e8 no participar-hi?<\/strong><\/p>\n<p>El\u00a0<strong>RACC<\/strong>\u00a0i el\u00a0<strong>Servei Catal\u00e0 de Tr\u00e0nsit<\/strong>\u00a0conviden els educadors a promoure actituds i valors de mobilitat segura, sostenible i responsable entre els joves de Catalunya.<\/p>\n<p style=\"text-align: center;\"><a href=\"https:\/\/r.nicnacmail.com\/mk\/cl\/f\/xZNtj4ZCvAs82W3fziXO3zDIPJkLiqubNc8XGIC8DIz3IxmTEKpfvm_PxiZ63iMTrBtTNPe3v4kgDnaU6QGM9V56mLLFzENgQquYe5WXSFVRp1f3OweDl3rmLlPLzeWgt3quAYmHrMl548L7aBcNKN1i3bBbW3hX4DlYjNr7W6oo4-JDIzrGMJ1kALse77QEeRrJmgp7h6LjmtTpIU-gHSRvgI6K\" target=\"_blank\" rel=\"noopener\">Entrega de Treballs<\/a>\u00a0 \u00a0 \u00a0 \u00a0 \u00a0 \u00a0 \u00a0 \u00a0 \u00a0 \u00a0 \u00a0 \u00a0 \u00a0 \u00a0 \u00a0 \u00a0 \u00a0 \u00a0 \u00a0 \u00a0 \u00a0 \u00a0 \u00a0 <a href=\"https:\/\/r.nicnacmail.com\/mk\/cl\/f\/W6cyefEalA_huQ656ZRAXfycXBTKlVUS-1rwxbxVXe0QpeHNYyH34d0B2CilrHh_r1I2Q8NsTijEPGccVdgtvSUhtHXlgPgzQyqgaawQ0aTbCby8YpISLr6xNVgT5AZomVUHBTPk1ibIm_YbzjVBMEsTFlbsVKhFiWAxL0btIKKfHzm8QO4JWKfJFnaJDrEam4bKdrPrzTVk4Jiu4lluynticSfap_QwtBPtA3KmGpKkzAAWVyg\">M\u00e9s informaci\u00f3<\/a><\/p>\n<p>&nbsp;<\/p>\n","protected":false},"excerpt":{"rendered":"<p>CONCURS EDUCATIU\u00a0\u00a0JOVES I MOBILITAT #16a EDICI\u00d3 Aix\u00ed que encara sou a temps de presentar les propostes dels vostres alumnes sobre la tem\u00e0tica d\u2019enguany:\u00a0Les bicicletes, els joves i les noves mobilitats I tamb\u00e9 sou a prop per tenir la possibilitat de gaudir d&#8217;una estada de tota una classe a Port Aventura World i de\u00a0molts m\u00e9s regals\u00a0per [&hellip;]<\/p>\n","protected":false},"author":1,"featured_media":24919,"comment_status":"open","ping_status":"closed","sticky":false,"template":"","format":"standard","meta":{"_bbp_topic_count":0,"_bbp_reply_count":0,"_bbp_total_topic_count":0,"_bbp_total_reply_count":0,"_bbp_voice_count":0,"_bbp_anonymous_reply_count":0,"_bbp_topic_count_hidden":0,"_bbp_reply_count_hidden":0,"_bbp_forum_subforum_count":0,"site-sidebar-layout":"default","site-content-layout":"","ast-site-content-layout":"","site-content-style":"default","site-sidebar-style":"default","ast-global-header-display":"","ast-banner-title-visibility":"","ast-main-header-display":"","ast-hfb-above-header-display":"","ast-hfb-below-header-display":"","ast-hfb-mobile-header-display":"","site-post-title":"","ast-breadcrumbs-content":"","ast-featured-img":"","footer-sml-layout":"","theme-transparent-header-meta":"","adv-header-id-meta":"","stick-header-meta":"","header-above-stick-meta":"","header-main-stick-meta":"","header-below-stick-meta":"","astra-migrate-meta-layouts":"default","ast-page-background-enabled":"default","ast-page-background-meta":{"desktop":{"background-color":"var(--ast-global-color-4)","background-image":"","background-repeat":"repeat","background-position":"center center","background-size":"auto","background-attachment":"scroll","background-type":"","background-media":"","overlay-type":"","overlay-color":"","overlay-opacity":"","overlay-gradient":""},"tablet":{"background-color":"","background-image":"","background-repeat":"repeat","background-position":"center center","background-size":"auto","background-attachment":"scroll","background-type":"","background-media":"","overlay-type":"","overlay-color":"","overlay-opacity":"","overlay-gradient":""},"mobile":{"background-color":"","background-image":"","background-repeat":"repeat","background-position":"center center","background-size":"auto","background-attachment":"scroll","background-type":"","background-media":"","overlay-type":"","overlay-color":"","overlay-opacity":"","overlay-gradient":""}},"ast-content-background-meta":{"desktop":{"background-color":"var(--ast-global-color-5)","background-image":"","background-repeat":"repeat","background-position":"center center","background-size":"auto","background-attachment":"scroll","background-type":"","background-media":"","overlay-type":"","overlay-color":"","overlay-opacity":"","overlay-gradient":""},"tablet":{"background-color":"var(--ast-global-color-5)","background-image":"","background-repeat":"repeat","background-position":"center center","background-size":"auto","background-attachment":"scroll","background-type":"","background-media":"","overlay-type":"","overlay-color":"","overlay-opacity":"","overlay-gradient":""},"mobile":{"background-color":"var(--ast-global-color-5)","background-image":"","background-repeat":"repeat","background-position":"center center","background-size":"auto","background-attachment":"scroll","background-type":"","background-media":"","overlay-type":"","overlay-color":"","overlay-opacity":"","overlay-gradient":""}},"footnotes":""},"categories":[29],"tags":[2215],"class_list":["post-24918","post","type-post","status-publish","format-standard","has-post-thumbnail","hentry","category-se-baixllobregat6","tag-reporteducacio"],"post_mailing_queue_ids":[],"_links":{"self":[{"href":"https:\/\/serveiseducatius.xtec.cat\/baixllobregat6\/wp-json\/wp\/v2\/posts\/24918","targetHints":{"allow":["GET"]}}],"collection":[{"href":"https:\/\/serveiseducatius.xtec.cat\/baixllobregat6\/wp-json\/wp\/v2\/posts"}],"about":[{"href":"https:\/\/serveiseducatius.xtec.cat\/baixllobregat6\/wp-json\/wp\/v2\/types\/post"}],"author":[{"embeddable":true,"href":"https:\/\/serveiseducatius.xtec.cat\/baixllobregat6\/wp-json\/wp\/v2\/users\/1"}],"replies":[{"embeddable":true,"href":"https:\/\/serveiseducatius.xtec.cat\/baixllobregat6\/wp-json\/wp\/v2\/comments?post=24918"}],"version-history":[{"count":3,"href":"https:\/\/serveiseducatius.xtec.cat\/baixllobregat6\/wp-json\/wp\/v2\/posts\/24918\/revisions"}],"predecessor-version":[{"id":24923,"href":"https:\/\/serveiseducatius.xtec.cat\/baixllobregat6\/wp-json\/wp\/v2\/posts\/24918\/revisions\/24923"}],"wp:featuredmedia":[{"embeddable":true,"href":"https:\/\/serveiseducatius.xtec.cat\/baixllobregat6\/wp-json\/wp\/v2\/media\/24919"}],"wp:attachment":[{"href":"https:\/\/serveiseducatius.xtec.cat\/baixllobregat6\/wp-json\/wp\/v2\/media?parent=24918"}],"wp:term":[{"taxonomy":"category","embeddable":true,"href":"https:\/\/serveiseducatius.xtec.cat\/baixllobregat6\/wp-json\/wp\/v2\/categories?post=24918"},{"taxonomy":"post_tag","embeddable":true,"href":"https:\/\/serveiseducatius.xtec.cat\/baixllobregat6\/wp-json\/wp\/v2\/tags?post=24918"}],"curies":[{"name":"wp","href":"https:\/\/api.w.org\/{rel}","templated":true}]}}