{"id":24917,"date":"2023-04-26T09:15:54","date_gmt":"2023-04-26T07:15:54","guid":{"rendered":"https:\/\/serveiseducatius.xtec.cat\/baixllobregat6\/?p=24917"},"modified":"2023-04-26T12:01:35","modified_gmt":"2023-04-26T10:01:35","slug":"ronda-de-llibres-22-23-encetem-la-primera-fase-eliminatoria-escola-lolivera-i-escola-santa-maria-de-cervello","status":"publish","type":"post","link":"https:\/\/serveiseducatius.xtec.cat\/baixllobregat6\/politicaeducativa\/ronda-de-llibres-22-23-encetem-la-primera-fase-eliminatoria-escola-lolivera-i-escola-santa-maria-de-cervello\/","title":{"rendered":"Ronda de llibres 22-23: Encetem la primera fase eliminat\u00f2ria (Escola L&#8217;Olivera i Escola Santa Maria de Cervell\u00f3)"},"content":{"rendered":"<p><a href=\"https:\/\/serveiseducatius.xtec.cat\/baixllobregat6\/wp-content\/uploads\/usu778\/2023\/04\/9919bd83-8a4e-4677-a104-7e93170ef82e.jpg\"><img loading=\"lazy\" decoding=\"async\" class=\"aligncenter size-medium wp-image-24957\" src=\"https:\/\/serveiseducatius.xtec.cat\/baixllobregat6\/wp-content\/uploads\/usu778\/2023\/04\/9919bd83-8a4e-4677-a104-7e93170ef82e-520x424.jpg\" alt=\"\" width=\"500\" height=\"350\" \/><\/a><\/p>\n<p>Ahir vam encetar la primera fase eliminat\u00f2ria de la Ronda de llibres 2022-2023. Es van realitzar dues sessions eliminat\u00f2ries entre quatre grups de 4t de prim\u00e0ria de les escoles L&#8217;Olivera de Vallirana i Santa Maria de Cervell\u00f3.<\/p>\n<p>Les escoles s&#8217;havien preparat molt b\u00e9 i la participaci\u00f3 va ser molt alta. Es notava el treball realitzat per l&#8217;alumnat i, com sempre, la sort tamb\u00e9 hi va jugar el seu paper en les preguntes que anaven sortint.<!--more--><\/p>\n<p>Van passar a la seg\u00fcent eliminat\u00f2ria els dos grups de l\u2019Escola Santa Maria de Cervell\u00f3. Felicitem l\u2019Escola Santa Maria de Cervell\u00f3 per la seva participaci\u00f3 i treball en equip.<\/p>\n<p>Us deixem amb unes fotos dels grups participants. Avui m\u00e9s!<\/p>\n<figure id=\"attachment_24931\" aria-describedby=\"caption-attachment-24931\" style=\"width: 520px\" class=\"wp-caption alignleft\"><a href=\"https:\/\/serveiseducatius.xtec.cat\/baixllobregat6\/wp-content\/uploads\/usu778\/2023\/04\/d6538fd2-b62f-44fa-800e-b9197f8f05bc.jpg\"><img loading=\"lazy\" decoding=\"async\" class=\"wp-image-24931 size-medium\" src=\"https:\/\/serveiseducatius.xtec.cat\/baixllobregat6\/wp-content\/uploads\/usu778\/2023\/04\/d6538fd2-b62f-44fa-800e-b9197f8f05bc-520x234.jpg\" alt=\"\" width=\"520\" height=\"390\" \/><\/a><figcaption id=\"caption-attachment-24931\" class=\"wp-caption-text\">4t A Escola L&#8217;Olivera<\/figcaption><\/figure>\n<figure id=\"attachment_24945\" aria-describedby=\"caption-attachment-24945\" style=\"width: 520px\" class=\"wp-caption alignleft\"><a href=\"https:\/\/serveiseducatius.xtec.cat\/baixllobregat6\/wp-content\/uploads\/usu778\/2023\/04\/b945520a-fb12-45ad-be83-9aedd5557f34-1.jpg\"><img loading=\"lazy\" decoding=\"async\" class=\"wp-image-24945 size-large\" src=\"https:\/\/serveiseducatius.xtec.cat\/baixllobregat6\/wp-content\/uploads\/usu778\/2023\/04\/b945520a-fb12-45ad-be83-9aedd5557f34-1-1024x522.jpg\" alt=\"\" width=\"520\" height=\"390\" \/><\/a><figcaption id=\"caption-attachment-24945\" class=\"wp-caption-text\">4t B Escola Santa Maria de Cervell\u00f3<\/figcaption><\/figure>\n<figure id=\"attachment_24928\" aria-describedby=\"caption-attachment-24928\" style=\"width: 520px\" class=\"wp-caption alignleft\"><a href=\"https:\/\/serveiseducatius.xtec.cat\/baixllobregat6\/wp-content\/uploads\/usu778\/2023\/04\/91704abe-c055-401d-b801-9e7e50fb6ca8.jpg\"><img loading=\"lazy\" decoding=\"async\" class=\"wp-image-24928 size-medium\" src=\"https:\/\/serveiseducatius.xtec.cat\/baixllobregat6\/wp-content\/uploads\/usu778\/2023\/04\/91704abe-c055-401d-b801-9e7e50fb6ca8-520x390.jpg\" alt=\"\" width=\"520\" height=\"390\" srcset=\"https:\/\/serveiseducatius.xtec.cat\/baixllobregat6\/wp-content\/uploads\/usu778\/2023\/04\/91704abe-c055-401d-b801-9e7e50fb6ca8-520x390.jpg 520w, https:\/\/serveiseducatius.xtec.cat\/baixllobregat6\/wp-content\/uploads\/usu778\/2023\/04\/91704abe-c055-401d-b801-9e7e50fb6ca8-1024x768.jpg 1024w, https:\/\/serveiseducatius.xtec.cat\/baixllobregat6\/wp-content\/uploads\/usu778\/2023\/04\/91704abe-c055-401d-b801-9e7e50fb6ca8-768x576.jpg 768w, https:\/\/serveiseducatius.xtec.cat\/baixllobregat6\/wp-content\/uploads\/usu778\/2023\/04\/91704abe-c055-401d-b801-9e7e50fb6ca8-1536x1152.jpg 1536w, https:\/\/serveiseducatius.xtec.cat\/baixllobregat6\/wp-content\/uploads\/usu778\/2023\/04\/91704abe-c055-401d-b801-9e7e50fb6ca8-200x150.jpg 200w, https:\/\/serveiseducatius.xtec.cat\/baixllobregat6\/wp-content\/uploads\/usu778\/2023\/04\/91704abe-c055-401d-b801-9e7e50fb6ca8.jpg 2000w\" sizes=\"auto, (max-width: 520px) 100vw, 520px\" \/><\/a><figcaption id=\"caption-attachment-24928\" class=\"wp-caption-text\">4t B Escola L&#8217;Olivera<\/figcaption><\/figure>\n<p>&nbsp;<\/p>\n<p>&nbsp;<\/p>\n<figure id=\"attachment_24925\" aria-describedby=\"caption-attachment-24925\" style=\"width: 520px\" class=\"wp-caption alignleft\"><img loading=\"lazy\" decoding=\"async\" class=\"wp-image-24925 size-medium\" src=\"https:\/\/serveiseducatius.xtec.cat\/baixllobregat6\/wp-content\/uploads\/usu778\/2023\/04\/2600d82f-ff65-4342-b554-1be56afdbc0f-520x390.jpg\" alt=\"\" width=\"520\" height=\"390\" srcset=\"https:\/\/serveiseducatius.xtec.cat\/baixllobregat6\/wp-content\/uploads\/usu778\/2023\/04\/2600d82f-ff65-4342-b554-1be56afdbc0f-520x390.jpg 520w, https:\/\/serveiseducatius.xtec.cat\/baixllobregat6\/wp-content\/uploads\/usu778\/2023\/04\/2600d82f-ff65-4342-b554-1be56afdbc0f-1024x768.jpg 1024w, https:\/\/serveiseducatius.xtec.cat\/baixllobregat6\/wp-content\/uploads\/usu778\/2023\/04\/2600d82f-ff65-4342-b554-1be56afdbc0f-768x576.jpg 768w, https:\/\/serveiseducatius.xtec.cat\/baixllobregat6\/wp-content\/uploads\/usu778\/2023\/04\/2600d82f-ff65-4342-b554-1be56afdbc0f-1536x1152.jpg 1536w, https:\/\/serveiseducatius.xtec.cat\/baixllobregat6\/wp-content\/uploads\/usu778\/2023\/04\/2600d82f-ff65-4342-b554-1be56afdbc0f-200x150.jpg 200w, https:\/\/serveiseducatius.xtec.cat\/baixllobregat6\/wp-content\/uploads\/usu778\/2023\/04\/2600d82f-ff65-4342-b554-1be56afdbc0f.jpg 1600w\" sizes=\"auto, (max-width: 520px) 100vw, 520px\" \/><figcaption id=\"caption-attachment-24925\" class=\"wp-caption-text\">4t A Escola Santa Maria de Cervell\u00f3<\/figcaption><\/figure>\n<p>&nbsp;<\/p>\n<p>&nbsp;<\/p>\n<p>&nbsp;<\/p>\n<p>&nbsp;<\/p>\n<p>&nbsp;<\/p>\n<p>&nbsp;<\/p>\n<p>&nbsp;<\/p>\n<p>&nbsp;<\/p>\n<p>&nbsp;<\/p>\n<p>&nbsp;<\/p>\n<p>&nbsp;<\/p>\n<p>&nbsp;<\/p>\n","protected":false},"excerpt":{"rendered":"<p>Ahir vam encetar la primera fase eliminat\u00f2ria de la Ronda de llibres 2022-2023. Es van realitzar dues sessions eliminat\u00f2ries entre quatre grups de 4t de prim\u00e0ria de les escoles L&#8217;Olivera de Vallirana i Santa Maria de Cervell\u00f3. Les escoles s&#8217;havien preparat molt b\u00e9 i la participaci\u00f3 va ser molt alta. Es notava el treball realitzat [&hellip;]<\/p>\n","protected":false},"author":1,"featured_media":0,"comment_status":"open","ping_status":"closed","sticky":false,"template":"","format":"standard","meta":{"_bbp_topic_count":0,"_bbp_reply_count":0,"_bbp_total_topic_count":0,"_bbp_total_reply_count":0,"_bbp_voice_count":0,"_bbp_anonymous_reply_count":0,"_bbp_topic_count_hidden":0,"_bbp_reply_count_hidden":0,"_bbp_forum_subforum_count":0,"site-sidebar-layout":"default","site-content-layout":"","ast-site-content-layout":"","site-content-style":"default","site-sidebar-style":"default","ast-global-header-display":"","ast-banner-title-visibility":"","ast-main-header-display":"","ast-hfb-above-header-display":"","ast-hfb-below-header-display":"","ast-hfb-mobile-header-display":"","site-post-title":"","ast-breadcrumbs-content":"","ast-featured-img":"","footer-sml-layout":"","theme-transparent-header-meta":"","adv-header-id-meta":"","stick-header-meta":"","header-above-stick-meta":"","header-main-stick-meta":"","header-below-stick-meta":"","astra-migrate-meta-layouts":"default","ast-page-background-enabled":"default","ast-page-background-meta":{"desktop":{"background-color":"var(--ast-global-color-4)","background-image":"","background-repeat":"repeat","background-position":"center center","background-size":"auto","background-attachment":"scroll","background-type":"","background-media":"","overlay-type":"","overlay-color":"","overlay-opacity":"","overlay-gradient":""},"tablet":{"background-color":"","background-image":"","background-repeat":"repeat","background-position":"center center","background-size":"auto","background-attachment":"scroll","background-type":"","background-media":"","overlay-type":"","overlay-color":"","overlay-opacity":"","overlay-gradient":""},"mobile":{"background-color":"","background-image":"","background-repeat":"repeat","background-position":"center center","background-size":"auto","background-attachment":"scroll","background-type":"","background-media":"","overlay-type":"","overlay-color":"","overlay-opacity":"","overlay-gradient":""}},"ast-content-background-meta":{"desktop":{"background-color":"var(--ast-global-color-5)","background-image":"","background-repeat":"repeat","background-position":"center center","background-size":"auto","background-attachment":"scroll","background-type":"","background-media":"","overlay-type":"","overlay-color":"","overlay-opacity":"","overlay-gradient":""},"tablet":{"background-color":"var(--ast-global-color-5)","background-image":"","background-repeat":"repeat","background-position":"center center","background-size":"auto","background-attachment":"scroll","background-type":"","background-media":"","overlay-type":"","overlay-color":"","overlay-opacity":"","overlay-gradient":""},"mobile":{"background-color":"var(--ast-global-color-5)","background-image":"","background-repeat":"repeat","background-position":"center center","background-size":"auto","background-attachment":"scroll","background-type":"","background-media":"","overlay-type":"","overlay-color":"","overlay-opacity":"","overlay-gradient":""}},"footnotes":""},"categories":[176,1,29,1041],"tags":[403,404,446,897],"class_list":["post-24917","post","type-post","status-publish","format-standard","hentry","category-dinamica-educativa-sant-vicenc-dels-horts","category-politicaeducativa","category-se-baixllobregat6","category-ronda-de-llibres","tag-dinamica-educativa","tag-dinamitzacio-lectora","tag-educacio-primaria","tag-ronda-de-llibres"],"post_mailing_queue_ids":[],"_links":{"self":[{"href":"https:\/\/serveiseducatius.xtec.cat\/baixllobregat6\/wp-json\/wp\/v2\/posts\/24917","targetHints":{"allow":["GET"]}}],"collection":[{"href":"https:\/\/serveiseducatius.xtec.cat\/baixllobregat6\/wp-json\/wp\/v2\/posts"}],"about":[{"href":"https:\/\/serveiseducatius.xtec.cat\/baixllobregat6\/wp-json\/wp\/v2\/types\/post"}],"author":[{"embeddable":true,"href":"https:\/\/serveiseducatius.xtec.cat\/baixllobregat6\/wp-json\/wp\/v2\/users\/1"}],"replies":[{"embeddable":true,"href":"https:\/\/serveiseducatius.xtec.cat\/baixllobregat6\/wp-json\/wp\/v2\/comments?post=24917"}],"version-history":[{"count":3,"href":"https:\/\/serveiseducatius.xtec.cat\/baixllobregat6\/wp-json\/wp\/v2\/posts\/24917\/revisions"}],"predecessor-version":[{"id":24960,"href":"https:\/\/serveiseducatius.xtec.cat\/baixllobregat6\/wp-json\/wp\/v2\/posts\/24917\/revisions\/24960"}],"wp:attachment":[{"href":"https:\/\/serveiseducatius.xtec.cat\/baixllobregat6\/wp-json\/wp\/v2\/media?parent=24917"}],"wp:term":[{"taxonomy":"category","embeddable":true,"href":"https:\/\/serveiseducatius.xtec.cat\/baixllobregat6\/wp-json\/wp\/v2\/categories?post=24917"},{"taxonomy":"post_tag","embeddable":true,"href":"https:\/\/serveiseducatius.xtec.cat\/baixllobregat6\/wp-json\/wp\/v2\/tags?post=24917"}],"curies":[{"name":"wp","href":"https:\/\/api.w.org\/{rel}","templated":true}]}}