{"id":24862,"date":"2023-04-27T13:46:30","date_gmt":"2023-04-27T11:46:30","guid":{"rendered":"https:\/\/serveiseducatius.xtec.cat\/baixllobregat6\/?p=24862"},"modified":"2023-04-27T13:47:54","modified_gmt":"2023-04-27T11:47:54","slug":"documentals-gratuits-a-laula-sala-virtual-docsteens-docsbarcelona-2023","status":"publish","type":"post","link":"https:\/\/serveiseducatius.xtec.cat\/baixllobregat6\/se-baixllobregat6\/documentals-gratuits-a-laula-sala-virtual-docsteens-docsbarcelona-2023\/","title":{"rendered":"DOCUMENTALS GRATU\u00cfTS A L&#8217;AULA &#8211; SALA VIRTUAL DOCS&#038;TEENS &#8211; DOCSBARCELONA 2023"},"content":{"rendered":"<p><a href=\"https:\/\/serveiseducatius.xtec.cat\/baixllobregat6\/wp-content\/uploads\/usu778\/2023\/04\/Curts.png\"><img loading=\"lazy\" decoding=\"async\" class=\"alignleft wp-image-24865\" src=\"https:\/\/serveiseducatius.xtec.cat\/baixllobregat6\/wp-content\/uploads\/usu778\/2023\/04\/Curts.png\" alt=\"\" width=\"482\" height=\"156\" \/><\/a>Des del Festival DocsBarcelona us animen a poder organitzar sessions de cinema a l\u00b4aula.<\/p>\n<p style=\"font-weight: 400;\">Faciliten a trav\u00e9s de la SALA VIRTUAL de la seva plataforma gratu\u00efta,<span style=\"font-family: inherit; font-size: 1em;\">\u00a0les pel\u00b7l\u00edcules de la secci\u00f3 <\/span><strong style=\"font-family: inherit; font-size: 1em;\">DOCS&amp;TEENS del festival, la secci\u00f3 per a alumnes d\u2019ESO i Batxillerat. <\/strong>Docs&amp;Teens presenta una programaci\u00f3 destinada a intensificar el debat sobre temes actuals i socials. Totes les projeccions presencials van acompanyades d&#8217;un col\u00b7loqui\/dinamitzaci\u00f3 entre l\u2019alumnat i els equips art\u00edstics o protagonistes de les pel\u00b7l\u00edcules i\/o persones expertes sobre el tema tractat.<\/p>\n<p style=\"font-weight: 400;\"><u>COM FUNCIONAR\u00c0?<\/u><\/p>\n<p style=\"font-weight: 400;\">Del 18 al 28 de maig, la SALA VIRTUAL Docs&amp;Teens estar\u00e0 habilitada per poder veure a les aules, gratu\u00eftament i en streaming, tota la programaci\u00f3 de la secci\u00f3<\/p>\n<p style=\"font-weight: 400;\">Cada escola, institut o centre educatiu interessat en acollir projeccions del Docs&amp;teens a l\u2019aula, haur\u00e0 d\u2019omplir el\u00a0<a href=\"https:\/\/docs.google.com\/forms\/d\/e\/1FAIpQLScielLC0W92j63YlUfNIleVV_G-FMIeTRvO9ZLIXgGDDwNzpQ\/viewform\" data-saferedirecturl=\"https:\/\/www.google.com\/url?q=https:\/\/docs.google.com\/forms\/d\/e\/1FAIpQLScielLC0W92j63YlUfNIleVV_G-FMIeTRvO9ZLIXgGDDwNzpQ\/viewform&amp;source=gmail&amp;ust=1682059100581000&amp;usg=AOvVaw3zSB6NzcOWB7PN8HBUem_t\">Formulari d\u2019inscripci\u00f3<\/a> per tal d\u2019obtenir un login i accedir a la SALA VIRTUAL<\/p>\n<p style=\"font-weight: 400;\"><u>QUINES PEL\u00b7L\u00cdCULES CONFORMEN LA PROGRAMACI\u00d3 DE LA SECCI\u00d3 DOCS&amp;TEENS 2023? <a href=\"https:\/\/serveiseducatius.xtec.cat\/baixllobregat6\/wp-content\/uploads\/usu778\/2023\/04\/Pelis.png\"><img loading=\"lazy\" decoding=\"async\" class=\" wp-image-24868 alignright\" src=\"https:\/\/serveiseducatius.xtec.cat\/baixllobregat6\/wp-content\/uploads\/usu778\/2023\/04\/Pelis.png\" alt=\"\" width=\"133\" height=\"110\" \/><\/a><\/u><!--more--><\/p>\n<ul style=\"font-weight: 400;\">\n<li><strong><em>BAILAR LA LOCURA, 73\u2019 \u2013\u00a0<\/em><\/strong><em>\u00a0Una mirada cap a la diversitat en la salut mental i la inclusi\u00f3 de la neurodiverg\u00e8ncia que q\u00fcestiona qu\u00e8 s\u2019ent\u00e9n per \u201cser normal\u201d<strong>\u00a0<\/strong><u>\u00a0<\/u><\/em><a href=\"https:\/\/www.youtube.com\/watch?v=WY2Ud_vbMeI&amp;ab_channel=FilmAffinity\" data-saferedirecturl=\"https:\/\/www.google.com\/url?q=https:\/\/www.youtube.com\/watch?v%3DWY2Ud_vbMeI%26ab_channel%3DFilmAffinity&amp;source=gmail&amp;ust=1682059100581000&amp;usg=AOvVaw2Msdfo02GKhPeTFHlywiz7\">TR\u00c0ILER<\/a><strong><em>\u00a0<\/em><\/strong><\/li>\n<li><strong><em>ALIS, 85\u2019 \u2013\u00a0<\/em><\/strong><em>Un retrat personal, gener\u00f3s i honest d\u2019un grup de joves que lluiten per trencar el cicle de viol\u00e8ncia que han patit i abra\u00e7ar un futur millor.<\/em>\u00a0<a href=\"https:\/\/www.youtube.com\/watch?v=Cjem0c-r6nE&amp;ab_channel=Doc%3Aco-Elrugidodelcinelationamericano\" data-saferedirecturl=\"https:\/\/www.google.com\/url?q=https:\/\/www.youtube.com\/watch?v%3DCjem0c-r6nE%26ab_channel%3DDoc%253Aco-Elrugidodelcinelationamericano&amp;source=gmail&amp;ust=1682059100581000&amp;usg=AOvVaw3ROK4rsbYxR7eSiufXtKWZ\">TR\u00c0ILER<\/a><\/li>\n<li><strong><em>REBELLION, 82\u2019 \u2013\u00a0<\/em><\/strong><em>Un intens thriller inspirador, dram\u00e0tic i trepidant sobre els origens del col\u00b7lectiu Extinction Rebellion, un grup d\u2019acci\u00f3 directa contra el canvi clim\u00e0tic.<strong>\u00a0<\/strong><\/em>\u00a0<a href=\"https:\/\/www.youtube.com\/watch?v=XEju42kWlB8&amp;ab_channel=DocsBarcelona\" data-saferedirecturl=\"https:\/\/www.google.com\/url?q=https:\/\/www.youtube.com\/watch?v%3DXEju42kWlB8%26ab_channel%3DDocsBarcelona&amp;source=gmail&amp;ust=1682059100581000&amp;usg=AOvVaw0kX2TtYjNiwr7CMrsGRbUV\">TR\u00c0ILER<\/a><\/li>\n<li><strong><em>WHEN I GROW UP 15\u2019 (Curtmetratge) \u2013\u00a0\u00a0<\/em><\/strong><em>Els desafiaments que afronten un grup d\u2019adolescents ucra\u00efnesos per poder seguir estudiant en un pa\u00eds en guerra i sense renunciar als seus somnis.<\/em>\u00a0<a href=\"https:\/\/vimeo.com\/806264989\/d0e6817846\" data-saferedirecturl=\"https:\/\/www.google.com\/url?q=https:\/\/vimeo.com\/806264989\/d0e6817846&amp;source=gmail&amp;ust=1682059100581000&amp;usg=AOvVaw2mnZ4l1KoexbgTCbKPKgau\">TR\u00c0ILER<\/a><strong><em>\u00a0<\/em><\/strong><\/li>\n<\/ul>\n<p style=\"font-weight: 400;\">Us adjuntem un <a href=\"https:\/\/drive.google.com\/file\/d\/1_wGRb786JBCb1DVlmkZ9UIqyCDg-aGEd\/view?usp=share_link\" target=\"_blank\" rel=\"noopener\">dossier informatiu<\/a>, on trobareu tota aquesta i altra informaci\u00f3 complement\u00e0ria de la secci\u00f3 Docs&amp;Teens i de la seva programaci\u00f3 d\u2019enguany!<\/p>\n<p>Contacte: <b><span lang=\"EN-GB\"><a href=\"https:\/\/docsbarcelona.com\/\" target=\"_blank\" rel=\"noopener noreferrer\" data-saferedirecturl=\"https:\/\/www.google.com\/url?q=https:\/\/docsbarcelona.com\/&amp;source=gmail&amp;ust=1682059100581000&amp;usg=AOvVaw13s1KTlZvESsI1kQIUHW4m\"><span lang=\"ES\">docsbarcelona.com<\/span><\/a><\/span><\/b><\/p>\n","protected":false},"excerpt":{"rendered":"<p>Des del Festival DocsBarcelona us animen a poder organitzar sessions de cinema a l\u00b4aula. Faciliten a trav\u00e9s de la SALA VIRTUAL de la seva plataforma gratu\u00efta,\u00a0les pel\u00b7l\u00edcules de la secci\u00f3 DOCS&amp;TEENS del festival, la secci\u00f3 per a alumnes d\u2019ESO i Batxillerat. Docs&amp;Teens presenta una programaci\u00f3 destinada a intensificar el debat sobre temes actuals i socials. [&hellip;]<\/p>\n","protected":false},"author":1,"featured_media":24865,"comment_status":"open","ping_status":"closed","sticky":false,"template":"","format":"standard","meta":{"_bbp_topic_count":0,"_bbp_reply_count":0,"_bbp_total_topic_count":0,"_bbp_total_reply_count":0,"_bbp_voice_count":0,"_bbp_anonymous_reply_count":0,"_bbp_topic_count_hidden":0,"_bbp_reply_count_hidden":0,"_bbp_forum_subforum_count":0,"site-sidebar-layout":"default","site-content-layout":"","ast-site-content-layout":"","site-content-style":"default","site-sidebar-style":"default","ast-global-header-display":"","ast-banner-title-visibility":"","ast-main-header-display":"","ast-hfb-above-header-display":"","ast-hfb-below-header-display":"","ast-hfb-mobile-header-display":"","site-post-title":"","ast-breadcrumbs-content":"","ast-featured-img":"","footer-sml-layout":"","theme-transparent-header-meta":"","adv-header-id-meta":"","stick-header-meta":"","header-above-stick-meta":"","header-main-stick-meta":"","header-below-stick-meta":"","astra-migrate-meta-layouts":"default","ast-page-background-enabled":"default","ast-page-background-meta":{"desktop":{"background-color":"var(--ast-global-color-4)","background-image":"","background-repeat":"repeat","background-position":"center center","background-size":"auto","background-attachment":"scroll","background-type":"","background-media":"","overlay-type":"","overlay-color":"","overlay-opacity":"","overlay-gradient":""},"tablet":{"background-color":"","background-image":"","background-repeat":"repeat","background-position":"center center","background-size":"auto","background-attachment":"scroll","background-type":"","background-media":"","overlay-type":"","overlay-color":"","overlay-opacity":"","overlay-gradient":""},"mobile":{"background-color":"","background-image":"","background-repeat":"repeat","background-position":"center center","background-size":"auto","background-attachment":"scroll","background-type":"","background-media":"","overlay-type":"","overlay-color":"","overlay-opacity":"","overlay-gradient":""}},"ast-content-background-meta":{"desktop":{"background-color":"var(--ast-global-color-5)","background-image":"","background-repeat":"repeat","background-position":"center center","background-size":"auto","background-attachment":"scroll","background-type":"","background-media":"","overlay-type":"","overlay-color":"","overlay-opacity":"","overlay-gradient":""},"tablet":{"background-color":"var(--ast-global-color-5)","background-image":"","background-repeat":"repeat","background-position":"center center","background-size":"auto","background-attachment":"scroll","background-type":"","background-media":"","overlay-type":"","overlay-color":"","overlay-opacity":"","overlay-gradient":""},"mobile":{"background-color":"var(--ast-global-color-5)","background-image":"","background-repeat":"repeat","background-position":"center center","background-size":"auto","background-attachment":"scroll","background-type":"","background-media":"","overlay-type":"","overlay-color":"","overlay-opacity":"","overlay-gradient":""}},"footnotes":""},"categories":[162,29],"tags":[317,332,2398,2215],"class_list":["post-24862","post","type-post","status-publish","format-standard","has-post-thumbnail","hentry","category-actualitat","category-se-baixllobregat6","tag-cinema","tag-competencia-digital","tag-educacio-secundairia","tag-reporteducacio"],"post_mailing_queue_ids":[],"_links":{"self":[{"href":"https:\/\/serveiseducatius.xtec.cat\/baixllobregat6\/wp-json\/wp\/v2\/posts\/24862","targetHints":{"allow":["GET"]}}],"collection":[{"href":"https:\/\/serveiseducatius.xtec.cat\/baixllobregat6\/wp-json\/wp\/v2\/posts"}],"about":[{"href":"https:\/\/serveiseducatius.xtec.cat\/baixllobregat6\/wp-json\/wp\/v2\/types\/post"}],"author":[{"embeddable":true,"href":"https:\/\/serveiseducatius.xtec.cat\/baixllobregat6\/wp-json\/wp\/v2\/users\/1"}],"replies":[{"embeddable":true,"href":"https:\/\/serveiseducatius.xtec.cat\/baixllobregat6\/wp-json\/wp\/v2\/comments?post=24862"}],"version-history":[{"count":3,"href":"https:\/\/serveiseducatius.xtec.cat\/baixllobregat6\/wp-json\/wp\/v2\/posts\/24862\/revisions"}],"predecessor-version":[{"id":24964,"href":"https:\/\/serveiseducatius.xtec.cat\/baixllobregat6\/wp-json\/wp\/v2\/posts\/24862\/revisions\/24964"}],"wp:featuredmedia":[{"embeddable":true,"href":"https:\/\/serveiseducatius.xtec.cat\/baixllobregat6\/wp-json\/wp\/v2\/media\/24865"}],"wp:attachment":[{"href":"https:\/\/serveiseducatius.xtec.cat\/baixllobregat6\/wp-json\/wp\/v2\/media?parent=24862"}],"wp:term":[{"taxonomy":"category","embeddable":true,"href":"https:\/\/serveiseducatius.xtec.cat\/baixllobregat6\/wp-json\/wp\/v2\/categories?post=24862"},{"taxonomy":"post_tag","embeddable":true,"href":"https:\/\/serveiseducatius.xtec.cat\/baixllobregat6\/wp-json\/wp\/v2\/tags?post=24862"}],"curies":[{"name":"wp","href":"https:\/\/api.w.org\/{rel}","templated":true}]}}