{"id":24655,"date":"2023-03-24T12:09:04","date_gmt":"2023-03-24T11:09:04","guid":{"rendered":"https:\/\/serveiseducatius.xtec.cat\/baixllobregat6\/?p=24655"},"modified":"2023-03-24T13:33:36","modified_gmt":"2023-03-24T12:33:36","slug":"programa-faig-fent-per-aprendre-imaginant-globalment","status":"publish","type":"post","link":"https:\/\/serveiseducatius.xtec.cat\/baixllobregat6\/se-baixllobregat6\/programa-faig-fent-per-aprendre-imaginant-globalment\/","title":{"rendered":"Programa FAIG &#8211; Fent per aprendre, imaginant globalment."},"content":{"rendered":"<p><a href=\"https:\/\/serveiseducatius.xtec.cat\/baixllobregat6\/wp-content\/uploads\/usu778\/2023\/03\/Faig-1.jpg\"><img loading=\"lazy\" decoding=\"async\" class=\"alignleft wp-image-24656\" src=\"https:\/\/serveiseducatius.xtec.cat\/baixllobregat6\/wp-content\/uploads\/usu778\/2023\/03\/Faig-1.jpg\" alt=\"\" width=\"352\" height=\"110\" \/><\/a>\u200bEl Departament d&#8217;Educaci\u00f3, mitjan\u00e7ant el\u00a0<a href=\"https:\/\/serveiseducatius.xtec.cat\/cesire\/faig-fent-per-aprendre-imaginant-globalment\/\">Programa experimental Fent per Aprendre, Imaginant Globalment (FAIG)<\/a>, ofereix un acompanyament intensiu als centres participants, amb el prop\u00f2sit\u00a0d&#8217;impulsar canvis pedag\u00f2gics profunds i fonamentats en la recerca, envers la creaci\u00f3 de nous\u00a0entorns d&#8217;aprenentatge amb sentit que situ\u00efn l&#8217;alumnat com a protagonista actiu i comprom\u00e8s. El programa facilita un marc de refer\u00e8ncia pedag\u00f2gic que fonamenta l&#8217;aprenentatge per projectes\u00a0 \u201cmaker&#8221; com una oportunitat per connectar el curr\u00edculum amb la vida de les persones aprenents i abordar els desafiaments socials actuals i reptes de futur, impulsant la personalitzaci\u00f3, l&#8217;empoderament, la creativitat i la consci\u00e8ncia cr\u00edtica, a mesura que aprenen i es construeixen com\u00a0 a habitants del m\u00f3n amb capacitat d&#8217;actuar per a millorar-lo.<\/p>\n<p>El\u00a0termini per a la presentaci\u00f3 de sol\u00b7licituds\u00a0i documentaci\u00f3 per part dels centres interessats, \u00e9s fins el\u00a0<b>21 d&#8217;abril de 2023<\/b>.<!--more--><\/p>\n<p><a href=\"https:\/\/serveiseducatius.xtec.cat\/cesire\/faig-fent-per-aprendre-imaginant-globalment\/\" target=\"_blank\" rel=\"noopener\"><img loading=\"lazy\" decoding=\"async\" class=\"alignleft wp-image-24661\" src=\"https:\/\/serveiseducatius.xtec.cat\/baixllobregat6\/wp-content\/uploads\/usu778\/2023\/03\/FAIG-23-520x218.jpg\" alt=\"\" width=\"561\" height=\"235\" srcset=\"https:\/\/serveiseducatius.xtec.cat\/baixllobregat6\/wp-content\/uploads\/usu778\/2023\/03\/FAIG-23-520x218.jpg 520w, https:\/\/serveiseducatius.xtec.cat\/baixllobregat6\/wp-content\/uploads\/usu778\/2023\/03\/FAIG-23-1024x430.jpg 1024w, https:\/\/serveiseducatius.xtec.cat\/baixllobregat6\/wp-content\/uploads\/usu778\/2023\/03\/FAIG-23-768x322.jpg 768w, https:\/\/serveiseducatius.xtec.cat\/baixllobregat6\/wp-content\/uploads\/usu778\/2023\/03\/FAIG-23.jpg 1403w\" sizes=\"auto, (max-width: 561px) 100vw, 561px\" \/><\/a><\/p>\n<p>Tota la informaci\u00f3 la trobareu al\u00a0<a href=\"https:\/\/espai.educacio.gencat.cat\/Centres\/Innovacio-pedagogica\/Suport-Innovacio\/FAIG\/Pagines\/default.aspx\" target=\"_blank\" rel=\"noopener\">Web<\/a><\/p>\n<p>Dimarts 28 de mar\u00e7 a les 15h,\u00a0podreu assistir a una reuni\u00f3 telem\u00e0tica informativa amb l&#8217;equip del <a href=\"https:\/\/serveiseducatius.xtec.cat\/cesire\/faig-fent-per-aprendre-imaginant-globalment\/\" target=\"_blank\" rel=\"noopener\">CESIR.<\/a><\/p>\n<p><span style=\"color: #000000;\">Si necessiteu aclariments o teniu dubtes us podeu dirigir directament al correu del CESIRE: <a href=\"mailto:faig@cesire.cat\" target=\"_blank\" rel=\"noopener\"><span style=\"font-size: large;\">faig@cesire.cat<\/span><\/a><\/span><\/p>\n<p><iframe loading=\"lazy\" title=\"YouTube video player\" src=\"https:\/\/www.youtube.com\/embed\/kRQvlrI4DDc\" width=\"560\" height=\"315\" frameborder=\"0\" allowfullscreen=\"allowfullscreen\"><\/iframe><\/p>\n","protected":false},"excerpt":{"rendered":"<p>\u200bEl Departament d&#8217;Educaci\u00f3, mitjan\u00e7ant el\u00a0Programa experimental Fent per Aprendre, Imaginant Globalment (FAIG), ofereix un acompanyament intensiu als centres participants, amb el prop\u00f2sit\u00a0d&#8217;impulsar canvis pedag\u00f2gics profunds i fonamentats en la recerca, envers la creaci\u00f3 de nous\u00a0entorns d&#8217;aprenentatge amb sentit que situ\u00efn l&#8217;alumnat com a protagonista actiu i comprom\u00e8s. El programa facilita un marc de refer\u00e8ncia pedag\u00f2gic [&hellip;]<\/p>\n","protected":false},"author":1,"featured_media":24661,"comment_status":"open","ping_status":"closed","sticky":false,"template":"","format":"standard","meta":{"_bbp_topic_count":0,"_bbp_reply_count":0,"_bbp_total_topic_count":0,"_bbp_total_reply_count":0,"_bbp_voice_count":0,"_bbp_anonymous_reply_count":0,"_bbp_topic_count_hidden":0,"_bbp_reply_count_hidden":0,"_bbp_forum_subforum_count":0,"site-sidebar-layout":"default","site-content-layout":"","ast-site-content-layout":"","site-content-style":"default","site-sidebar-style":"default","ast-global-header-display":"","ast-banner-title-visibility":"","ast-main-header-display":"","ast-hfb-above-header-display":"","ast-hfb-below-header-display":"","ast-hfb-mobile-header-display":"","site-post-title":"","ast-breadcrumbs-content":"","ast-featured-img":"","footer-sml-layout":"","theme-transparent-header-meta":"","adv-header-id-meta":"","stick-header-meta":"","header-above-stick-meta":"","header-main-stick-meta":"","header-below-stick-meta":"","astra-migrate-meta-layouts":"default","ast-page-background-enabled":"default","ast-page-background-meta":{"desktop":{"background-color":"var(--ast-global-color-4)","background-image":"","background-repeat":"repeat","background-position":"center center","background-size":"auto","background-attachment":"scroll","background-type":"","background-media":"","overlay-type":"","overlay-color":"","overlay-opacity":"","overlay-gradient":""},"tablet":{"background-color":"","background-image":"","background-repeat":"repeat","background-position":"center center","background-size":"auto","background-attachment":"scroll","background-type":"","background-media":"","overlay-type":"","overlay-color":"","overlay-opacity":"","overlay-gradient":""},"mobile":{"background-color":"","background-image":"","background-repeat":"repeat","background-position":"center center","background-size":"auto","background-attachment":"scroll","background-type":"","background-media":"","overlay-type":"","overlay-color":"","overlay-opacity":"","overlay-gradient":""}},"ast-content-background-meta":{"desktop":{"background-color":"var(--ast-global-color-5)","background-image":"","background-repeat":"repeat","background-position":"center center","background-size":"auto","background-attachment":"scroll","background-type":"","background-media":"","overlay-type":"","overlay-color":"","overlay-opacity":"","overlay-gradient":""},"tablet":{"background-color":"var(--ast-global-color-5)","background-image":"","background-repeat":"repeat","background-position":"center center","background-size":"auto","background-attachment":"scroll","background-type":"","background-media":"","overlay-type":"","overlay-color":"","overlay-opacity":"","overlay-gradient":""},"mobile":{"background-color":"var(--ast-global-color-5)","background-image":"","background-repeat":"repeat","background-position":"center center","background-size":"auto","background-attachment":"scroll","background-type":"","background-media":"","overlay-type":"","overlay-color":"","overlay-opacity":"","overlay-gradient":""}},"footnotes":""},"categories":[29],"tags":[440,447,2015,2355,2215],"class_list":["post-24655","post","type-post","status-publish","format-standard","has-post-thumbnail","hentry","category-se-baixllobregat6","tag-educacio-infantil-i-primaria","tag-educacio-secundaria","tag-innovacio-educativa","tag-innovacio-pedagogica","tag-reporteducacio"],"post_mailing_queue_ids":[],"_links":{"self":[{"href":"https:\/\/serveiseducatius.xtec.cat\/baixllobregat6\/wp-json\/wp\/v2\/posts\/24655","targetHints":{"allow":["GET"]}}],"collection":[{"href":"https:\/\/serveiseducatius.xtec.cat\/baixllobregat6\/wp-json\/wp\/v2\/posts"}],"about":[{"href":"https:\/\/serveiseducatius.xtec.cat\/baixllobregat6\/wp-json\/wp\/v2\/types\/post"}],"author":[{"embeddable":true,"href":"https:\/\/serveiseducatius.xtec.cat\/baixllobregat6\/wp-json\/wp\/v2\/users\/1"}],"replies":[{"embeddable":true,"href":"https:\/\/serveiseducatius.xtec.cat\/baixllobregat6\/wp-json\/wp\/v2\/comments?post=24655"}],"version-history":[{"count":3,"href":"https:\/\/serveiseducatius.xtec.cat\/baixllobregat6\/wp-json\/wp\/v2\/posts\/24655\/revisions"}],"predecessor-version":[{"id":24684,"href":"https:\/\/serveiseducatius.xtec.cat\/baixllobregat6\/wp-json\/wp\/v2\/posts\/24655\/revisions\/24684"}],"wp:featuredmedia":[{"embeddable":true,"href":"https:\/\/serveiseducatius.xtec.cat\/baixllobregat6\/wp-json\/wp\/v2\/media\/24661"}],"wp:attachment":[{"href":"https:\/\/serveiseducatius.xtec.cat\/baixllobregat6\/wp-json\/wp\/v2\/media?parent=24655"}],"wp:term":[{"taxonomy":"category","embeddable":true,"href":"https:\/\/serveiseducatius.xtec.cat\/baixllobregat6\/wp-json\/wp\/v2\/categories?post=24655"},{"taxonomy":"post_tag","embeddable":true,"href":"https:\/\/serveiseducatius.xtec.cat\/baixllobregat6\/wp-json\/wp\/v2\/tags?post=24655"}],"curies":[{"name":"wp","href":"https:\/\/api.w.org\/{rel}","templated":true}]}}