{"id":24572,"date":"2023-03-20T08:29:06","date_gmt":"2023-03-20T07:29:06","guid":{"rendered":"https:\/\/serveiseducatius.xtec.cat\/baixllobregat6\/?p=24572"},"modified":"2023-03-20T09:23:36","modified_gmt":"2023-03-20T08:23:36","slug":"equitat-menstrual-presentacio-de-la-guia-per-al-coneixement-sobre-la-menstruacio","status":"publish","type":"post","link":"https:\/\/serveiseducatius.xtec.cat\/baixllobregat6\/se-baixllobregat6\/equitat-menstrual-presentacio-de-la-guia-per-al-coneixement-sobre-la-menstruacio\/","title":{"rendered":"Equitat Menstrual. Presentaci\u00f3 de la Guia per al coneixement sobre la menstruaci\u00f3"},"content":{"rendered":"<p>El Departament d\u2019Educaci\u00f3 posa a disposici\u00f3 de tots els centres educatius de Catalunya la <a href=\"https:\/\/drive.google.com\/file\/d\/1NQlu62J3gMFxFyvh2GJqPwX7f1FUqKgK\/view?usp=share_link\" target=\"_blank\" rel=\"noopener\">Guia per al coneixement sobre la menstruaci\u00f3<\/a>: Equitat menstrual.<\/p>\n<p><a href=\"https:\/\/serveiseducatius.xtec.cat\/baixllobregat6\/wp-content\/uploads\/usu778\/2023\/03\/Mural.jpg\"><img loading=\"lazy\" decoding=\"async\" class=\"alignleft size-medium wp-image-24573\" src=\"https:\/\/serveiseducatius.xtec.cat\/baixllobregat6\/wp-content\/uploads\/usu778\/2023\/03\/Mural-520x263.jpg\" alt=\"\" width=\"520\" height=\"263\" srcset=\"https:\/\/serveiseducatius.xtec.cat\/baixllobregat6\/wp-content\/uploads\/usu778\/2023\/03\/Mural-520x263.jpg 520w, https:\/\/serveiseducatius.xtec.cat\/baixllobregat6\/wp-content\/uploads\/usu778\/2023\/03\/Mural.jpg 751w\" sizes=\"auto, (max-width: 520px) 100vw, 520px\" \/><\/a><!--more-->Aquesta guia s\u2019emmarca dintre l\u2019Estrat\u00e8gia de Drets Sexuals i Reproductius de la Generalitat de Catalunya, en la qual ha col\u00b7laborat el Departament d\u2019Igualtat i Feminismes, i t\u00e9 com a objectiu garantir aquests drets en el conjunt de la poblaci\u00f3 i, en el cas que ens ocupa, en l\u2019\u00e0mbit educatiu, volent implementar una educaci\u00f3 en sexualitats feminista.<\/p>\n<p>La Guia es presentar\u00e0 a trav\u00e9s del <a href=\"https:\/\/blocs.xtec.cat\/coeducacioiigualtat\/2023\/03\/14\/guia-per-al-coneixement-sobre-la-menstruacio\/\" target=\"_blank\" rel=\"noopener\">webinar<\/a> Equitat Menstrual aquest 22 de mar\u00e7 a les 17:30h.<\/p>\n","protected":false},"excerpt":{"rendered":"<p>El Departament d\u2019Educaci\u00f3 posa a disposici\u00f3 de tots els centres educatius de Catalunya la Guia per al coneixement sobre la menstruaci\u00f3: Equitat menstrual.<\/p>\n","protected":false},"author":1,"featured_media":0,"comment_status":"open","ping_status":"closed","sticky":false,"template":"","format":"standard","meta":{"_bbp_topic_count":0,"_bbp_reply_count":0,"_bbp_total_topic_count":0,"_bbp_total_reply_count":0,"_bbp_voice_count":0,"_bbp_anonymous_reply_count":0,"_bbp_topic_count_hidden":0,"_bbp_reply_count_hidden":0,"_bbp_forum_subforum_count":0,"site-sidebar-layout":"default","site-content-layout":"","ast-site-content-layout":"","site-content-style":"default","site-sidebar-style":"default","ast-global-header-display":"","ast-banner-title-visibility":"","ast-main-header-display":"","ast-hfb-above-header-display":"","ast-hfb-below-header-display":"","ast-hfb-mobile-header-display":"","site-post-title":"","ast-breadcrumbs-content":"","ast-featured-img":"","footer-sml-layout":"","theme-transparent-header-meta":"","adv-header-id-meta":"","stick-header-meta":"","header-above-stick-meta":"","header-main-stick-meta":"","header-below-stick-meta":"","astra-migrate-meta-layouts":"default","ast-page-background-enabled":"default","ast-page-background-meta":{"desktop":{"background-color":"var(--ast-global-color-4)","background-image":"","background-repeat":"repeat","background-position":"center center","background-size":"auto","background-attachment":"scroll","background-type":"","background-media":"","overlay-type":"","overlay-color":"","overlay-opacity":"","overlay-gradient":""},"tablet":{"background-color":"","background-image":"","background-repeat":"repeat","background-position":"center center","background-size":"auto","background-attachment":"scroll","background-type":"","background-media":"","overlay-type":"","overlay-color":"","overlay-opacity":"","overlay-gradient":""},"mobile":{"background-color":"","background-image":"","background-repeat":"repeat","background-position":"center center","background-size":"auto","background-attachment":"scroll","background-type":"","background-media":"","overlay-type":"","overlay-color":"","overlay-opacity":"","overlay-gradient":""}},"ast-content-background-meta":{"desktop":{"background-color":"var(--ast-global-color-5)","background-image":"","background-repeat":"repeat","background-position":"center center","background-size":"auto","background-attachment":"scroll","background-type":"","background-media":"","overlay-type":"","overlay-color":"","overlay-opacity":"","overlay-gradient":""},"tablet":{"background-color":"var(--ast-global-color-5)","background-image":"","background-repeat":"repeat","background-position":"center center","background-size":"auto","background-attachment":"scroll","background-type":"","background-media":"","overlay-type":"","overlay-color":"","overlay-opacity":"","overlay-gradient":""},"mobile":{"background-color":"var(--ast-global-color-5)","background-image":"","background-repeat":"repeat","background-position":"center center","background-size":"auto","background-attachment":"scroll","background-type":"","background-media":"","overlay-type":"","overlay-color":"","overlay-opacity":"","overlay-gradient":""}},"footnotes":""},"categories":[162,29],"tags":[324,431,440,447,2254,2132,2215],"class_list":["post-24572","post","type-post","status-publish","format-standard","hentry","category-actualitat","category-se-baixllobregat6","tag-coeducacio","tag-educacio-afectivo-sexual","tag-educacio-infantil-i-primaria","tag-educacio-secundaria","tag-educacio-sexual","tag-perspectiva-de-genere","tag-reporteducacio"],"post_mailing_queue_ids":[],"_links":{"self":[{"href":"https:\/\/serveiseducatius.xtec.cat\/baixllobregat6\/wp-json\/wp\/v2\/posts\/24572","targetHints":{"allow":["GET"]}}],"collection":[{"href":"https:\/\/serveiseducatius.xtec.cat\/baixllobregat6\/wp-json\/wp\/v2\/posts"}],"about":[{"href":"https:\/\/serveiseducatius.xtec.cat\/baixllobregat6\/wp-json\/wp\/v2\/types\/post"}],"author":[{"embeddable":true,"href":"https:\/\/serveiseducatius.xtec.cat\/baixllobregat6\/wp-json\/wp\/v2\/users\/1"}],"replies":[{"embeddable":true,"href":"https:\/\/serveiseducatius.xtec.cat\/baixllobregat6\/wp-json\/wp\/v2\/comments?post=24572"}],"version-history":[{"count":3,"href":"https:\/\/serveiseducatius.xtec.cat\/baixllobregat6\/wp-json\/wp\/v2\/posts\/24572\/revisions"}],"predecessor-version":[{"id":24591,"href":"https:\/\/serveiseducatius.xtec.cat\/baixllobregat6\/wp-json\/wp\/v2\/posts\/24572\/revisions\/24591"}],"wp:attachment":[{"href":"https:\/\/serveiseducatius.xtec.cat\/baixllobregat6\/wp-json\/wp\/v2\/media?parent=24572"}],"wp:term":[{"taxonomy":"category","embeddable":true,"href":"https:\/\/serveiseducatius.xtec.cat\/baixllobregat6\/wp-json\/wp\/v2\/categories?post=24572"},{"taxonomy":"post_tag","embeddable":true,"href":"https:\/\/serveiseducatius.xtec.cat\/baixllobregat6\/wp-json\/wp\/v2\/tags?post=24572"}],"curies":[{"name":"wp","href":"https:\/\/api.w.org\/{rel}","templated":true}]}}