{"id":2451,"date":"2011-09-26T07:46:28","date_gmt":"2011-09-26T06:46:28","guid":{"rendered":"http:\/\/www.reporteducacio.cat\/?p=2451"},"modified":"2016-02-08T18:19:04","modified_gmt":"2016-02-08T17:19:04","slug":"lescriptor-joaquim-pastor-presentara-a-sant-vicenc-el-seu-llibre-el-cant-de-la-mallerenga-la-guerra-civil-amb-ulls-dinfant","status":"publish","type":"post","link":"https:\/\/serveiseducatius.xtec.cat\/baixllobregat6\/biblioteca-escolar\/informacions\/lescriptor-joaquim-pastor-presentara-a-sant-vicenc-el-seu-llibre-el-cant-de-la-mallerenga-la-guerra-civil-amb-ulls-dinfant\/","title":{"rendered":"L\u2019escriptor Joaquim Pastor presentar\u00e0 a Sant Vicen\u00e7 el seu llibre \u2018El cant de la mallerenga. La Guerra Civil amb ulls d\u2019infant\u2019"},"content":{"rendered":"<h3><a href=\"http:\/\/serveiseducatius.xtec.cat\/se-baixllobregat6\/wp-content\/uploads\/usu778\/2011\/09\/mallarenga.png\"><img loading=\"lazy\" decoding=\"async\" class=\"alignleft size-full wp-image-2452\" title=\"mallarenga\" src=\"http:\/\/serveiseducatius.xtec.cat\/se-baixllobregat6\/wp-content\/uploads\/usu778\/2011\/09\/mallarenga.png\" alt=\"\" width=\"124\" height=\"176\" \/><\/a>La novel\u2022la, publicada a l\u2019Editorial Bamb\u00fa, es basa en records i viv\u00e8ncies familiars de l\u2019autor vicent\u00ed La presentaci\u00f3 tindr\u00e0 lloc a l\u2019edifici municipal de Can Comamala, el proper dijous 29 de setembre a les 19 h<\/h3>\n<div>\n<p>L\u2019escriptor vicent\u00ed Joaquim Pastor presentar\u00e0 al seu poble el llibre <em>El cant de la mallerenga. La Guerra Civil amb ulls d\u2019infant<\/em>. L\u2019obra, publicada a l\u2019Editorial Bamb\u00fa, s\u2019adre\u00e7a a lectors majors de 15 anys i es basa en records i viv\u00e8ncies familiars de l\u2019autor.<br \/>\nEl Roget, un nen de nou anys p\u00e8l-roig i intr\u00e8pid, veu estroncada la seva infantesa per la lluita armada, que li ha robat all\u00f2 que m\u00e9s estima: el seu pare. La seva antiga vida sembla molt llunyana ara, quan ha de contemplar amb r\u00e0bia com la seva fam\u00edlia es veu obligada a allotjar tres militars franquistes, el cap dels quals, conegut com el Coix, pret\u00e9n la seva mare.<br \/>\nLa presentaci\u00f3 del llibre tindr\u00e0 lloc a l\u2019edifici municipal de Can Comamala, el proper dijous 29 de setembre, a partir de les 19 h.<\/p>\n<p><a href=\"http:\/\/bit.ly\/p79ren\" target=\"_blank\"><strong>|+ info|<\/strong><\/a><\/p>\n<\/div>\n","protected":false},"excerpt":{"rendered":"<p>La novel\u2022la, publicada a l\u2019Editorial Bamb\u00fa, es basa en records i viv\u00e8ncies familiars de l\u2019autor vicent\u00ed La presentaci\u00f3 tindr\u00e0 lloc a l\u2019edifici municipal de Can Comamala, el proper dijous 29 de setembre a les 19 h L\u2019escriptor vicent\u00ed Joaquim Pastor presentar\u00e0 al seu poble el llibre El cant de la mallerenga. La Guerra Civil amb [&hellip;]<\/p>\n","protected":false},"author":1,"featured_media":0,"comment_status":"open","ping_status":"open","sticky":false,"template":"","format":"standard","meta":{"_bbp_topic_count":0,"_bbp_reply_count":0,"_bbp_total_topic_count":0,"_bbp_total_reply_count":0,"_bbp_voice_count":0,"_bbp_anonymous_reply_count":0,"_bbp_topic_count_hidden":0,"_bbp_reply_count_hidden":0,"_bbp_forum_subforum_count":0,"site-sidebar-layout":"default","site-content-layout":"","ast-site-content-layout":"","site-content-style":"default","site-sidebar-style":"default","ast-global-header-display":"","ast-banner-title-visibility":"","ast-main-header-display":"","ast-hfb-above-header-display":"","ast-hfb-below-header-display":"","ast-hfb-mobile-header-display":"","site-post-title":"","ast-breadcrumbs-content":"","ast-featured-img":"","footer-sml-layout":"","theme-transparent-header-meta":"","adv-header-id-meta":"","stick-header-meta":"","header-above-stick-meta":"","header-main-stick-meta":"","header-below-stick-meta":"","astra-migrate-meta-layouts":"default","ast-page-background-enabled":"default","ast-page-background-meta":{"desktop":{"background-color":"var(--ast-global-color-4)","background-image":"","background-repeat":"repeat","background-position":"center center","background-size":"auto","background-attachment":"scroll","background-type":"","background-media":"","overlay-type":"","overlay-color":"","overlay-opacity":"","overlay-gradient":""},"tablet":{"background-color":"","background-image":"","background-repeat":"repeat","background-position":"center center","background-size":"auto","background-attachment":"scroll","background-type":"","background-media":"","overlay-type":"","overlay-color":"","overlay-opacity":"","overlay-gradient":""},"mobile":{"background-color":"","background-image":"","background-repeat":"repeat","background-position":"center center","background-size":"auto","background-attachment":"scroll","background-type":"","background-media":"","overlay-type":"","overlay-color":"","overlay-opacity":"","overlay-gradient":""}},"ast-content-background-meta":{"desktop":{"background-color":"var(--ast-global-color-5)","background-image":"","background-repeat":"repeat","background-position":"center center","background-size":"auto","background-attachment":"scroll","background-type":"","background-media":"","overlay-type":"","overlay-color":"","overlay-opacity":"","overlay-gradient":""},"tablet":{"background-color":"var(--ast-global-color-5)","background-image":"","background-repeat":"repeat","background-position":"center center","background-size":"auto","background-attachment":"scroll","background-type":"","background-media":"","overlay-type":"","overlay-color":"","overlay-opacity":"","overlay-gradient":""},"mobile":{"background-color":"var(--ast-global-color-5)","background-image":"","background-repeat":"repeat","background-position":"center center","background-size":"auto","background-attachment":"scroll","background-type":"","background-media":"","overlay-type":"","overlay-color":"","overlay-opacity":"","overlay-gradient":""}},"footnotes":""},"categories":[1078],"tags":[1436,590,665,772,907],"class_list":["post-2451","post","type-post","status-publish","format-standard","hentry","category-informacions","tag-biblioreport","tag-guerra-civil","tag-joaquim-pastor","tag-novella-infantil-i-juvenil","tag-sant-vicenc-dels-horts"],"post_mailing_queue_ids":[],"_links":{"self":[{"href":"https:\/\/serveiseducatius.xtec.cat\/baixllobregat6\/wp-json\/wp\/v2\/posts\/2451","targetHints":{"allow":["GET"]}}],"collection":[{"href":"https:\/\/serveiseducatius.xtec.cat\/baixllobregat6\/wp-json\/wp\/v2\/posts"}],"about":[{"href":"https:\/\/serveiseducatius.xtec.cat\/baixllobregat6\/wp-json\/wp\/v2\/types\/post"}],"author":[{"embeddable":true,"href":"https:\/\/serveiseducatius.xtec.cat\/baixllobregat6\/wp-json\/wp\/v2\/users\/1"}],"replies":[{"embeddable":true,"href":"https:\/\/serveiseducatius.xtec.cat\/baixllobregat6\/wp-json\/wp\/v2\/comments?post=2451"}],"version-history":[{"count":1,"href":"https:\/\/serveiseducatius.xtec.cat\/baixllobregat6\/wp-json\/wp\/v2\/posts\/2451\/revisions"}],"predecessor-version":[{"id":5819,"href":"https:\/\/serveiseducatius.xtec.cat\/baixllobregat6\/wp-json\/wp\/v2\/posts\/2451\/revisions\/5819"}],"wp:attachment":[{"href":"https:\/\/serveiseducatius.xtec.cat\/baixllobregat6\/wp-json\/wp\/v2\/media?parent=2451"}],"wp:term":[{"taxonomy":"category","embeddable":true,"href":"https:\/\/serveiseducatius.xtec.cat\/baixllobregat6\/wp-json\/wp\/v2\/categories?post=2451"},{"taxonomy":"post_tag","embeddable":true,"href":"https:\/\/serveiseducatius.xtec.cat\/baixllobregat6\/wp-json\/wp\/v2\/tags?post=2451"}],"curies":[{"name":"wp","href":"https:\/\/api.w.org\/{rel}","templated":true}]}}