{"id":23702,"date":"2022-11-15T10:13:05","date_gmt":"2022-11-15T09:13:05","guid":{"rendered":"https:\/\/serveiseducatius.xtec.cat\/baixllobregat6\/?p=23702"},"modified":"2022-11-15T10:13:28","modified_gmt":"2022-11-15T09:13:28","slug":"xxviii-concurs-el-gust-per-la-lectura","status":"publish","type":"post","link":"https:\/\/serveiseducatius.xtec.cat\/baixllobregat6\/se-baixllobregat6\/xxviii-concurs-el-gust-per-la-lectura\/","title":{"rendered":"XXVIII Concurs &#8220;El gust per la lectura&#8221;"},"content":{"rendered":"<p><a href=\"https:\/\/serveiseducatius.xtec.cat\/baixllobregat6\/wp-content\/uploads\/usu778\/2022\/11\/XXVIII-Concurs-El-Gust-per-la-Lectura-300x194-1.png\"><img loading=\"lazy\" decoding=\"async\" class=\"size-full wp-image-23703 aligncenter\" src=\"https:\/\/serveiseducatius.xtec.cat\/baixllobregat6\/wp-content\/uploads\/usu778\/2022\/11\/XXVIII-Concurs-El-Gust-per-la-Lectura-300x194-1.png\" alt=\"\" width=\"520\" height=\"280\" \/><\/a><\/p>\n<p>S\u2019ha obert el per\u00edode d\u2019inscripci\u00f3 per al <strong>XXVIII\u00e8 concurs \u00abEl Gust per la Lectura\u00bb<\/strong>. Les escoles i instituts interessats en participar-hi podran inscriure\u2019s durant el per\u00edode <strong>del 14 de novembre de 2022 al 18 de gener de 2023<\/strong>.<\/p>\n<p>El programa\u00a0<strong>\u00abEl Gust per la Lectura\u00bb<\/strong>\u00a0t\u00e9 per objectiu global la formaci\u00f3 de bons lectors i lectores. Es tracta que, al llarg de la seva formaci\u00f3 educativa, els nostres alumnes esdevinguin lectors competents, cr\u00edtics i capa\u00e7os de gaudir del plaer de la lectura.<\/p>\n<p>Per participar en el concurs, els docents hauran de formalitzar la inscripci\u00f3 accedint al formulari mitjan\u00e7ant el\u00a0<strong><a href=\"https:\/\/xtec.gencat.cat\/ca\/centres\/premis-i-concursos\/concurs-el-gust-per-la-lectura\/\">portal de centres<\/a><\/strong>\u00a0del Departament, on tamb\u00e9 trobaran un tutorial per guiar el proc\u00e9s.<!--more--><\/p>\n<p>El concurs suposa la participaci\u00f3 de l\u2019alumnat en el programa i es basa en la lectura i treball de les obres i els dossiers did\u00e0ctics proposats.<\/p>\n<p>Es far\u00e0 una inscripci\u00f3 per a cada grup classe que hi participi, amb independ\u00e8ncia de la modalitat del treball (de grup o individual). Cal fer constar el nombre d\u2019alumnes del grup classe.<\/p>\n<p>La formalitzaci\u00f3 de la inscripci\u00f3 i el lliurament dels treballs es duu a terme mitjan\u00e7ant el formulari en l\u00ednia del concurs, que trobareu a\u00a0<strong><a title=\"Portals de centres del Departament d\u2019Educaci\u00f3\" href=\"https:\/\/inici.espai.educacio.gencat.cat\/\" target=\"_blank\" rel=\"noopener\" data-saferedirecturl=\"https:\/\/www.google.com\/url?q=https:\/\/inici.espai.educacio.gencat.cat\/&amp;source=gmail&amp;ust=1657281608812000&amp;usg=AOvVaw1IRS1UqYT6WU-3wJWH0to0\">Portals de centres del Departament d\u2019Educaci\u00f3<\/a>.<\/strong><\/p>\n<p>&nbsp;<\/p>\n<div style=\"text-align: center;\">\n<p><iframe loading=\"lazy\" src=\"https:\/\/drive.google.com\/file\/d\/1g8oUIXci7-LQ1lgoLvUK4J5ZPMUWyPcm\/preview\" width=\"640\" height=\"480\"><\/iframe><\/p>\n<\/div>\n","protected":false},"excerpt":{"rendered":"<p>S\u2019ha obert el per\u00edode d\u2019inscripci\u00f3 per al XXVIII\u00e8 concurs \u00abEl Gust per la Lectura\u00bb. Les escoles i instituts interessats en participar-hi podran inscriure\u2019s durant el per\u00edode del 14 de novembre de 2022 al 18 de gener de 2023. El programa\u00a0\u00abEl Gust per la Lectura\u00bb\u00a0t\u00e9 per objectiu global la formaci\u00f3 de bons lectors i lectores. Es [&hellip;]<\/p>\n","protected":false},"author":1,"featured_media":0,"comment_status":"open","ping_status":"closed","sticky":false,"template":"","format":"standard","meta":{"_bbp_topic_count":0,"_bbp_reply_count":0,"_bbp_total_topic_count":0,"_bbp_total_reply_count":0,"_bbp_voice_count":0,"_bbp_anonymous_reply_count":0,"_bbp_topic_count_hidden":0,"_bbp_reply_count_hidden":0,"_bbp_forum_subforum_count":0,"site-sidebar-layout":"default","site-content-layout":"","ast-site-content-layout":"","site-content-style":"default","site-sidebar-style":"default","ast-global-header-display":"","ast-banner-title-visibility":"","ast-main-header-display":"","ast-hfb-above-header-display":"","ast-hfb-below-header-display":"","ast-hfb-mobile-header-display":"","site-post-title":"","ast-breadcrumbs-content":"","ast-featured-img":"","footer-sml-layout":"","theme-transparent-header-meta":"","adv-header-id-meta":"","stick-header-meta":"","header-above-stick-meta":"","header-main-stick-meta":"","header-below-stick-meta":"","astra-migrate-meta-layouts":"default","ast-page-background-enabled":"default","ast-page-background-meta":{"desktop":{"background-color":"var(--ast-global-color-4)","background-image":"","background-repeat":"repeat","background-position":"center center","background-size":"auto","background-attachment":"scroll","background-type":"","background-media":"","overlay-type":"","overlay-color":"","overlay-opacity":"","overlay-gradient":""},"tablet":{"background-color":"","background-image":"","background-repeat":"repeat","background-position":"center center","background-size":"auto","background-attachment":"scroll","background-type":"","background-media":"","overlay-type":"","overlay-color":"","overlay-opacity":"","overlay-gradient":""},"mobile":{"background-color":"","background-image":"","background-repeat":"repeat","background-position":"center center","background-size":"auto","background-attachment":"scroll","background-type":"","background-media":"","overlay-type":"","overlay-color":"","overlay-opacity":"","overlay-gradient":""}},"ast-content-background-meta":{"desktop":{"background-color":"var(--ast-global-color-5)","background-image":"","background-repeat":"repeat","background-position":"center center","background-size":"auto","background-attachment":"scroll","background-type":"","background-media":"","overlay-type":"","overlay-color":"","overlay-opacity":"","overlay-gradient":""},"tablet":{"background-color":"var(--ast-global-color-5)","background-image":"","background-repeat":"repeat","background-position":"center center","background-size":"auto","background-attachment":"scroll","background-type":"","background-media":"","overlay-type":"","overlay-color":"","overlay-opacity":"","overlay-gradient":""},"mobile":{"background-color":"var(--ast-global-color-5)","background-image":"","background-repeat":"repeat","background-position":"center center","background-size":"auto","background-attachment":"scroll","background-type":"","background-media":"","overlay-type":"","overlay-color":"","overlay-opacity":"","overlay-gradient":""}},"footnotes":""},"categories":[1129,162,81,1927,176,1099,1077,29],"tags":[2215],"class_list":["post-23702","post","type-post","status-publish","format-standard","hentry","category-activitats-biblioteca","category-actualitat","category-biblioteca-escolar","category-curriculum","category-dinamica-educativa-sant-vicenc-dels-horts","category-dinamitzacio-de-la-biblioteca","category-literatura-infantil-i-juvenil","category-se-baixllobregat6","tag-reporteducacio"],"post_mailing_queue_ids":[],"_links":{"self":[{"href":"https:\/\/serveiseducatius.xtec.cat\/baixllobregat6\/wp-json\/wp\/v2\/posts\/23702","targetHints":{"allow":["GET"]}}],"collection":[{"href":"https:\/\/serveiseducatius.xtec.cat\/baixllobregat6\/wp-json\/wp\/v2\/posts"}],"about":[{"href":"https:\/\/serveiseducatius.xtec.cat\/baixllobregat6\/wp-json\/wp\/v2\/types\/post"}],"author":[{"embeddable":true,"href":"https:\/\/serveiseducatius.xtec.cat\/baixllobregat6\/wp-json\/wp\/v2\/users\/1"}],"replies":[{"embeddable":true,"href":"https:\/\/serveiseducatius.xtec.cat\/baixllobregat6\/wp-json\/wp\/v2\/comments?post=23702"}],"version-history":[{"count":3,"href":"https:\/\/serveiseducatius.xtec.cat\/baixllobregat6\/wp-json\/wp\/v2\/posts\/23702\/revisions"}],"predecessor-version":[{"id":23707,"href":"https:\/\/serveiseducatius.xtec.cat\/baixllobregat6\/wp-json\/wp\/v2\/posts\/23702\/revisions\/23707"}],"wp:attachment":[{"href":"https:\/\/serveiseducatius.xtec.cat\/baixllobregat6\/wp-json\/wp\/v2\/media?parent=23702"}],"wp:term":[{"taxonomy":"category","embeddable":true,"href":"https:\/\/serveiseducatius.xtec.cat\/baixllobregat6\/wp-json\/wp\/v2\/categories?post=23702"},{"taxonomy":"post_tag","embeddable":true,"href":"https:\/\/serveiseducatius.xtec.cat\/baixllobregat6\/wp-json\/wp\/v2\/tags?post=23702"}],"curies":[{"name":"wp","href":"https:\/\/api.w.org\/{rel}","templated":true}]}}