{"id":23505,"date":"2022-11-02T09:09:38","date_gmt":"2022-11-02T08:09:38","guid":{"rendered":"https:\/\/serveiseducatius.xtec.cat\/baixllobregat6\/?p=23505"},"modified":"2022-11-02T12:39:52","modified_gmt":"2022-11-02T11:39:52","slug":"formacio-inicial-escoles-verdes","status":"publish","type":"post","link":"https:\/\/serveiseducatius.xtec.cat\/baixllobregat6\/se-baixllobregat6\/formacio-inicial-escoles-verdes\/","title":{"rendered":"Formaci\u00f3 inicial Escoles Verdes"},"content":{"rendered":"<table style=\"border-collapse: collapse; width: 100%;\">\n<tbody>\n<tr>\n<td style=\"width: 50%;\"><a href=\"https:\/\/mediambient.gencat.cat\/ca\/05_ambits_dactuacio\/educacio_i_sostenibilitat\/educacio_per_a_la_sostenibilitat\/escoles_verdes\/\" target=\"_blank\" rel=\"noopener\"><img loading=\"lazy\" decoding=\"async\" class=\"alignnone size-full wp-image-23512\" src=\"https:\/\/serveiseducatius.xtec.cat\/baixllobregat6\/wp-content\/uploads\/usu778\/2022\/11\/escoles-verdes-programa-1.jpg\" alt=\"\" width=\"238\" height=\"203\" \/><\/a><\/td>\n<td style=\"width: 50%;\"><a href=\"http:\/\/escolesxesc.cat\/\" target=\"_blank\" rel=\"noopener\"><img loading=\"lazy\" decoding=\"async\" class=\"wp-image-23508 alignright\" src=\"https:\/\/serveiseducatius.xtec.cat\/baixllobregat6\/wp-content\/uploads\/usu778\/2022\/11\/xarxa-ev.jpg\" alt=\"\" width=\"218\" height=\"174\" \/><\/a><\/td>\n<\/tr>\n<\/tbody>\n<\/table>\n<p>Us informem que ja s\u00f3n obertes les inscripcions a la formaci\u00f3 inicial d\u2019<strong><a href=\"https:\/\/xtec.gencat.cat\/ca\/projectes\/escoles-verdes\/\" target=\"_blank\" rel=\"noopener\">escoles verdes(XTEC)<\/a>. <\/strong><\/p>\n<p style=\"font-weight: 400;\"><strong><a title=\"Inscripci\u00f3\" href=\"https:\/\/aplicacions.gestioeducativa.gencat.cat\/pls\/soloas\/pk_for_mod_ins.p_for_pre_cons_activitats?p_any=2022-2023&amp;p_codi=3005000545\" target=\"_blank\" rel=\"noopener\">Podeu accedir al formulari d&#8217;inscripci\u00f3 clicant sobre d&#8217;aquest enlla\u00e7.<\/a><\/strong><\/p>\n<p><strong><u>A banda de la inscripci\u00f3<\/u><\/strong>\u00a0us demanem que empleneu el\u00a0<a href=\"https:\/\/forms.gle\/L9WrNAX8rE6ELSA78\" data-saferedirecturl=\"https:\/\/www.google.com\/url?q=https:\/\/forms.gle\/L9WrNAX8rE6ELSA78&amp;source=gmail&amp;ust=1667460830381000&amp;usg=AOvVaw30PZ3TcZF5-O55AWEUUlnL\"><strong>formulari<\/strong><\/a>\u00a0(un per centre)<\/p>\n<p style=\"font-weight: 400;\">Aquesta formaci\u00f3 \u00e9s d\u2019equips de centres i l\u2019han de realitzar entre <strong>3-4 persones del centre, una d\u2019elles de l\u2019equip directiu<\/strong><\/p>\n<p><!--more--><\/p>\n<p style=\"font-weight: 400;\">Les sessions formatives comencen al gener per\u00f2 entre novembre i desembre es realitzar\u00e0 una sessi\u00f3 inicial amb el claustre del centre per con\u00e8ixer el punt de partida del centre, els interessos i motivacions i informar del proc\u00e9s i del que vol dir incorporar-se a\u00a0 la xarxa d\u2019escoles\u00a0verdes\u00a0i els compromisos que el centre assumeix. Ens posarem en contacte amb vosaltres un cop assignat el curs per acordar aquesta trobada presencial al centre.<\/p>\n","protected":false},"excerpt":{"rendered":"<p>Us informem que ja s\u00f3n obertes les inscripcions a la formaci\u00f3 inicial d\u2019escoles verdes(XTEC). Podeu accedir al formulari d&#8217;inscripci\u00f3 clicant sobre d&#8217;aquest enlla\u00e7. A banda de la inscripci\u00f3\u00a0us demanem que empleneu el\u00a0formulari\u00a0(un per centre) Aquesta formaci\u00f3 \u00e9s d\u2019equips de centres i l\u2019han de realitzar entre 3-4 persones del centre, una d\u2019elles de l\u2019equip directiu<\/p>\n","protected":false},"author":1,"featured_media":0,"comment_status":"open","ping_status":"closed","sticky":false,"template":"","format":"standard","meta":{"_bbp_topic_count":0,"_bbp_reply_count":0,"_bbp_total_topic_count":0,"_bbp_total_reply_count":0,"_bbp_voice_count":0,"_bbp_anonymous_reply_count":0,"_bbp_topic_count_hidden":0,"_bbp_reply_count_hidden":0,"_bbp_forum_subforum_count":0,"site-sidebar-layout":"default","site-content-layout":"","ast-site-content-layout":"","site-content-style":"default","site-sidebar-style":"default","ast-global-header-display":"","ast-banner-title-visibility":"","ast-main-header-display":"","ast-hfb-above-header-display":"","ast-hfb-below-header-display":"","ast-hfb-mobile-header-display":"","site-post-title":"","ast-breadcrumbs-content":"","ast-featured-img":"","footer-sml-layout":"","theme-transparent-header-meta":"","adv-header-id-meta":"","stick-header-meta":"","header-above-stick-meta":"","header-main-stick-meta":"","header-below-stick-meta":"","astra-migrate-meta-layouts":"default","ast-page-background-enabled":"default","ast-page-background-meta":{"desktop":{"background-color":"var(--ast-global-color-4)","background-image":"","background-repeat":"repeat","background-position":"center center","background-size":"auto","background-attachment":"scroll","background-type":"","background-media":"","overlay-type":"","overlay-color":"","overlay-opacity":"","overlay-gradient":""},"tablet":{"background-color":"","background-image":"","background-repeat":"repeat","background-position":"center center","background-size":"auto","background-attachment":"scroll","background-type":"","background-media":"","overlay-type":"","overlay-color":"","overlay-opacity":"","overlay-gradient":""},"mobile":{"background-color":"","background-image":"","background-repeat":"repeat","background-position":"center center","background-size":"auto","background-attachment":"scroll","background-type":"","background-media":"","overlay-type":"","overlay-color":"","overlay-opacity":"","overlay-gradient":""}},"ast-content-background-meta":{"desktop":{"background-color":"var(--ast-global-color-5)","background-image":"","background-repeat":"repeat","background-position":"center center","background-size":"auto","background-attachment":"scroll","background-type":"","background-media":"","overlay-type":"","overlay-color":"","overlay-opacity":"","overlay-gradient":""},"tablet":{"background-color":"var(--ast-global-color-5)","background-image":"","background-repeat":"repeat","background-position":"center center","background-size":"auto","background-attachment":"scroll","background-type":"","background-media":"","overlay-type":"","overlay-color":"","overlay-opacity":"","overlay-gradient":""},"mobile":{"background-color":"var(--ast-global-color-5)","background-image":"","background-repeat":"repeat","background-position":"center center","background-size":"auto","background-attachment":"scroll","background-type":"","background-media":"","overlay-type":"","overlay-color":"","overlay-opacity":"","overlay-gradient":""}},"footnotes":""},"categories":[162,154,29],"tags":[394,157,2215],"class_list":["post-23505","post","type-post","status-publish","format-standard","hentry","category-actualitat","category-xesc-2","category-se-baixllobregat6","tag-desenvolupament-sostenible","tag-escoles-verdes","tag-reporteducacio"],"post_mailing_queue_ids":[],"_links":{"self":[{"href":"https:\/\/serveiseducatius.xtec.cat\/baixllobregat6\/wp-json\/wp\/v2\/posts\/23505","targetHints":{"allow":["GET"]}}],"collection":[{"href":"https:\/\/serveiseducatius.xtec.cat\/baixllobregat6\/wp-json\/wp\/v2\/posts"}],"about":[{"href":"https:\/\/serveiseducatius.xtec.cat\/baixllobregat6\/wp-json\/wp\/v2\/types\/post"}],"author":[{"embeddable":true,"href":"https:\/\/serveiseducatius.xtec.cat\/baixllobregat6\/wp-json\/wp\/v2\/users\/1"}],"replies":[{"embeddable":true,"href":"https:\/\/serveiseducatius.xtec.cat\/baixllobregat6\/wp-json\/wp\/v2\/comments?post=23505"}],"version-history":[{"count":3,"href":"https:\/\/serveiseducatius.xtec.cat\/baixllobregat6\/wp-json\/wp\/v2\/posts\/23505\/revisions"}],"predecessor-version":[{"id":23517,"href":"https:\/\/serveiseducatius.xtec.cat\/baixllobregat6\/wp-json\/wp\/v2\/posts\/23505\/revisions\/23517"}],"wp:attachment":[{"href":"https:\/\/serveiseducatius.xtec.cat\/baixllobregat6\/wp-json\/wp\/v2\/media?parent=23505"}],"wp:term":[{"taxonomy":"category","embeddable":true,"href":"https:\/\/serveiseducatius.xtec.cat\/baixllobregat6\/wp-json\/wp\/v2\/categories?post=23505"},{"taxonomy":"post_tag","embeddable":true,"href":"https:\/\/serveiseducatius.xtec.cat\/baixllobregat6\/wp-json\/wp\/v2\/tags?post=23505"}],"curies":[{"name":"wp","href":"https:\/\/api.w.org\/{rel}","templated":true}]}}