{"id":2306,"date":"2011-06-23T07:13:28","date_gmt":"2011-06-23T06:13:28","guid":{"rendered":"http:\/\/www.reporteducacio.cat\/?p=2306"},"modified":"2015-12-24T13:11:36","modified_gmt":"2015-12-24T12:11:36","slug":"la-mateixa-flama-amb-foc-nou-festa-nacional-dels-paisos-catalans","status":"publish","type":"post","link":"https:\/\/serveiseducatius.xtec.cat\/baixllobregat6\/actualitat\/la-mateixa-flama-amb-foc-nou-festa-nacional-dels-paisos-catalans\/","title":{"rendered":"La mateixa Flama amb Foc nou! Festa Nacional dels Pa\u00efsos Catalans"},"content":{"rendered":"<p><a href=\"http:\/\/serveiseducatius.xtec.cat\/se-baixllobregat6\/wp-content\/uploads\/usu778\/2011\/06\/flamacanigo.jpg\"><img loading=\"lazy\" decoding=\"async\" class=\"alignleft size-full wp-image-2307\" title=\"flamacanigo\" src=\"http:\/\/serveiseducatius.xtec.cat\/se-baixllobregat6\/wp-content\/uploads\/usu778\/2011\/06\/flamacanigo.jpg\" alt=\"\" width=\"312\" height=\"202\" srcset=\"https:\/\/serveiseducatius.xtec.cat\/baixllobregat6\/wp-content\/uploads\/usu778\/2011\/06\/flamacanigo.jpg 520w, https:\/\/serveiseducatius.xtec.cat\/baixllobregat6\/wp-content\/uploads\/usu778\/2011\/06\/flamacanigo-300x194.jpg 300w\" sizes=\"auto, (max-width: 312px) 100vw, 312px\" \/><\/a>L\u2019any 1955 Francesc Pujades, vilat\u00e0 d\u2019Artes de Tec (Vallespir,  Catalunya Nord), portat pel seu entusiasme pel Canig\u00f3 i inspirat pel  poema de moss\u00e8n Cinto Verdaguer, tingu\u00e9 la iniciativa d\u2019encendre els  Focs de Sant Joan en la pica d\u2019aquesta muntanya i des d\u2019all\u00e0 repartir la  seva flama per totes les contrades de la nostra terra. S\u2019iniciava aix\u00ed  la renovaci\u00f3 d\u2019aquesta mil\u00b7len\u00e0ria tradici\u00f3; de nou les fogueres prenien  un sentit col\u00b7lectiu.<\/p>\n<p>El nou costum pren una gran for\u00e7a en  poc temps, de tal forma que avui \u00e9s pr\u00e0cticament impossible trobar una  sola foguera a Catalunya Nord que no sigui encesa amb la Flama del  Canig\u00f3. L\u2019any 1966 el foc creua per primera vegada la duana i arriba a  Vic. S\u00f3n \u00e8poques ben dif\u00edcils, sovint de clandestinitat. A poc a poc la  xarxa es va estenent i el foc, escampat per tot el Principat, ja arriba  al Pa\u00eds Valenci\u00e0.<\/p>\n<p>El 22 de juny, com cada any, un grup  d\u2019excursionistes del Cercle de Joves de Perpiny\u00e0 agafar\u00e0 el foc que des  de 1955 resta enc\u00e8s al Museu de la Casa Pairal de Perpiny\u00e0 i pujaran al  cim del Canig\u00f3; passaran la nit vetllant la Flama i, a trenc d\u2019alba,  iniciaran el descens perqu\u00e8 la Flama arribi a tots els pobles i ciutats  dels Pa\u00efsos Catalans a temps d\u2019encendre les fogueres de la nit de Sant  Joan.<\/p>\n<p>No hem d\u2019oblidar que el diumenge abans de sant Joan se  celebra l\u2019aplec del Canig\u00f3, trobada que t\u00e9 per finalitat pujar al cim  del Canig\u00f3  (2.784 metres) feixos de llenya portats per gent de les m\u00e9s  diverses contrades del nostre pa\u00eds. Aquests feixos serviran per encendre  la foguera que, la nit de sant Joan, cremar\u00e0 dalt del cim, de la qual  s\u2019agafar\u00e0 foc nou per ser retornat al Museu de la Casa Pairal.<\/p>\n<p>La Flama del Canig\u00f3 \u00e9s rebuda pel Parlament de Catalunya, ajuntaments, consells comarcals i entitats culturals i esportives.<\/p>\n<p>Cal, doncs, que aquesta Flama del Canig\u00f3 arribi i es mantingui arreu  dels Pa\u00efsos Catalans, i que aquest Foc de Sant Joan perduri com a s\u00edmbol  d\u2019esperan\u00e7a i de germanor d\u2019una comunitat que vol i necessita recuperar  plenament el seu sentit de P\u00e0tria, socialment justa, pol\u00edticament  lliure, econ\u00f2micament pr\u00f2spera i culturalment digna.<\/p>\n<p>|<a title=\"La Flama del Canig\u00f3\" href=\"http:\/\/flamadelcanigo.omnium.cat\/www\/flamadelcanigo\/ca\/\" target=\"_blank\">ACC\u00c9S AL WEB D&#8217;\u00d2MNIUM CULTURAL SOBRE LA FALMA DEL CANIG\u00d3<\/a>|<\/p>\n","protected":false},"excerpt":{"rendered":"<p>L\u2019any 1955 Francesc Pujades, vilat\u00e0 d\u2019Artes de Tec (Vallespir, Catalunya Nord), portat pel seu entusiasme pel Canig\u00f3 i inspirat pel poema de moss\u00e8n Cinto Verdaguer, tingu\u00e9 la iniciativa d\u2019encendre els Focs de Sant Joan en la pica d\u2019aquesta muntanya i des d\u2019all\u00e0 repartir la seva flama per totes les contrades de la nostra terra. S\u2019iniciava [&hellip;]<\/p>\n","protected":false},"author":1,"featured_media":0,"comment_status":"open","ping_status":"open","sticky":false,"template":"","format":"standard","meta":{"_bbp_topic_count":0,"_bbp_reply_count":0,"_bbp_total_topic_count":0,"_bbp_total_reply_count":0,"_bbp_voice_count":0,"_bbp_anonymous_reply_count":0,"_bbp_topic_count_hidden":0,"_bbp_reply_count_hidden":0,"_bbp_forum_subforum_count":0,"site-sidebar-layout":"default","site-content-layout":"","ast-site-content-layout":"","site-content-style":"default","site-sidebar-style":"default","ast-global-header-display":"","ast-banner-title-visibility":"","ast-main-header-display":"","ast-hfb-above-header-display":"","ast-hfb-below-header-display":"","ast-hfb-mobile-header-display":"","site-post-title":"","ast-breadcrumbs-content":"","ast-featured-img":"","footer-sml-layout":"","theme-transparent-header-meta":"","adv-header-id-meta":"","stick-header-meta":"","header-above-stick-meta":"","header-main-stick-meta":"","header-below-stick-meta":"","astra-migrate-meta-layouts":"default","ast-page-background-enabled":"default","ast-page-background-meta":{"desktop":{"background-color":"var(--ast-global-color-4)","background-image":"","background-repeat":"repeat","background-position":"center center","background-size":"auto","background-attachment":"scroll","background-type":"","background-media":"","overlay-type":"","overlay-color":"","overlay-opacity":"","overlay-gradient":""},"tablet":{"background-color":"","background-image":"","background-repeat":"repeat","background-position":"center center","background-size":"auto","background-attachment":"scroll","background-type":"","background-media":"","overlay-type":"","overlay-color":"","overlay-opacity":"","overlay-gradient":""},"mobile":{"background-color":"","background-image":"","background-repeat":"repeat","background-position":"center center","background-size":"auto","background-attachment":"scroll","background-type":"","background-media":"","overlay-type":"","overlay-color":"","overlay-opacity":"","overlay-gradient":""}},"ast-content-background-meta":{"desktop":{"background-color":"var(--ast-global-color-5)","background-image":"","background-repeat":"repeat","background-position":"center center","background-size":"auto","background-attachment":"scroll","background-type":"","background-media":"","overlay-type":"","overlay-color":"","overlay-opacity":"","overlay-gradient":""},"tablet":{"background-color":"var(--ast-global-color-5)","background-image":"","background-repeat":"repeat","background-position":"center center","background-size":"auto","background-attachment":"scroll","background-type":"","background-media":"","overlay-type":"","overlay-color":"","overlay-opacity":"","overlay-gradient":""},"mobile":{"background-color":"var(--ast-global-color-5)","background-image":"","background-repeat":"repeat","background-position":"center center","background-size":"auto","background-attachment":"scroll","background-type":"","background-media":"","overlay-type":"","overlay-color":"","overlay-opacity":"","overlay-gradient":""}},"footnotes":""},"categories":[162],"tags":[288,297,378,703,794,906],"class_list":["post-2306","post","type-post","status-publish","format-standard","hentry","category-actualitat","tag-canigo","tag-catalunya","tag-cultura-catalana","tag-llengua-catalana","tag-paisos-catalans","tag-sant-joan"],"post_mailing_queue_ids":[],"_links":{"self":[{"href":"https:\/\/serveiseducatius.xtec.cat\/baixllobregat6\/wp-json\/wp\/v2\/posts\/2306","targetHints":{"allow":["GET"]}}],"collection":[{"href":"https:\/\/serveiseducatius.xtec.cat\/baixllobregat6\/wp-json\/wp\/v2\/posts"}],"about":[{"href":"https:\/\/serveiseducatius.xtec.cat\/baixllobregat6\/wp-json\/wp\/v2\/types\/post"}],"author":[{"embeddable":true,"href":"https:\/\/serveiseducatius.xtec.cat\/baixllobregat6\/wp-json\/wp\/v2\/users\/1"}],"replies":[{"embeddable":true,"href":"https:\/\/serveiseducatius.xtec.cat\/baixllobregat6\/wp-json\/wp\/v2\/comments?post=2306"}],"version-history":[{"count":1,"href":"https:\/\/serveiseducatius.xtec.cat\/baixllobregat6\/wp-json\/wp\/v2\/posts\/2306\/revisions"}],"predecessor-version":[{"id":6272,"href":"https:\/\/serveiseducatius.xtec.cat\/baixllobregat6\/wp-json\/wp\/v2\/posts\/2306\/revisions\/6272"}],"wp:attachment":[{"href":"https:\/\/serveiseducatius.xtec.cat\/baixllobregat6\/wp-json\/wp\/v2\/media?parent=2306"}],"wp:term":[{"taxonomy":"category","embeddable":true,"href":"https:\/\/serveiseducatius.xtec.cat\/baixllobregat6\/wp-json\/wp\/v2\/categories?post=2306"},{"taxonomy":"post_tag","embeddable":true,"href":"https:\/\/serveiseducatius.xtec.cat\/baixllobregat6\/wp-json\/wp\/v2\/tags?post=2306"}],"curies":[{"name":"wp","href":"https:\/\/api.w.org\/{rel}","templated":true}]}}