{"id":2290,"date":"2011-06-09T14:58:40","date_gmt":"2011-06-09T13:58:40","guid":{"rendered":"http:\/\/www.reporteducacio.cat\/?p=2290"},"modified":"2015-12-24T13:12:29","modified_gmt":"2015-12-24T12:12:29","slug":"arriba-sonarkids-3er-festival-de-musica-i-experiencies-creatives-per-a-nens-i-pares","status":"publish","type":"post","link":"https:\/\/serveiseducatius.xtec.cat\/baixllobregat6\/actualitat\/arriba-sonarkids-3er-festival-de-musica-i-experiencies-creatives-per-a-nens-i-pares\/","title":{"rendered":"Arriba SonarKids, 3er Festival de m\u00fasica i experi\u00e8ncies creatives per a nens i pares"},"content":{"rendered":"<p><strong><\/strong><a href=\"http:\/\/serveiseducatius.xtec.cat\/se-baixllobregat6\/wp-content\/uploads\/usu778\/2011\/06\/icosonar.png\"><img loading=\"lazy\" decoding=\"async\" class=\"alignleft size-full wp-image-2291\" title=\"icosonar\" src=\"http:\/\/serveiseducatius.xtec.cat\/se-baixllobregat6\/wp-content\/uploads\/usu778\/2011\/06\/icosonar.png\" alt=\"\" width=\"312\" height=\"168\" srcset=\"https:\/\/serveiseducatius.xtec.cat\/baixllobregat6\/wp-content\/uploads\/usu778\/2011\/06\/icosonar.png 520w, https:\/\/serveiseducatius.xtec.cat\/baixllobregat6\/wp-content\/uploads\/usu778\/2011\/06\/icosonar-300x162.png 300w\" sizes=\"auto, (max-width: 312px) 100vw, 312px\" \/><\/a>Despr\u00e9s  de l&#8217;\u00e8xit de les seves dues edicions anteriors, la 3\u00aa edici\u00f3 de  SonarKids es presenta el diumenge <strong>19 de juny<\/strong> com la <strong>culminaci\u00f3 ideal  de S\u00f3nar 2011 per gaudir amb tota la fam\u00edlia<\/strong>.<!--more--><\/p>\n<p>El festival tindr\u00e0  lloc a dos escenaris (SonarVillage i SonarComplex) i  altres espais  del Museu d\u2019Art Contemporani de Barcelona (MACBA) i el  Centre de  Cultura Contempor\u00e0nia de Barcelona (CCCB).<\/p>\n<p>SonarKids presenta una <strong>programaci\u00f3 musical<\/strong> repleta de shows de primer nivell, amb les actuacions del grup portugu\u00e8s  <a href=\"http:\/\/www.sonarkids.com\/ca\/festivales\/barcelona-19-de-junio-2011\/musica\/buraka-som-sistema\"><strong>Buraka Som Sistema<\/strong><\/a>,  l&#8217;il\u00b7lustre dj i locutor brit\u00e0nic de la BBC Radio 1, <a href=\"http:\/\/www.sonarkids.com\/ca\/festivales\/barcelona-19-de-junio-2011\/musica\/gilles-peterson\"><strong>Gilles Peterson<\/strong><\/a>, el grup de pop juvenil <a href=\"http:\/\/www.sonarkids.com\/ca\/festivales\/barcelona-19-de-junio-2011\/musica\/papa-topo\"><strong>Papa Topo<\/strong><\/a>, la formaci\u00f3 \u201cindie\u201d <a href=\"http:\/\/www.sonarkids.com\/ca\/festivales\/barcelona-19-de-junio-2011\/musica\/polock\"><strong>Polock<\/strong><\/a>,  els  contes cantats de <a href=\"http:\/\/www.sonarkids.com\/ca\/festivales\/barcelona-19-de-junio-2011\/musica\/barbara-i-els-morenos\"><strong>Barbara i Els Morenos<\/strong><\/a>, el set de <a href=\"http:\/\/www.sonarkids.com\/ca\/festivales\/barcelona-19-de-junio-2011\/musica\/angelo-palma-aka-amarelo\">dj Amarelo<\/a> i  les habilitats als plats dels nens <a href=\"http:\/\/www.sonarkids.com\/ca\/festivales\/barcelona-19-de-junio-2011\/musica\/pioneer-dj-kids\"><strong>Pioneer Dj Kids<\/strong><\/a>.<\/p>\n<p>El festival ofereix tamb\u00e9 <strong>un gran nombre d&#8217;activitats pensades per a la participaci\u00f3 i creaci\u00f3 col\u00b7lectiva<\/strong>, com una <a href=\"http:\/\/www.sonarkids.com\/ca\/festivales\/barcelona-19-de-junio-2011\/experiencias-creativas\/masterclass-de-street-dance\"><strong>masterclass de street dance<\/strong><\/a>, <a href=\"http:\/\/www.sonarkids.com\/ca\/festivales\/barcelona-19-de-junio-2011\/experiencias-creativas\/buildasound\"><strong>construccions amb cubs sonors<\/strong><\/a> o <a href=\"http:\/\/www.sonarkids.com\/ca\/festivales\/barcelona-19-de-junio-2011\/experiencias-creativas\/taller-de-djs_1\"><strong>tallers de djs<\/strong><\/a>, <a href=\"http:\/\/www.sonarkids.com\/ca\/festivales\/barcelona-19-de-junio-2011\/experiencias-creativas\/beatbox\"><strong>beatbox<\/strong><\/a> i <a href=\"http:\/\/www.sonarkids.com\/ca\/festivales\/barcelona-19-de-junio-2011\/experiencias-creativas\/skate_1\"><strong>skate<\/strong><\/a>, entre moltes altres propostes.<\/p>\n<p>A m\u00e9s, SonarKids presenta projeccions de curts d&#8217;animaci\u00f3 i l&#8217;exposici\u00f3 d&#8217;art multim\u00e8dia <a href=\"http:\/\/www.sonarkids.com\/ca\/festivales\/barcelona-19-de-junio-2011\/experiencias-creativas\/offfmatica-other-mirrors_1\"><strong>OFFFM\u00e0tica: Other Mirrors<\/strong><\/a>,  amb obres interactives d&#8217;artistes internacionals, com la m\u00e0quina que  dibuixa retrats mitjan\u00e7ant l\u00e0sers o el transformador d&#8217;ombres en p\u00edxels,  entre d\u2019altres.<\/p>\n<p>Els divertits personatges de <a href=\"http:\/\/pintatelotu.blogspot.com\/\" target=\"_blank\"><strong>Pintatelotu<\/strong><\/a> s\u00f3n  els protagonistes de la nova imatge de SonarKids. Pintatelotu  proposa  que els nens es diverteixin i aprenguin jugant i acolorint la  seva  galeria de personatges (monstres? extraterrestres? animals?); i a  \u00e9s  a ells -als m\u00e9s petits de la casa- a qui va dirigida la nova imatge   del festival.<\/p>\n<p>|<a title=\"Sonarkids\" href=\"http:\/\/www.sonarkids.com\/ca\/festivales\/barcelona-19-de-junio-2011\" target=\"_blank\">ACC\u00c9S AL WEB DE L&#8217;ESDEVENIMENT<\/a>|<\/p>\n","protected":false},"excerpt":{"rendered":"<p>Despr\u00e9s de l&#8217;\u00e8xit de les seves dues edicions anteriors, la 3\u00aa edici\u00f3 de SonarKids es presenta el diumenge 19 de juny com la culminaci\u00f3 ideal de S\u00f3nar 2011 per gaudir amb tota la fam\u00edlia.<\/p>\n","protected":false},"author":1,"featured_media":0,"comment_status":"open","ping_status":"open","sticky":false,"template":"","format":"standard","meta":{"_bbp_topic_count":0,"_bbp_reply_count":0,"_bbp_total_topic_count":0,"_bbp_total_reply_count":0,"_bbp_voice_count":0,"_bbp_anonymous_reply_count":0,"_bbp_topic_count_hidden":0,"_bbp_reply_count_hidden":0,"_bbp_forum_subforum_count":0,"site-sidebar-layout":"default","site-content-layout":"","ast-site-content-layout":"","site-content-style":"default","site-sidebar-style":"default","ast-global-header-display":"","ast-banner-title-visibility":"","ast-main-header-display":"","ast-hfb-above-header-display":"","ast-hfb-below-header-display":"","ast-hfb-mobile-header-display":"","site-post-title":"","ast-breadcrumbs-content":"","ast-featured-img":"","footer-sml-layout":"","theme-transparent-header-meta":"","adv-header-id-meta":"","stick-header-meta":"","header-above-stick-meta":"","header-main-stick-meta":"","header-below-stick-meta":"","astra-migrate-meta-layouts":"default","ast-page-background-enabled":"default","ast-page-background-meta":{"desktop":{"background-color":"var(--ast-global-color-4)","background-image":"","background-repeat":"repeat","background-position":"center center","background-size":"auto","background-attachment":"scroll","background-type":"","background-media":"","overlay-type":"","overlay-color":"","overlay-opacity":"","overlay-gradient":""},"tablet":{"background-color":"","background-image":"","background-repeat":"repeat","background-position":"center center","background-size":"auto","background-attachment":"scroll","background-type":"","background-media":"","overlay-type":"","overlay-color":"","overlay-opacity":"","overlay-gradient":""},"mobile":{"background-color":"","background-image":"","background-repeat":"repeat","background-position":"center center","background-size":"auto","background-attachment":"scroll","background-type":"","background-media":"","overlay-type":"","overlay-color":"","overlay-opacity":"","overlay-gradient":""}},"ast-content-background-meta":{"desktop":{"background-color":"var(--ast-global-color-5)","background-image":"","background-repeat":"repeat","background-position":"center center","background-size":"auto","background-attachment":"scroll","background-type":"","background-media":"","overlay-type":"","overlay-color":"","overlay-opacity":"","overlay-gradient":""},"tablet":{"background-color":"var(--ast-global-color-5)","background-image":"","background-repeat":"repeat","background-position":"center center","background-size":"auto","background-attachment":"scroll","background-type":"","background-media":"","overlay-type":"","overlay-color":"","overlay-opacity":"","overlay-gradient":""},"mobile":{"background-color":"var(--ast-global-color-5)","background-image":"","background-repeat":"repeat","background-position":"center center","background-size":"auto","background-attachment":"scroll","background-type":"","background-media":"","overlay-type":"","overlay-color":"","overlay-opacity":"","overlay-gradient":""}},"footnotes":""},"categories":[162],"tags":[189,222,264,348,433,759,800,942],"class_list":["post-2290","post","type-post","status-publish","format-standard","hentry","category-actualitat","tag-189","tag-alumnes","tag-barcelona","tag-comunitat-educativa","tag-educacio-artistica","tag-musica","tag-pares-i-mares","tag-sonar"],"post_mailing_queue_ids":[],"_links":{"self":[{"href":"https:\/\/serveiseducatius.xtec.cat\/baixllobregat6\/wp-json\/wp\/v2\/posts\/2290","targetHints":{"allow":["GET"]}}],"collection":[{"href":"https:\/\/serveiseducatius.xtec.cat\/baixllobregat6\/wp-json\/wp\/v2\/posts"}],"about":[{"href":"https:\/\/serveiseducatius.xtec.cat\/baixllobregat6\/wp-json\/wp\/v2\/types\/post"}],"author":[{"embeddable":true,"href":"https:\/\/serveiseducatius.xtec.cat\/baixllobregat6\/wp-json\/wp\/v2\/users\/1"}],"replies":[{"embeddable":true,"href":"https:\/\/serveiseducatius.xtec.cat\/baixllobregat6\/wp-json\/wp\/v2\/comments?post=2290"}],"version-history":[{"count":1,"href":"https:\/\/serveiseducatius.xtec.cat\/baixllobregat6\/wp-json\/wp\/v2\/posts\/2290\/revisions"}],"predecessor-version":[{"id":6274,"href":"https:\/\/serveiseducatius.xtec.cat\/baixllobregat6\/wp-json\/wp\/v2\/posts\/2290\/revisions\/6274"}],"wp:attachment":[{"href":"https:\/\/serveiseducatius.xtec.cat\/baixllobregat6\/wp-json\/wp\/v2\/media?parent=2290"}],"wp:term":[{"taxonomy":"category","embeddable":true,"href":"https:\/\/serveiseducatius.xtec.cat\/baixllobregat6\/wp-json\/wp\/v2\/categories?post=2290"},{"taxonomy":"post_tag","embeddable":true,"href":"https:\/\/serveiseducatius.xtec.cat\/baixllobregat6\/wp-json\/wp\/v2\/tags?post=2290"}],"curies":[{"name":"wp","href":"https:\/\/api.w.org\/{rel}","templated":true}]}}