{"id":22688,"date":"2022-05-20T09:58:20","date_gmt":"2022-05-20T07:58:20","guid":{"rendered":"https:\/\/serveiseducatius.xtec.cat\/baixllobregat6\/?p=22688"},"modified":"2022-05-20T09:58:35","modified_gmt":"2022-05-20T07:58:35","slug":"ronda-de-llibres-21-22-semifinals-escola-nova-escola-sant-marti","status":"publish","type":"post","link":"https:\/\/serveiseducatius.xtec.cat\/baixllobregat6\/se-baixllobregat6\/ronda-de-llibres-21-22-semifinals-escola-nova-escola-sant-marti\/","title":{"rendered":"Ronda de llibres 21-22: semifinals (Escola Nova &#8211; Escola Sant Mart\u00ed)"},"content":{"rendered":"<figure id=\"attachment_22690\" aria-describedby=\"caption-attachment-22690\" style=\"width: 1024px\" class=\"wp-caption aligncenter\"><img loading=\"lazy\" decoding=\"async\" class=\"wp-image-22690\" src=\"https:\/\/serveiseducatius.xtec.cat\/baixllobregat6\/wp-content\/uploads\/usu778\/2022\/05\/WhatsApp-Image-2022-05-19-at-13.44.56-1024x768.jpeg\" alt=\"\" width=\"1024\" height=\"768\" srcset=\"https:\/\/serveiseducatius.xtec.cat\/baixllobregat6\/wp-content\/uploads\/usu778\/2022\/05\/WhatsApp-Image-2022-05-19-at-13.44.56-1024x768.jpeg 1024w, https:\/\/serveiseducatius.xtec.cat\/baixllobregat6\/wp-content\/uploads\/usu778\/2022\/05\/WhatsApp-Image-2022-05-19-at-13.44.56-520x390.jpeg 520w, https:\/\/serveiseducatius.xtec.cat\/baixllobregat6\/wp-content\/uploads\/usu778\/2022\/05\/WhatsApp-Image-2022-05-19-at-13.44.56-768x576.jpeg 768w, https:\/\/serveiseducatius.xtec.cat\/baixllobregat6\/wp-content\/uploads\/usu778\/2022\/05\/WhatsApp-Image-2022-05-19-at-13.44.56-1536x1152.jpeg 1536w, https:\/\/serveiseducatius.xtec.cat\/baixllobregat6\/wp-content\/uploads\/usu778\/2022\/05\/WhatsApp-Image-2022-05-19-at-13.44.56-200x150.jpeg 200w, https:\/\/serveiseducatius.xtec.cat\/baixllobregat6\/wp-content\/uploads\/usu778\/2022\/05\/WhatsApp-Image-2022-05-19-at-13.44.56.jpeg 2048w\" sizes=\"auto, (max-width: 1024px) 100vw, 1024px\" \/><figcaption id=\"caption-attachment-22690\" class=\"wp-caption-text\">L&#8217;alumnat de 4t de l&#8217;Escola Nova de Cervell\u00f3<\/figcaption><\/figure>\n<p>&nbsp;<\/p>\n<p>Dimarts 17 de maig vam celebrar l&#8217;eliminat\u00f2ria de semifinals entre el grup de 4t de l&#8217;Escola Nova de Cervell\u00f3 i el grup de 4tA de l&#8217;Escola Sant Mart\u00ed, de Torrelles de Llobregat.<!--more--><\/p>\n<p>Les rondes cada cop s\u00f3n m\u00e9s renyides i decisives. Les preguntes tamb\u00e9 s\u00f3n m\u00e9s complicades i requereixen una concentraci\u00f3 dif\u00edcil d&#8217;aconseguir. L&#8217;alumnat ha de controlar uns nervis que s\u00f3n ben presents i que les mestres ajuden a modular. Tant el coneixement profund dels llibres treballats com la sort hi juguen un paper important. La classe finalista ha estat 4tB de l&#8217;Escola Sant Mart\u00ed. Felicitem les dues escoles per la feina feta i l&#8217;actitud noble que han demostrat.<\/p>\n<p>&nbsp;<\/p>\n<figure id=\"attachment_22689\" aria-describedby=\"caption-attachment-22689\" style=\"width: 1024px\" class=\"wp-caption aligncenter\"><img loading=\"lazy\" decoding=\"async\" class=\"wp-image-22689 size-large\" src=\"https:\/\/serveiseducatius.xtec.cat\/baixllobregat6\/wp-content\/uploads\/usu778\/2022\/05\/WhatsApp-Image-2022-05-19-at-13.35.43-1024x768.jpeg\" alt=\"\" width=\"1024\" height=\"768\" srcset=\"https:\/\/serveiseducatius.xtec.cat\/baixllobregat6\/wp-content\/uploads\/usu778\/2022\/05\/WhatsApp-Image-2022-05-19-at-13.35.43-1024x768.jpeg 1024w, https:\/\/serveiseducatius.xtec.cat\/baixllobregat6\/wp-content\/uploads\/usu778\/2022\/05\/WhatsApp-Image-2022-05-19-at-13.35.43-520x390.jpeg 520w, https:\/\/serveiseducatius.xtec.cat\/baixllobregat6\/wp-content\/uploads\/usu778\/2022\/05\/WhatsApp-Image-2022-05-19-at-13.35.43-768x576.jpeg 768w, https:\/\/serveiseducatius.xtec.cat\/baixllobregat6\/wp-content\/uploads\/usu778\/2022\/05\/WhatsApp-Image-2022-05-19-at-13.35.43-1536x1152.jpeg 1536w, https:\/\/serveiseducatius.xtec.cat\/baixllobregat6\/wp-content\/uploads\/usu778\/2022\/05\/WhatsApp-Image-2022-05-19-at-13.35.43-200x150.jpeg 200w, https:\/\/serveiseducatius.xtec.cat\/baixllobregat6\/wp-content\/uploads\/usu778\/2022\/05\/WhatsApp-Image-2022-05-19-at-13.35.43.jpeg 2000w\" sizes=\"auto, (max-width: 1024px) 100vw, 1024px\" \/><figcaption id=\"caption-attachment-22689\" class=\"wp-caption-text\">L\u2019alumnat de 4tA de l\u2019Escola Sant Mart\u00ed de Torrelles de Llobregat<\/figcaption><\/figure>\n","protected":false},"excerpt":{"rendered":"<p>&nbsp; Dimarts 17 de maig vam celebrar l&#8217;eliminat\u00f2ria de semifinals entre el grup de 4t de l&#8217;Escola Nova de Cervell\u00f3 i el grup de 4tA de l&#8217;Escola Sant Mart\u00ed, de Torrelles de Llobregat.<\/p>\n","protected":false},"author":1,"featured_media":22690,"comment_status":"open","ping_status":"closed","sticky":false,"template":"","format":"standard","meta":{"_bbp_topic_count":0,"_bbp_reply_count":0,"_bbp_total_topic_count":0,"_bbp_total_reply_count":0,"_bbp_voice_count":0,"_bbp_anonymous_reply_count":0,"_bbp_topic_count_hidden":0,"_bbp_reply_count_hidden":0,"_bbp_forum_subforum_count":0,"site-sidebar-layout":"default","site-content-layout":"","ast-site-content-layout":"","site-content-style":"default","site-sidebar-style":"default","ast-global-header-display":"","ast-banner-title-visibility":"","ast-main-header-display":"","ast-hfb-above-header-display":"","ast-hfb-below-header-display":"","ast-hfb-mobile-header-display":"","site-post-title":"","ast-breadcrumbs-content":"","ast-featured-img":"","footer-sml-layout":"","theme-transparent-header-meta":"","adv-header-id-meta":"","stick-header-meta":"","header-above-stick-meta":"","header-main-stick-meta":"","header-below-stick-meta":"","astra-migrate-meta-layouts":"default","ast-page-background-enabled":"default","ast-page-background-meta":{"desktop":{"background-color":"var(--ast-global-color-4)","background-image":"","background-repeat":"repeat","background-position":"center center","background-size":"auto","background-attachment":"scroll","background-type":"","background-media":"","overlay-type":"","overlay-color":"","overlay-opacity":"","overlay-gradient":""},"tablet":{"background-color":"","background-image":"","background-repeat":"repeat","background-position":"center center","background-size":"auto","background-attachment":"scroll","background-type":"","background-media":"","overlay-type":"","overlay-color":"","overlay-opacity":"","overlay-gradient":""},"mobile":{"background-color":"","background-image":"","background-repeat":"repeat","background-position":"center center","background-size":"auto","background-attachment":"scroll","background-type":"","background-media":"","overlay-type":"","overlay-color":"","overlay-opacity":"","overlay-gradient":""}},"ast-content-background-meta":{"desktop":{"background-color":"var(--ast-global-color-5)","background-image":"","background-repeat":"repeat","background-position":"center center","background-size":"auto","background-attachment":"scroll","background-type":"","background-media":"","overlay-type":"","overlay-color":"","overlay-opacity":"","overlay-gradient":""},"tablet":{"background-color":"var(--ast-global-color-5)","background-image":"","background-repeat":"repeat","background-position":"center center","background-size":"auto","background-attachment":"scroll","background-type":"","background-media":"","overlay-type":"","overlay-color":"","overlay-opacity":"","overlay-gradient":""},"mobile":{"background-color":"var(--ast-global-color-5)","background-image":"","background-repeat":"repeat","background-position":"center center","background-size":"auto","background-attachment":"scroll","background-type":"","background-media":"","overlay-type":"","overlay-color":"","overlay-opacity":"","overlay-gradient":""}},"footnotes":""},"categories":[66,29,1041],"tags":[403,2841,2215,897],"class_list":["post-22688","post","type-post","status-publish","format-standard","has-post-thumbnail","hentry","category-dinamitzacio","category-se-baixllobregat6","category-ronda-de-llibres","tag-dinamica-educativa","tag-dinamica-lectora","tag-reporteducacio","tag-ronda-de-llibres"],"post_mailing_queue_ids":[],"_links":{"self":[{"href":"https:\/\/serveiseducatius.xtec.cat\/baixllobregat6\/wp-json\/wp\/v2\/posts\/22688","targetHints":{"allow":["GET"]}}],"collection":[{"href":"https:\/\/serveiseducatius.xtec.cat\/baixllobregat6\/wp-json\/wp\/v2\/posts"}],"about":[{"href":"https:\/\/serveiseducatius.xtec.cat\/baixllobregat6\/wp-json\/wp\/v2\/types\/post"}],"author":[{"embeddable":true,"href":"https:\/\/serveiseducatius.xtec.cat\/baixllobregat6\/wp-json\/wp\/v2\/users\/1"}],"replies":[{"embeddable":true,"href":"https:\/\/serveiseducatius.xtec.cat\/baixllobregat6\/wp-json\/wp\/v2\/comments?post=22688"}],"version-history":[{"count":3,"href":"https:\/\/serveiseducatius.xtec.cat\/baixllobregat6\/wp-json\/wp\/v2\/posts\/22688\/revisions"}],"predecessor-version":[{"id":22709,"href":"https:\/\/serveiseducatius.xtec.cat\/baixllobregat6\/wp-json\/wp\/v2\/posts\/22688\/revisions\/22709"}],"wp:featuredmedia":[{"embeddable":true,"href":"https:\/\/serveiseducatius.xtec.cat\/baixllobregat6\/wp-json\/wp\/v2\/media\/22690"}],"wp:attachment":[{"href":"https:\/\/serveiseducatius.xtec.cat\/baixllobregat6\/wp-json\/wp\/v2\/media?parent=22688"}],"wp:term":[{"taxonomy":"category","embeddable":true,"href":"https:\/\/serveiseducatius.xtec.cat\/baixllobregat6\/wp-json\/wp\/v2\/categories?post=22688"},{"taxonomy":"post_tag","embeddable":true,"href":"https:\/\/serveiseducatius.xtec.cat\/baixllobregat6\/wp-json\/wp\/v2\/tags?post=22688"}],"curies":[{"name":"wp","href":"https:\/\/api.w.org\/{rel}","templated":true}]}}