{"id":22669,"date":"2022-05-16T11:01:19","date_gmt":"2022-05-16T09:01:19","guid":{"rendered":"https:\/\/serveiseducatius.xtec.cat\/baixllobregat6\/?p=22669"},"modified":"2022-05-16T11:01:19","modified_gmt":"2022-05-16T09:01:19","slug":"ronda-de-llibres-21-22-semifinals-escola-sant-jordi-escola-sant-marti","status":"publish","type":"post","link":"https:\/\/serveiseducatius.xtec.cat\/baixllobregat6\/se-baixllobregat6\/ronda-de-llibres-21-22-semifinals-escola-sant-jordi-escola-sant-marti\/","title":{"rendered":"Ronda de llibres 21-22: semifinals (Escola Sant Jordi &#8211; Escola Sant Mart\u00ed)"},"content":{"rendered":"<figure id=\"attachment_22664\" aria-describedby=\"caption-attachment-22664\" style=\"width: 1024px\" class=\"wp-caption aligncenter\"><img loading=\"lazy\" decoding=\"async\" class=\"wp-image-22664 size-full\" src=\"https:\/\/serveiseducatius.xtec.cat\/baixllobregat6\/wp-content\/uploads\/usu778\/2022\/05\/WhatsApp-Image-2022-05-16-at-10.48.23.jpeg\" alt=\"\" width=\"1024\" height=\"768\" srcset=\"https:\/\/serveiseducatius.xtec.cat\/baixllobregat6\/wp-content\/uploads\/usu778\/2022\/05\/WhatsApp-Image-2022-05-16-at-10.48.23.jpeg 1024w, https:\/\/serveiseducatius.xtec.cat\/baixllobregat6\/wp-content\/uploads\/usu778\/2022\/05\/WhatsApp-Image-2022-05-16-at-10.48.23-520x390.jpeg 520w, https:\/\/serveiseducatius.xtec.cat\/baixllobregat6\/wp-content\/uploads\/usu778\/2022\/05\/WhatsApp-Image-2022-05-16-at-10.48.23-768x576.jpeg 768w, https:\/\/serveiseducatius.xtec.cat\/baixllobregat6\/wp-content\/uploads\/usu778\/2022\/05\/WhatsApp-Image-2022-05-16-at-10.48.23-200x150.jpeg 200w\" sizes=\"auto, (max-width: 1024px) 100vw, 1024px\" \/><figcaption id=\"caption-attachment-22664\" class=\"wp-caption-text\">L&#8217;alumnat de 4t de l&#8217;Escola Sant Jordi<\/figcaption><\/figure>\n<p>Avui dilluns 16 de maig ha estat l&#8217;eliminat\u00f2ria de semifinals que enfrontava la classe de 4t de l&#8217;Escola Sant Jordi, de Sant Vicen\u00e7 dels Horts, amb la classe de 4tB de l&#8217;Escola Sant Mart\u00ed, de Torrelles de Llobregat.<!--more--><\/p>\n<p>Ja es comen\u00e7a a notar que estem en rondes decisives \u2013el guanyador d&#8217;avui era directament finalista, ni m\u00e9s, ni menys\u2013 i els nervis ja afloren a cada pregunta que es fa de la Ronda. Ha estat una eliminat\u00f2ria molt competida, empatada gaireb\u00e9 tota l&#8217;estona, que s&#8217;ha acabat resolent a la pregunta del darrer llibre: l&#8217;Animalari de l&#8217;Enric Larreula. Al final ja tenim la primera classe finalista, que \u00e9s l&#8217;alumnat de 4tB de l&#8217;Escola Sant Mart\u00ed.<\/p>\n<figure id=\"attachment_22665\" aria-describedby=\"caption-attachment-22665\" style=\"width: 1024px\" class=\"wp-caption aligncenter\"><img loading=\"lazy\" decoding=\"async\" class=\"wp-image-22665 size-full\" src=\"https:\/\/serveiseducatius.xtec.cat\/baixllobregat6\/wp-content\/uploads\/usu778\/2022\/05\/WhatsApp-Image-2022-05-16-at-10.53.03-1.jpeg\" alt=\"\" width=\"1024\" height=\"768\" srcset=\"https:\/\/serveiseducatius.xtec.cat\/baixllobregat6\/wp-content\/uploads\/usu778\/2022\/05\/WhatsApp-Image-2022-05-16-at-10.53.03-1.jpeg 1024w, https:\/\/serveiseducatius.xtec.cat\/baixllobregat6\/wp-content\/uploads\/usu778\/2022\/05\/WhatsApp-Image-2022-05-16-at-10.53.03-1-520x390.jpeg 520w, https:\/\/serveiseducatius.xtec.cat\/baixllobregat6\/wp-content\/uploads\/usu778\/2022\/05\/WhatsApp-Image-2022-05-16-at-10.53.03-1-768x576.jpeg 768w, https:\/\/serveiseducatius.xtec.cat\/baixllobregat6\/wp-content\/uploads\/usu778\/2022\/05\/WhatsApp-Image-2022-05-16-at-10.53.03-1-200x150.jpeg 200w\" sizes=\"auto, (max-width: 1024px) 100vw, 1024px\" \/><figcaption id=\"caption-attachment-22665\" class=\"wp-caption-text\">L&#8217;alumnat de 4tB de l&#8217;Escola Sant Mart\u00ed de Torrelles de Llobregat<\/figcaption><\/figure>\n<p>Moltes felicitats a ambdues escoles per fer-ho tan i tan b\u00e9! Dem\u00e0 m\u00e9s amb l&#8217;eliminat\u00f2ria que enfronta l&#8217;alumnat de 4tA del mateix Sant Mart\u00ed amb l&#8217;Escola Nova de Cervell\u00f3. Bona Ronda!<\/p>\n","protected":false},"excerpt":{"rendered":"<p>Avui dilluns 16 de maig ha estat l&#8217;eliminat\u00f2ria de semifinals que enfrontava la classe de 4t de l&#8217;Escola Sant Jordi, de Sant Vicen\u00e7 dels Horts, amb la classe de 4tB de l&#8217;Escola Sant Mart\u00ed, de Torrelles de Llobregat.<\/p>\n","protected":false},"author":1,"featured_media":0,"comment_status":"open","ping_status":"closed","sticky":false,"template":"","format":"standard","meta":{"_bbp_topic_count":0,"_bbp_reply_count":0,"_bbp_total_topic_count":0,"_bbp_total_reply_count":0,"_bbp_voice_count":0,"_bbp_anonymous_reply_count":0,"_bbp_topic_count_hidden":0,"_bbp_reply_count_hidden":0,"_bbp_forum_subforum_count":0,"site-sidebar-layout":"default","site-content-layout":"","ast-site-content-layout":"","site-content-style":"default","site-sidebar-style":"default","ast-global-header-display":"","ast-banner-title-visibility":"","ast-main-header-display":"","ast-hfb-above-header-display":"","ast-hfb-below-header-display":"","ast-hfb-mobile-header-display":"","site-post-title":"","ast-breadcrumbs-content":"","ast-featured-img":"","footer-sml-layout":"","theme-transparent-header-meta":"","adv-header-id-meta":"","stick-header-meta":"","header-above-stick-meta":"","header-main-stick-meta":"","header-below-stick-meta":"","astra-migrate-meta-layouts":"default","ast-page-background-enabled":"default","ast-page-background-meta":{"desktop":{"background-color":"var(--ast-global-color-4)","background-image":"","background-repeat":"repeat","background-position":"center center","background-size":"auto","background-attachment":"scroll","background-type":"","background-media":"","overlay-type":"","overlay-color":"","overlay-opacity":"","overlay-gradient":""},"tablet":{"background-color":"","background-image":"","background-repeat":"repeat","background-position":"center center","background-size":"auto","background-attachment":"scroll","background-type":"","background-media":"","overlay-type":"","overlay-color":"","overlay-opacity":"","overlay-gradient":""},"mobile":{"background-color":"","background-image":"","background-repeat":"repeat","background-position":"center center","background-size":"auto","background-attachment":"scroll","background-type":"","background-media":"","overlay-type":"","overlay-color":"","overlay-opacity":"","overlay-gradient":""}},"ast-content-background-meta":{"desktop":{"background-color":"var(--ast-global-color-5)","background-image":"","background-repeat":"repeat","background-position":"center center","background-size":"auto","background-attachment":"scroll","background-type":"","background-media":"","overlay-type":"","overlay-color":"","overlay-opacity":"","overlay-gradient":""},"tablet":{"background-color":"var(--ast-global-color-5)","background-image":"","background-repeat":"repeat","background-position":"center center","background-size":"auto","background-attachment":"scroll","background-type":"","background-media":"","overlay-type":"","overlay-color":"","overlay-opacity":"","overlay-gradient":""},"mobile":{"background-color":"var(--ast-global-color-5)","background-image":"","background-repeat":"repeat","background-position":"center center","background-size":"auto","background-attachment":"scroll","background-type":"","background-media":"","overlay-type":"","overlay-color":"","overlay-opacity":"","overlay-gradient":""}},"footnotes":""},"categories":[66,29,1041],"tags":[403,2841,2215,897],"class_list":["post-22669","post","type-post","status-publish","format-standard","hentry","category-dinamitzacio","category-se-baixllobregat6","category-ronda-de-llibres","tag-dinamica-educativa","tag-dinamica-lectora","tag-reporteducacio","tag-ronda-de-llibres"],"post_mailing_queue_ids":[],"_links":{"self":[{"href":"https:\/\/serveiseducatius.xtec.cat\/baixllobregat6\/wp-json\/wp\/v2\/posts\/22669","targetHints":{"allow":["GET"]}}],"collection":[{"href":"https:\/\/serveiseducatius.xtec.cat\/baixllobregat6\/wp-json\/wp\/v2\/posts"}],"about":[{"href":"https:\/\/serveiseducatius.xtec.cat\/baixllobregat6\/wp-json\/wp\/v2\/types\/post"}],"author":[{"embeddable":true,"href":"https:\/\/serveiseducatius.xtec.cat\/baixllobregat6\/wp-json\/wp\/v2\/users\/1"}],"replies":[{"embeddable":true,"href":"https:\/\/serveiseducatius.xtec.cat\/baixllobregat6\/wp-json\/wp\/v2\/comments?post=22669"}],"version-history":[{"count":2,"href":"https:\/\/serveiseducatius.xtec.cat\/baixllobregat6\/wp-json\/wp\/v2\/posts\/22669\/revisions"}],"predecessor-version":[{"id":22707,"href":"https:\/\/serveiseducatius.xtec.cat\/baixllobregat6\/wp-json\/wp\/v2\/posts\/22669\/revisions\/22707"}],"wp:attachment":[{"href":"https:\/\/serveiseducatius.xtec.cat\/baixllobregat6\/wp-json\/wp\/v2\/media?parent=22669"}],"wp:term":[{"taxonomy":"category","embeddable":true,"href":"https:\/\/serveiseducatius.xtec.cat\/baixllobregat6\/wp-json\/wp\/v2\/categories?post=22669"},{"taxonomy":"post_tag","embeddable":true,"href":"https:\/\/serveiseducatius.xtec.cat\/baixllobregat6\/wp-json\/wp\/v2\/tags?post=22669"}],"curies":[{"name":"wp","href":"https:\/\/api.w.org\/{rel}","templated":true}]}}