{"id":22653,"date":"2022-05-12T12:04:36","date_gmt":"2022-05-12T10:04:36","guid":{"rendered":"https:\/\/serveiseducatius.xtec.cat\/baixllobregat6\/?p=22653"},"modified":"2022-05-12T12:04:36","modified_gmt":"2022-05-12T10:04:36","slug":"ronda-de-llibres-21-22-quarts-de-final-escola-puig-dagulles-escola-sant-marti-a","status":"publish","type":"post","link":"https:\/\/serveiseducatius.xtec.cat\/baixllobregat6\/se-baixllobregat6\/ronda-de-llibres-21-22-quarts-de-final-escola-puig-dagulles-escola-sant-marti-a\/","title":{"rendered":"Ronda de llibres 21-22: quarts de final (Escola Puig d&#8217;Agulles &#8211; Escola Sant Mart\u00ed A)"},"content":{"rendered":"<figure id=\"attachment_22590\" aria-describedby=\"caption-attachment-22590\" style=\"width: 1024px\" class=\"wp-caption aligncenter\"><img loading=\"lazy\" decoding=\"async\" class=\"wp-image-22590 size-full\" src=\"https:\/\/serveiseducatius.xtec.cat\/baixllobregat6\/wp-content\/uploads\/usu778\/2022\/05\/Puig-dAgulles.jpg\" alt=\"\" width=\"1024\" height=\"768\" srcset=\"https:\/\/serveiseducatius.xtec.cat\/baixllobregat6\/wp-content\/uploads\/usu778\/2022\/05\/Puig-dAgulles.jpg 1024w, https:\/\/serveiseducatius.xtec.cat\/baixllobregat6\/wp-content\/uploads\/usu778\/2022\/05\/Puig-dAgulles-520x390.jpg 520w, https:\/\/serveiseducatius.xtec.cat\/baixllobregat6\/wp-content\/uploads\/usu778\/2022\/05\/Puig-dAgulles-768x576.jpg 768w, https:\/\/serveiseducatius.xtec.cat\/baixllobregat6\/wp-content\/uploads\/usu778\/2022\/05\/Puig-dAgulles-200x150.jpg 200w\" sizes=\"auto, (max-width: 1024px) 100vw, 1024px\" \/><figcaption id=\"caption-attachment-22590\" class=\"wp-caption-text\">L&#8217;alumnat de 4t de l&#8217;Escola Puig d&#8217;Agulles<\/figcaption><\/figure>\n<p>Avui dijous 12 de maig ha estat el torn de l&#8217;eliminat\u00f2ria de quarts de final que enfrontava la classe de 4t de l&#8217;escola Puig d&#8217;Agulles de Corbera de Llobregat, amb la classe de 4tA de l&#8217;Escola Sant Mart\u00ed de Torrelles de Llobregat. <!--more--><\/p>\n<p>L&#8217;eliminat\u00f2ria ha comptat amb moltes preguntes de les dif\u00edcils, per\u00f2 tot i aix\u00ed ha acabat amb un igualat 4 a 6 a favor de l&#8217;Escola Sant Mart\u00ed, que \u00e9s la que passa a la seg\u00fcent ronda.<\/p>\n<figure id=\"attachment_22654\" aria-describedby=\"caption-attachment-22654\" style=\"width: 1024px\" class=\"wp-caption aligncenter\"><img loading=\"lazy\" decoding=\"async\" class=\"wp-image-22654 size-large\" src=\"https:\/\/serveiseducatius.xtec.cat\/baixllobregat6\/wp-content\/uploads\/usu778\/2022\/05\/WhatsApp-Image-2022-05-12-at-12.01.13-1024x768.jpeg\" alt=\"\" width=\"1024\" height=\"768\" srcset=\"https:\/\/serveiseducatius.xtec.cat\/baixllobregat6\/wp-content\/uploads\/usu778\/2022\/05\/WhatsApp-Image-2022-05-12-at-12.01.13-1024x768.jpeg 1024w, https:\/\/serveiseducatius.xtec.cat\/baixllobregat6\/wp-content\/uploads\/usu778\/2022\/05\/WhatsApp-Image-2022-05-12-at-12.01.13-520x390.jpeg 520w, https:\/\/serveiseducatius.xtec.cat\/baixllobregat6\/wp-content\/uploads\/usu778\/2022\/05\/WhatsApp-Image-2022-05-12-at-12.01.13-768x576.jpeg 768w, https:\/\/serveiseducatius.xtec.cat\/baixllobregat6\/wp-content\/uploads\/usu778\/2022\/05\/WhatsApp-Image-2022-05-12-at-12.01.13-1536x1152.jpeg 1536w, https:\/\/serveiseducatius.xtec.cat\/baixllobregat6\/wp-content\/uploads\/usu778\/2022\/05\/WhatsApp-Image-2022-05-12-at-12.01.13-200x150.jpeg 200w, https:\/\/serveiseducatius.xtec.cat\/baixllobregat6\/wp-content\/uploads\/usu778\/2022\/05\/WhatsApp-Image-2022-05-12-at-12.01.13.jpeg 2000w\" sizes=\"auto, (max-width: 1024px) 100vw, 1024px\" \/><figcaption id=\"caption-attachment-22654\" class=\"wp-caption-text\">L&#8217;alumnat de 4t de l&#8217;Escola St. Mart\u00ed<\/figcaption><\/figure>\n<p>Moltes felicitats als dos centres participants per l&#8217;alt nivell demostrat! Seguim!<\/p>\n","protected":false},"excerpt":{"rendered":"<p>Avui dijous 12 de maig ha estat el torn de l&#8217;eliminat\u00f2ria de quarts de final que enfrontava la classe de 4t de l&#8217;escola Puig d&#8217;Agulles de Corbera de Llobregat, amb la classe de 4tA de l&#8217;Escola Sant Mart\u00ed de Torrelles de Llobregat.<\/p>\n","protected":false},"author":1,"featured_media":22590,"comment_status":"open","ping_status":"closed","sticky":false,"template":"","format":"standard","meta":{"_bbp_topic_count":0,"_bbp_reply_count":0,"_bbp_total_topic_count":0,"_bbp_total_reply_count":0,"_bbp_voice_count":0,"_bbp_anonymous_reply_count":0,"_bbp_topic_count_hidden":0,"_bbp_reply_count_hidden":0,"_bbp_forum_subforum_count":0,"site-sidebar-layout":"default","site-content-layout":"","ast-site-content-layout":"","site-content-style":"default","site-sidebar-style":"default","ast-global-header-display":"","ast-banner-title-visibility":"","ast-main-header-display":"","ast-hfb-above-header-display":"","ast-hfb-below-header-display":"","ast-hfb-mobile-header-display":"","site-post-title":"","ast-breadcrumbs-content":"","ast-featured-img":"","footer-sml-layout":"","theme-transparent-header-meta":"","adv-header-id-meta":"","stick-header-meta":"","header-above-stick-meta":"","header-main-stick-meta":"","header-below-stick-meta":"","astra-migrate-meta-layouts":"default","ast-page-background-enabled":"default","ast-page-background-meta":{"desktop":{"background-color":"var(--ast-global-color-4)","background-image":"","background-repeat":"repeat","background-position":"center center","background-size":"auto","background-attachment":"scroll","background-type":"","background-media":"","overlay-type":"","overlay-color":"","overlay-opacity":"","overlay-gradient":""},"tablet":{"background-color":"","background-image":"","background-repeat":"repeat","background-position":"center center","background-size":"auto","background-attachment":"scroll","background-type":"","background-media":"","overlay-type":"","overlay-color":"","overlay-opacity":"","overlay-gradient":""},"mobile":{"background-color":"","background-image":"","background-repeat":"repeat","background-position":"center center","background-size":"auto","background-attachment":"scroll","background-type":"","background-media":"","overlay-type":"","overlay-color":"","overlay-opacity":"","overlay-gradient":""}},"ast-content-background-meta":{"desktop":{"background-color":"var(--ast-global-color-5)","background-image":"","background-repeat":"repeat","background-position":"center center","background-size":"auto","background-attachment":"scroll","background-type":"","background-media":"","overlay-type":"","overlay-color":"","overlay-opacity":"","overlay-gradient":""},"tablet":{"background-color":"var(--ast-global-color-5)","background-image":"","background-repeat":"repeat","background-position":"center center","background-size":"auto","background-attachment":"scroll","background-type":"","background-media":"","overlay-type":"","overlay-color":"","overlay-opacity":"","overlay-gradient":""},"mobile":{"background-color":"var(--ast-global-color-5)","background-image":"","background-repeat":"repeat","background-position":"center center","background-size":"auto","background-attachment":"scroll","background-type":"","background-media":"","overlay-type":"","overlay-color":"","overlay-opacity":"","overlay-gradient":""}},"footnotes":""},"categories":[66,29,1041],"tags":[403,2841,2215,897],"class_list":["post-22653","post","type-post","status-publish","format-standard","has-post-thumbnail","hentry","category-dinamitzacio","category-se-baixllobregat6","category-ronda-de-llibres","tag-dinamica-educativa","tag-dinamica-lectora","tag-reporteducacio","tag-ronda-de-llibres"],"post_mailing_queue_ids":[],"_links":{"self":[{"href":"https:\/\/serveiseducatius.xtec.cat\/baixllobregat6\/wp-json\/wp\/v2\/posts\/22653","targetHints":{"allow":["GET"]}}],"collection":[{"href":"https:\/\/serveiseducatius.xtec.cat\/baixllobregat6\/wp-json\/wp\/v2\/posts"}],"about":[{"href":"https:\/\/serveiseducatius.xtec.cat\/baixllobregat6\/wp-json\/wp\/v2\/types\/post"}],"author":[{"embeddable":true,"href":"https:\/\/serveiseducatius.xtec.cat\/baixllobregat6\/wp-json\/wp\/v2\/users\/1"}],"replies":[{"embeddable":true,"href":"https:\/\/serveiseducatius.xtec.cat\/baixllobregat6\/wp-json\/wp\/v2\/comments?post=22653"}],"version-history":[{"count":1,"href":"https:\/\/serveiseducatius.xtec.cat\/baixllobregat6\/wp-json\/wp\/v2\/posts\/22653\/revisions"}],"predecessor-version":[{"id":22655,"href":"https:\/\/serveiseducatius.xtec.cat\/baixllobregat6\/wp-json\/wp\/v2\/posts\/22653\/revisions\/22655"}],"wp:featuredmedia":[{"embeddable":true,"href":"https:\/\/serveiseducatius.xtec.cat\/baixllobregat6\/wp-json\/wp\/v2\/media\/22590"}],"wp:attachment":[{"href":"https:\/\/serveiseducatius.xtec.cat\/baixllobregat6\/wp-json\/wp\/v2\/media?parent=22653"}],"wp:term":[{"taxonomy":"category","embeddable":true,"href":"https:\/\/serveiseducatius.xtec.cat\/baixllobregat6\/wp-json\/wp\/v2\/categories?post=22653"},{"taxonomy":"post_tag","embeddable":true,"href":"https:\/\/serveiseducatius.xtec.cat\/baixllobregat6\/wp-json\/wp\/v2\/tags?post=22653"}],"curies":[{"name":"wp","href":"https:\/\/api.w.org\/{rel}","templated":true}]}}