{"id":22381,"date":"2022-04-01T09:33:39","date_gmt":"2022-04-01T07:33:39","guid":{"rendered":"https:\/\/serveiseducatius.xtec.cat\/baixllobregat6\/?p=22381"},"modified":"2022-04-01T09:34:38","modified_gmt":"2022-04-01T07:34:38","slug":"be-per-la-be-la-biblioteca-escolar-un-be-irrenunciable","status":"publish","type":"post","link":"https:\/\/serveiseducatius.xtec.cat\/baixllobregat6\/se-baixllobregat6\/be-per-la-be-la-biblioteca-escolar-un-be-irrenunciable\/","title":{"rendered":"B\u00e9 per la BE! La biblioteca escolar, un b\u00e9 irrenunciable"},"content":{"rendered":"<p><img loading=\"lazy\" decoding=\"async\" class=\" wp-image-22382 alignleft\" src=\"https:\/\/serveiseducatius.xtec.cat\/baixllobregat6\/wp-content\/uploads\/usu778\/2022\/04\/Be-per-la-BE.png\" alt=\"\" width=\"330\" height=\"423\" \/><\/p>\n<div>\n<div class=\"separator\">\n<div class=\"separator\">\n<div class=\"separator\">\n<div class=\"separator\"><\/div>\n<\/div>\n<\/div>\n<\/div>\n<\/div>\n<p>Tal i com informen des del web <a href=\"https:\/\/grupbibliomedia.blogspot.com\/\">Bibliom\u00e8dia<\/a>, el proper dissabte dia 30 d&#8217;abril del 2022 tindr\u00e0 lloc a l&#8217;Hospitalet de Llobregat una matinal dedicada a la biblioteca escolar organitzada amb el suport de l&#8217;Ajuntament de l&#8217;Hospitalet de Llobregat i l&#8217;Associaci\u00f3 de Mestres Rosa sensat: B\u00e9 per la BE! La biblioteca escolar, un b\u00e9 irrenunciable.<\/p>\n<p>Ens reunirem i acomodarem a la Sala d&#8217;Actes de la Biblioteca P\u00fablica Tecla Sala de l&#8217;H entre les 9-9:30 del mat\u00ed. En aquesta ocasi\u00f3 s&#8217;oferiran 3 activitats en 3 espais molt diferents.<!--more--><\/p>\n<p>El primer espai \u00e9s a la pr\u00f2pia Sala d&#8217;Actes de la biblioteca;\u00a0 el segon \u00e9s, a la Sala Infantil i el tercer espai el trobarem creuant el carrer. A l&#8217;espai Llamps i Centelles que de ben segur alguns de vosaltres ja coneixeu.<\/p>\n<p>Els assistents podreu triar dues d&#8217;aquestes 3 activitats i aix\u00ed ho heu de consignar en el<b>\u00a0<a href=\"https:\/\/docs.google.com\/forms\/d\/e\/1FAIpQLScVREc40YQnGJOX1-u5P1zNpCQ0xYfSQSPFPdLe-VV_HpERGg\/viewform\" target=\"_blank\" rel=\"noopener\">formulari d&#8217;inscripci\u00f3<\/a>.<\/b>\u00a0Com solem fer tamb\u00e9 hi haur\u00e0 una petita pausa a mig mat\u00ed i podreu optar en compartir el dinar en un restaurant proper.<\/p>\n<p>Per a m\u00e9s informaci\u00f3 accediu <a href=\"http:\/\/grupbibliomedia.blogspot.com\/2022\/03\/be-per-la-be-la-biblioteca-escolar-un.html\">aqu\u00ed<\/a><\/p>\n","protected":false},"excerpt":{"rendered":"<p>Tal i com informen des del web Bibliom\u00e8dia, el proper dissabte dia 30 d&#8217;abril del 2022 tindr\u00e0 lloc a l&#8217;Hospitalet de Llobregat una matinal dedicada a la biblioteca escolar organitzada amb el suport de l&#8217;Ajuntament de l&#8217;Hospitalet de Llobregat i l&#8217;Associaci\u00f3 de Mestres Rosa sensat: B\u00e9 per la BE! La biblioteca escolar, un b\u00e9 irrenunciable. [&hellip;]<\/p>\n","protected":false},"author":1,"featured_media":22382,"comment_status":"open","ping_status":"closed","sticky":false,"template":"","format":"standard","meta":{"_bbp_topic_count":0,"_bbp_reply_count":0,"_bbp_total_topic_count":0,"_bbp_total_reply_count":0,"_bbp_voice_count":0,"_bbp_anonymous_reply_count":0,"_bbp_topic_count_hidden":0,"_bbp_reply_count_hidden":0,"_bbp_forum_subforum_count":0,"site-sidebar-layout":"default","site-content-layout":"","ast-site-content-layout":"","site-content-style":"default","site-sidebar-style":"default","ast-global-header-display":"","ast-banner-title-visibility":"","ast-main-header-display":"","ast-hfb-above-header-display":"","ast-hfb-below-header-display":"","ast-hfb-mobile-header-display":"","site-post-title":"","ast-breadcrumbs-content":"","ast-featured-img":"","footer-sml-layout":"","theme-transparent-header-meta":"","adv-header-id-meta":"","stick-header-meta":"","header-above-stick-meta":"","header-main-stick-meta":"","header-below-stick-meta":"","astra-migrate-meta-layouts":"default","ast-page-background-enabled":"default","ast-page-background-meta":{"desktop":{"background-color":"var(--ast-global-color-4)","background-image":"","background-repeat":"repeat","background-position":"center center","background-size":"auto","background-attachment":"scroll","background-type":"","background-media":"","overlay-type":"","overlay-color":"","overlay-opacity":"","overlay-gradient":""},"tablet":{"background-color":"","background-image":"","background-repeat":"repeat","background-position":"center center","background-size":"auto","background-attachment":"scroll","background-type":"","background-media":"","overlay-type":"","overlay-color":"","overlay-opacity":"","overlay-gradient":""},"mobile":{"background-color":"","background-image":"","background-repeat":"repeat","background-position":"center center","background-size":"auto","background-attachment":"scroll","background-type":"","background-media":"","overlay-type":"","overlay-color":"","overlay-opacity":"","overlay-gradient":""}},"ast-content-background-meta":{"desktop":{"background-color":"var(--ast-global-color-5)","background-image":"","background-repeat":"repeat","background-position":"center center","background-size":"auto","background-attachment":"scroll","background-type":"","background-media":"","overlay-type":"","overlay-color":"","overlay-opacity":"","overlay-gradient":""},"tablet":{"background-color":"var(--ast-global-color-5)","background-image":"","background-repeat":"repeat","background-position":"center center","background-size":"auto","background-attachment":"scroll","background-type":"","background-media":"","overlay-type":"","overlay-color":"","overlay-opacity":"","overlay-gradient":""},"mobile":{"background-color":"var(--ast-global-color-5)","background-image":"","background-repeat":"repeat","background-position":"center center","background-size":"auto","background-attachment":"scroll","background-type":"","background-media":"","overlay-type":"","overlay-color":"","overlay-opacity":"","overlay-gradient":""}},"footnotes":""},"categories":[1078,29],"tags":[2012,1436,272,675,2215],"class_list":["post-22381","post","type-post","status-publish","format-standard","has-post-thumbnail","hentry","category-informacions","category-se-baixllobregat6","tag-associacio-de-mestres-rosa-sensat","tag-biblioreport","tag-biblioteca-escolar","tag-lhospitalet-de-llobregat","tag-reporteducacio"],"post_mailing_queue_ids":[],"_links":{"self":[{"href":"https:\/\/serveiseducatius.xtec.cat\/baixllobregat6\/wp-json\/wp\/v2\/posts\/22381","targetHints":{"allow":["GET"]}}],"collection":[{"href":"https:\/\/serveiseducatius.xtec.cat\/baixllobregat6\/wp-json\/wp\/v2\/posts"}],"about":[{"href":"https:\/\/serveiseducatius.xtec.cat\/baixllobregat6\/wp-json\/wp\/v2\/types\/post"}],"author":[{"embeddable":true,"href":"https:\/\/serveiseducatius.xtec.cat\/baixllobregat6\/wp-json\/wp\/v2\/users\/1"}],"replies":[{"embeddable":true,"href":"https:\/\/serveiseducatius.xtec.cat\/baixllobregat6\/wp-json\/wp\/v2\/comments?post=22381"}],"version-history":[{"count":3,"href":"https:\/\/serveiseducatius.xtec.cat\/baixllobregat6\/wp-json\/wp\/v2\/posts\/22381\/revisions"}],"predecessor-version":[{"id":22391,"href":"https:\/\/serveiseducatius.xtec.cat\/baixllobregat6\/wp-json\/wp\/v2\/posts\/22381\/revisions\/22391"}],"wp:featuredmedia":[{"embeddable":true,"href":"https:\/\/serveiseducatius.xtec.cat\/baixllobregat6\/wp-json\/wp\/v2\/media\/22382"}],"wp:attachment":[{"href":"https:\/\/serveiseducatius.xtec.cat\/baixllobregat6\/wp-json\/wp\/v2\/media?parent=22381"}],"wp:term":[{"taxonomy":"category","embeddable":true,"href":"https:\/\/serveiseducatius.xtec.cat\/baixllobregat6\/wp-json\/wp\/v2\/categories?post=22381"},{"taxonomy":"post_tag","embeddable":true,"href":"https:\/\/serveiseducatius.xtec.cat\/baixllobregat6\/wp-json\/wp\/v2\/tags?post=22381"}],"curies":[{"name":"wp","href":"https:\/\/api.w.org\/{rel}","templated":true}]}}