{"id":21834,"date":"2021-11-09T10:05:55","date_gmt":"2021-11-09T09:05:55","guid":{"rendered":"https:\/\/serveiseducatius.xtec.cat\/baixllobregat6\/?p=21834"},"modified":"2021-11-09T10:30:07","modified_gmt":"2021-11-09T09:30:07","slug":"dia-internacional-de-les-muntanyes-el-gel-es-fon-la-terra-sescalfa-i","status":"publish","type":"post","link":"https:\/\/serveiseducatius.xtec.cat\/baixllobregat6\/politicaeducativa\/dia-internacional-de-les-muntanyes-el-gel-es-fon-la-terra-sescalfa-i\/","title":{"rendered":"Dia Internacional de les Muntanyes: \u201cEl gel es fon, la Terra s\u2019escalfa i \u2026?\u201d"},"content":{"rendered":"<p><img loading=\"lazy\" decoding=\"async\" class=\"alignleft wp-image-21835 size-medium\" src=\"https:\/\/serveiseducatius.xtec.cat\/baixllobregat6\/wp-content\/uploads\/usu778\/2021\/11\/TWR-FKJ-el-gel-es-fon-i...-822x1024-1-417x520.jpg\" alt=\"\" width=\"417\" height=\"520\" srcset=\"https:\/\/serveiseducatius.xtec.cat\/baixllobregat6\/wp-content\/uploads\/usu778\/2021\/11\/TWR-FKJ-el-gel-es-fon-i...-822x1024-1-417x520.jpg 417w, https:\/\/serveiseducatius.xtec.cat\/baixllobregat6\/wp-content\/uploads\/usu778\/2021\/11\/TWR-FKJ-el-gel-es-fon-i...-822x1024-1-768x957.jpg 768w, https:\/\/serveiseducatius.xtec.cat\/baixllobregat6\/wp-content\/uploads\/usu778\/2021\/11\/TWR-FKJ-el-gel-es-fon-i...-822x1024-1.jpg 822w\" sizes=\"auto, (max-width: 417px) 100vw, 417px\" \/>Per commemorar el <strong>Dia Internacional de les Muntanyes, <\/strong>que se celebrar\u00e0<strong> l\u201911 de desembre, <\/strong>us adjuntem la nova proposta d\u2019hivern amb la voluntat d&#8217;acostar-nos a les i els cient\u00edfics als centre<\/p>\n<p>La proposta est\u00e0 dirigida a <strong>escoles <\/strong>i<strong> instituts<\/strong> i porta per lema <strong>\u00a0\u201cEl gel es fon, la Terra s\u2019escalfa i \u2026?\u201d<\/strong><\/p>\n<p>Un dels actes principals ser\u00e0 una <strong>webinar<\/strong> a c\u00e0rrec d\u2019en<strong> K\u00edlian Jornet<\/strong> com a\u00a0 moderador de tres cient\u00edfics:<\/p>\n<ul>\n<li>EL Fernando Valladares, del CSIC, que ens parlar\u00e0 dels sistemes d\u2019alerta al canvi clim\u00e0tic, i l\u2019alteraci\u00f3 de la biodiversitat i la regulaci\u00f3 de poblacions.<\/li>\n<li>La N\u00faria Catal\u00e1n, membre del \u201c<em>\u00a0<\/em>Laboratoire des Sciences du Climat et l\u2019Environnement (LSCE), que ens parlar\u00e0 del permafrost i el seu rol en el clima, el cicle del carboni i la import\u00e0ncia de mantenir els wetlands i tamb\u00e9 del canvi de patr\u00f3 neu-pluja.<\/li>\n<li>El Pascal Egli, investigador en recerca sobre les glaceres, que ens parlar\u00e0 del col\u00b7lapse dels glaciars, la previsi\u00f3 dels glaciars als Alps i els Pirineus i de les conseq\u00fc\u00e8ncies de les extincions dels glaciars.<\/li>\n<li>Aix\u00ed mateix tamb\u00e9 es comptar\u00e0 amb una xerrada amb un parell d\u2019activistes mediambientals per donar als joves idees per tal d\u2019actuar en favor del medi ambient.<\/li>\n<\/ul>\n<p>Aquest acte anir\u00e0 acompanyat d\u2019uns miniclips educatius per entendre conceptes i quedar\u00e0 enregistrat per poder ser visionat posteriorment al dia de l\u2019estrena.<\/p>\n<p><code>A m\u00e9s es far\u00e0 un treball previ:\u00a0<a href=\"https:\/\/drive.google.com\/file\/d\/1edggxW7O55RNf-JxIo0E-fNSAYRyWzQm\/view?usp=sharing\" target=\"_blank\" rel=\"noopener\">escoles<\/a>\u00a0i\u00a0<a href=\"https:\/\/drive.google.com\/file\/d\/1m6LMLOtZBZbd-UR70prZ04HNW3Bik5Dw\/view?usp=sharing\" target=\"_blank\" rel=\"noopener\">instituts<\/a><\/code><\/p>\n<p>Posteriorment tot aquest treball per part de l\u2019alumnat s\u2019exposar\u00e0 en alguna sala de Barcelona per visibilitzar el que pensen i creen els joves de Catalunya sobre aquest tema tan actual.<\/p>\n<p>Us compartim aquest article que trobareu al<a href=\"https:\/\/projectes.xtec.cat\/secrp\/general\/dia-internacional-de-les-muntanyes\/\" target=\"_blank\" rel=\"noopener\" data-saferedirecturl=\"https:\/\/www.google.com\/url?q=https:\/\/projectes.xtec.cat\/secrp\/general\/dia-internacional-de-les-muntanyes\/&amp;source=gmail&amp;ust=1636528220719000&amp;usg=AFQjCNHi9cbcf-jgd2ubSy8gueqIFhmOdQ\"> nodes de CRP<\/a>.<\/p>\n","protected":false},"excerpt":{"rendered":"<p>Per commemorar el Dia Internacional de les Muntanyes, que se celebrar\u00e0 l\u201911 de desembre, us adjuntem la nova proposta d\u2019hivern amb la voluntat d&#8217;acostar-nos a les i els cient\u00edfics als centre La proposta est\u00e0 dirigida a escoles i instituts i porta per lema \u00a0\u201cEl gel es fon, la Terra s\u2019escalfa i \u2026?\u201d Un dels actes [&hellip;]<\/p>\n","protected":false},"author":1,"featured_media":21835,"comment_status":"open","ping_status":"closed","sticky":false,"template":"","format":"standard","meta":{"_bbp_topic_count":0,"_bbp_reply_count":0,"_bbp_total_topic_count":0,"_bbp_total_reply_count":0,"_bbp_voice_count":0,"_bbp_anonymous_reply_count":0,"_bbp_topic_count_hidden":0,"_bbp_reply_count_hidden":0,"_bbp_forum_subforum_count":0,"site-sidebar-layout":"default","site-content-layout":"","ast-site-content-layout":"","site-content-style":"default","site-sidebar-style":"default","ast-global-header-display":"","ast-banner-title-visibility":"","ast-main-header-display":"","ast-hfb-above-header-display":"","ast-hfb-below-header-display":"","ast-hfb-mobile-header-display":"","site-post-title":"","ast-breadcrumbs-content":"","ast-featured-img":"","footer-sml-layout":"","theme-transparent-header-meta":"","adv-header-id-meta":"","stick-header-meta":"","header-above-stick-meta":"","header-main-stick-meta":"","header-below-stick-meta":"","astra-migrate-meta-layouts":"default","ast-page-background-enabled":"default","ast-page-background-meta":{"desktop":{"background-color":"var(--ast-global-color-4)","background-image":"","background-repeat":"repeat","background-position":"center center","background-size":"auto","background-attachment":"scroll","background-type":"","background-media":"","overlay-type":"","overlay-color":"","overlay-opacity":"","overlay-gradient":""},"tablet":{"background-color":"","background-image":"","background-repeat":"repeat","background-position":"center center","background-size":"auto","background-attachment":"scroll","background-type":"","background-media":"","overlay-type":"","overlay-color":"","overlay-opacity":"","overlay-gradient":""},"mobile":{"background-color":"","background-image":"","background-repeat":"repeat","background-position":"center center","background-size":"auto","background-attachment":"scroll","background-type":"","background-media":"","overlay-type":"","overlay-color":"","overlay-opacity":"","overlay-gradient":""}},"ast-content-background-meta":{"desktop":{"background-color":"var(--ast-global-color-5)","background-image":"","background-repeat":"repeat","background-position":"center center","background-size":"auto","background-attachment":"scroll","background-type":"","background-media":"","overlay-type":"","overlay-color":"","overlay-opacity":"","overlay-gradient":""},"tablet":{"background-color":"var(--ast-global-color-5)","background-image":"","background-repeat":"repeat","background-position":"center center","background-size":"auto","background-attachment":"scroll","background-type":"","background-media":"","overlay-type":"","overlay-color":"","overlay-opacity":"","overlay-gradient":""},"mobile":{"background-color":"var(--ast-global-color-5)","background-image":"","background-repeat":"repeat","background-position":"center center","background-size":"auto","background-attachment":"scroll","background-type":"","background-media":"","overlay-type":"","overlay-color":"","overlay-opacity":"","overlay-gradient":""}},"footnotes":""},"categories":[162,1,29,2004],"tags":[1727,446,2308,2215,161],"class_list":["post-21834","post","type-post","status-publish","format-standard","has-post-thumbnail","hentry","category-actualitat","category-politicaeducativa","category-se-baixllobregat6","category-recursos","tag-ciencies-naturals","tag-educacio-primaria","tag-recurs-didactic","tag-reporteducacio","tag-secundaria"],"post_mailing_queue_ids":[],"_links":{"self":[{"href":"https:\/\/serveiseducatius.xtec.cat\/baixllobregat6\/wp-json\/wp\/v2\/posts\/21834","targetHints":{"allow":["GET"]}}],"collection":[{"href":"https:\/\/serveiseducatius.xtec.cat\/baixllobregat6\/wp-json\/wp\/v2\/posts"}],"about":[{"href":"https:\/\/serveiseducatius.xtec.cat\/baixllobregat6\/wp-json\/wp\/v2\/types\/post"}],"author":[{"embeddable":true,"href":"https:\/\/serveiseducatius.xtec.cat\/baixllobregat6\/wp-json\/wp\/v2\/users\/1"}],"replies":[{"embeddable":true,"href":"https:\/\/serveiseducatius.xtec.cat\/baixllobregat6\/wp-json\/wp\/v2\/comments?post=21834"}],"version-history":[{"count":3,"href":"https:\/\/serveiseducatius.xtec.cat\/baixllobregat6\/wp-json\/wp\/v2\/posts\/21834\/revisions"}],"predecessor-version":[{"id":21844,"href":"https:\/\/serveiseducatius.xtec.cat\/baixllobregat6\/wp-json\/wp\/v2\/posts\/21834\/revisions\/21844"}],"wp:featuredmedia":[{"embeddable":true,"href":"https:\/\/serveiseducatius.xtec.cat\/baixllobregat6\/wp-json\/wp\/v2\/media\/21835"}],"wp:attachment":[{"href":"https:\/\/serveiseducatius.xtec.cat\/baixllobregat6\/wp-json\/wp\/v2\/media?parent=21834"}],"wp:term":[{"taxonomy":"category","embeddable":true,"href":"https:\/\/serveiseducatius.xtec.cat\/baixllobregat6\/wp-json\/wp\/v2\/categories?post=21834"},{"taxonomy":"post_tag","embeddable":true,"href":"https:\/\/serveiseducatius.xtec.cat\/baixllobregat6\/wp-json\/wp\/v2\/tags?post=21834"}],"curies":[{"name":"wp","href":"https:\/\/api.w.org\/{rel}","templated":true}]}}