{"id":21627,"date":"2021-09-13T08:52:22","date_gmt":"2021-09-13T06:52:22","guid":{"rendered":"https:\/\/serveiseducatius.xtec.cat\/baixllobregat6\/?p=21627"},"modified":"2021-10-13T13:37:58","modified_gmt":"2021-10-13T11:37:58","slug":"obertes-les-inscripcions-al-pla-de-formacio-2021-2022-obert-el-termini-fins-al-26-de-setembre","status":"publish","type":"post","link":"https:\/\/serveiseducatius.xtec.cat\/baixllobregat6\/se-baixllobregat6\/obertes-les-inscripcions-al-pla-de-formacio-2021-2022-obert-el-termini-fins-al-26-de-setembre\/","title":{"rendered":"Obertes les inscripcions al pla de formaci\u00f3 2021-2022. Obert el termini fins al 26 de setembre"},"content":{"rendered":"<p><img loading=\"lazy\" decoding=\"async\" class=\"alignleft wp-image-21639\" src=\"https:\/\/serveiseducatius.xtec.cat\/baixllobregat6\/wp-content\/uploads\/usu778\/2021\/09\/Opera-Instantania_2021-09-13_085018_xtec.gencat.cat_.png\" alt=\"\" width=\"259\" height=\"262\" \/>Les activitats del\u00a0<strong>Pla de Formaci\u00f3 de Zona<\/strong>\u00a0s\u2019adrecen a tot el professorat d\u2019educaci\u00f3 infantil, prim\u00e0ria, secund\u00e0ria, de formaci\u00f3 professional, de persones adultes i d\u2019ensenyaments de r\u00e8gim especial dels centres educatius de la demarcaci\u00f3 del Servei Educatiu Baix Llobregat-6. Enguany l\u2019oferta de les activitats pot ser que es vegi ampliada al llarg del curs escolar en funci\u00f3 de com vagi esdevenint-se la crisi sanit\u00e0ria per la qual travessem. Aquesta ampliaci\u00f3 tamb\u00e9 pot ser causada per la demanda que estableixi un determinat centre en funci\u00f3 de les seves necessitats formatives i que no va poder ser tramitada al llarg del per\u00edode de confinament.<span id=\"more-19610\"><\/span><\/p>\n<p>La inscripci\u00f3 a les activitats de formaci\u00f3\u00a0\u00a0<strong>es realitzar\u00e0 individualment identificant-se com usuari\/a XTEC<\/strong>, excepte aquelles activitats que impliquin l\u2019assignaci\u00f3 per part de la direcci\u00f3 del centre; aquestes <strong>les haur\u00e0 de realitzar el director\/a del centre o persona autoritzada identificant-se com usuari\/a XTEC<\/strong>\u00a0a trav\u00e9s de l\u2019enlla\u00e7\u00a0<a href=\"http:\/\/xtec.gencat.cat\/ca\/formacio\/la-meva-formacio\/inscripcio-direccions\/\" target=\"_blank\" rel=\"noopener noreferrer\">Inscripci\u00f3 Direcci\u00f3<\/a>\u00a0o b\u00e9 des de la\u00a0<a href=\"http:\/\/xtec.gencat.cat\/ca\/formacio\/\" target=\"_blank\" rel=\"noopener noreferrer\">secci\u00f3 de Formaci\u00f3 del portal de la XTEC<\/a><\/p>\n<h4><\/h4>\n<p><!--more--><\/p>\n<h4>Inscripcions (sol\u00b7licitud de pla\u00e7a del\u00a0<strong>13 al 26 de setembre de 2021<\/strong>). Cal disposar d\u2019identificador XTEC<\/h4>\n<ul>\n<li><a href=\"https:\/\/aplicacions.gestioeducativa.gencat.cat\/pls\/soloas\/pk_for_mod_ins.p_for_cons_activitats?p_any=2021-2022&amp;p_crp=307&amp;p_totes=S&amp;p_paginar=N\" target=\"_blank\" rel=\"noopener\"><strong>Cat\u00e0leg general d\u2019activitats del Servei Educatiu Baix Llobregat-6 Curs 2021-2022<\/strong><\/a><strong><br \/>\n<\/strong><\/li>\n<li><a href=\"https:\/\/aplicacions.gestioeducativa.gencat.cat\/pls\/soloas\/pk_for_mod_ins.p_for_cons_activitats?p_any=2021-2022&amp;p_crp=300&amp;p_totes=S&amp;&amp;p_paginar=N\" target=\"_blank\" rel=\"noopener\"><strong>Activitats d\u2019\u00e0mbit comarcal<\/strong><\/a>\u00a0(Promogudes des dels Serveis Territorials. \u2013\u00a0<strong>Inscripci\u00f3 individual<\/strong><\/li>\n<li><a href=\"http:\/\/xtec.gencat.cat\/ca\/formacio\/formaciogeneralprofessorat\/cultura-digital\/planificacio-oferta-formativa-modalitats\/\" target=\"_blank\" rel=\"noopener noreferrer\"><strong>Activitats Telem\u00e0tiques de Cultura Digital<\/strong><\/a><\/li>\n<\/ul>\n<ul>\n<li><a href=\"http:\/\/xtec.gencat.cat\/ca\/formacio\/info-general\/cercador-activitats\/\"><strong>Cercador d\u2019activitats<\/strong> (\u00e0mbit nacional o filtres per Servei Educatiu, territori&#8230;)<\/a><\/li>\n<\/ul>\n<p><strong>Consultes<\/strong><\/p>\n<ul>\n<li><a href=\"http:\/\/xtec.gencat.cat\/ca\/formacio\/la-meva-formacio\/les-meves-activitats\/\">Les meves activitats \u00a0(Consulta d\u2019assignacions, modificaci\u00f3 de sol\u00b7licituds i canvi de dades personals<\/a>)<em><br \/>\nLes adjudicacions es podran consultar\u00a0<\/em>a partir del dia\u00a0<strong>8 d\u2019octubre<\/strong>.<\/li>\n<li><a href=\"https:\/\/serveiseducatius.xtec.cat\/baixllobregat6\/formacio\/certificats\/\" target=\"_blank\" rel=\"noopener noreferrer\">Consulta i Obtenci\u00f3 de certificats de Plans de Formaci\u00f3 anteriors<\/a><\/li>\n<li><strong>Si no disposeu d\u2019usuari XTEC o heu oblidat la contrasenya,\u00a0<a href=\"https:\/\/sebaixllobregatnord.cat\/index.php\/2-principal\/585-nou-procediment-alta-de-correu-xtec\">consulteu aquesta guia<\/a>.<\/strong><\/li>\n<\/ul>\n<p>*\u00a0<a href=\"http:\/\/xtec.gencat.cat\/ca\/formacio\/\"><em>M\u00e9s informaci\u00f3 i l\u2019oferta d\u2019activitats de tots els Serveis Educatius de Catalunya<\/em><\/a><\/p>\n","protected":false},"excerpt":{"rendered":"<p>Les activitats del\u00a0Pla de Formaci\u00f3 de Zona\u00a0s\u2019adrecen a tot el professorat d\u2019educaci\u00f3 infantil, prim\u00e0ria, secund\u00e0ria, de formaci\u00f3 professional, de persones adultes i d\u2019ensenyaments de r\u00e8gim especial dels centres educatius de la demarcaci\u00f3 del Servei Educatiu Baix Llobregat-6. Enguany l\u2019oferta de les activitats pot ser que es vegi ampliada al llarg del curs escolar en funci\u00f3 [&hellip;]<\/p>\n","protected":false},"author":1,"featured_media":21639,"comment_status":"open","ping_status":"closed","sticky":false,"template":"","format":"standard","meta":{"_bbp_topic_count":0,"_bbp_reply_count":0,"_bbp_total_topic_count":0,"_bbp_total_reply_count":0,"_bbp_voice_count":0,"_bbp_anonymous_reply_count":0,"_bbp_topic_count_hidden":0,"_bbp_reply_count_hidden":0,"_bbp_forum_subforum_count":0,"site-sidebar-layout":"default","site-content-layout":"","ast-site-content-layout":"","site-content-style":"default","site-sidebar-style":"default","ast-global-header-display":"","ast-banner-title-visibility":"","ast-main-header-display":"","ast-hfb-above-header-display":"","ast-hfb-below-header-display":"","ast-hfb-mobile-header-display":"","site-post-title":"","ast-breadcrumbs-content":"","ast-featured-img":"","footer-sml-layout":"","theme-transparent-header-meta":"","adv-header-id-meta":"","stick-header-meta":"","header-above-stick-meta":"","header-main-stick-meta":"","header-below-stick-meta":"","astra-migrate-meta-layouts":"default","ast-page-background-enabled":"default","ast-page-background-meta":{"desktop":{"background-color":"var(--ast-global-color-4)","background-image":"","background-repeat":"repeat","background-position":"center center","background-size":"auto","background-attachment":"scroll","background-type":"","background-media":"","overlay-type":"","overlay-color":"","overlay-opacity":"","overlay-gradient":""},"tablet":{"background-color":"","background-image":"","background-repeat":"repeat","background-position":"center center","background-size":"auto","background-attachment":"scroll","background-type":"","background-media":"","overlay-type":"","overlay-color":"","overlay-opacity":"","overlay-gradient":""},"mobile":{"background-color":"","background-image":"","background-repeat":"repeat","background-position":"center center","background-size":"auto","background-attachment":"scroll","background-type":"","background-media":"","overlay-type":"","overlay-color":"","overlay-opacity":"","overlay-gradient":""}},"ast-content-background-meta":{"desktop":{"background-color":"var(--ast-global-color-5)","background-image":"","background-repeat":"repeat","background-position":"center center","background-size":"auto","background-attachment":"scroll","background-type":"","background-media":"","overlay-type":"","overlay-color":"","overlay-opacity":"","overlay-gradient":""},"tablet":{"background-color":"var(--ast-global-color-5)","background-image":"","background-repeat":"repeat","background-position":"center center","background-size":"auto","background-attachment":"scroll","background-type":"","background-media":"","overlay-type":"","overlay-color":"","overlay-opacity":"","overlay-gradient":""},"mobile":{"background-color":"var(--ast-global-color-5)","background-image":"","background-repeat":"repeat","background-position":"center center","background-size":"auto","background-attachment":"scroll","background-type":"","background-media":"","overlay-type":"","overlay-color":"","overlay-opacity":"","overlay-gradient":""}},"footnotes":""},"categories":[163,167,29],"tags":[350,1527,1580,2693,854,2215,2694],"class_list":["post-21627","post","type-post","status-publish","format-standard","has-post-thumbnail","hentry","category-formacio","category-pfz","category-se-baixllobregat6","tag-comunitats-de-practica","tag-cursos","tag-formacio-del-professorat","tag-inscripcions-formacio","tag-professorat","tag-reporteducacio","tag-seminaris"],"post_mailing_queue_ids":[],"_links":{"self":[{"href":"https:\/\/serveiseducatius.xtec.cat\/baixllobregat6\/wp-json\/wp\/v2\/posts\/21627","targetHints":{"allow":["GET"]}}],"collection":[{"href":"https:\/\/serveiseducatius.xtec.cat\/baixllobregat6\/wp-json\/wp\/v2\/posts"}],"about":[{"href":"https:\/\/serveiseducatius.xtec.cat\/baixllobregat6\/wp-json\/wp\/v2\/types\/post"}],"author":[{"embeddable":true,"href":"https:\/\/serveiseducatius.xtec.cat\/baixllobregat6\/wp-json\/wp\/v2\/users\/1"}],"replies":[{"embeddable":true,"href":"https:\/\/serveiseducatius.xtec.cat\/baixllobregat6\/wp-json\/wp\/v2\/comments?post=21627"}],"version-history":[{"count":3,"href":"https:\/\/serveiseducatius.xtec.cat\/baixllobregat6\/wp-json\/wp\/v2\/posts\/21627\/revisions"}],"predecessor-version":[{"id":21673,"href":"https:\/\/serveiseducatius.xtec.cat\/baixllobregat6\/wp-json\/wp\/v2\/posts\/21627\/revisions\/21673"}],"wp:featuredmedia":[{"embeddable":true,"href":"https:\/\/serveiseducatius.xtec.cat\/baixllobregat6\/wp-json\/wp\/v2\/media\/21639"}],"wp:attachment":[{"href":"https:\/\/serveiseducatius.xtec.cat\/baixllobregat6\/wp-json\/wp\/v2\/media?parent=21627"}],"wp:term":[{"taxonomy":"category","embeddable":true,"href":"https:\/\/serveiseducatius.xtec.cat\/baixllobregat6\/wp-json\/wp\/v2\/categories?post=21627"},{"taxonomy":"post_tag","embeddable":true,"href":"https:\/\/serveiseducatius.xtec.cat\/baixllobregat6\/wp-json\/wp\/v2\/tags?post=21627"}],"curies":[{"name":"wp","href":"https:\/\/api.w.org\/{rel}","templated":true}]}}