{"id":21552,"date":"2021-06-23T12:11:31","date_gmt":"2021-06-23T10:11:31","guid":{"rendered":"http:\/\/serveiseducatius.xtec.cat\/baixllobregat6\/?p=21552"},"modified":"2021-09-22T09:28:20","modified_gmt":"2021-09-22T07:28:20","slug":"publicades-les-orientacions-per-a-la-coordinacio-digital-de-centre","status":"publish","type":"post","link":"https:\/\/serveiseducatius.xtec.cat\/baixllobregat6\/se-baixllobregat6\/publicades-les-orientacions-per-a-la-coordinacio-digital-de-centre\/","title":{"rendered":"Publicades les Orientacions per a la coordinaci\u00f3 digital de centre"},"content":{"rendered":"<p><img loading=\"lazy\" decoding=\"async\" class=\"wp-image-21553 aligncenter\" src=\"https:\/\/serveiseducatius.xtec.cat\/baixllobregat6\/wp-content\/uploads\/usu778\/2021\/06\/orientacions.png\" alt=\"\" width=\"476\" height=\"232\" srcset=\"https:\/\/serveiseducatius.xtec.cat\/baixllobregat6\/wp-content\/uploads\/usu778\/2021\/06\/orientacions.png 646w, https:\/\/serveiseducatius.xtec.cat\/baixllobregat6\/wp-content\/uploads\/usu778\/2021\/06\/orientacions-520x254.png 520w\" sizes=\"auto, (max-width: 476px) 100vw, 476px\" \/><\/p>\n<p>En el marc del <a href=\"https:\/\/educacio.gencat.cat\/ca\/departament\/linies-estrategiques\/pla-educacio-digital\/\" target=\"_blank\" rel=\"noopener\">Pla d&#8217;Educaci\u00f3 Digital de Catalunya<\/a> s&#8217;han elaborat una s\u00e8rie de documents per a donar suport a l&#8217;elaboraci\u00f3 i integraci\u00f3 amb els projectes propis de cada centre educatiu de <a href=\"https:\/\/educacio.gencat.cat\/web\/.content\/home\/departament\/publicacions\/colleccions\/pla-educacio-digital\/estrategia-digital-centre\/estrategia-digital-centre.pdf\" target=\"_blank\" rel=\"noopener\">Estrat\u00e8gia Digital de Centre<\/a>, un document que recull totes les accions que es realitzen en un centre, i les que es realitzaran a mitj\u00e0 termini, per aconseguir la m\u00e0xima compet\u00e8ncia digital de l\u2019alumnat, del professorat i del centre educatiu.<\/p>\n<p>Seguint aquesta darrera diferenciaci\u00f3, amb la finalitat de millorar la compet\u00e8ncia digital dels <strong>centres<\/strong>, s&#8217;han publicat un seguit de documents per ajudar amb l&#8217;organitzaci\u00f3 dels seus equips docents:<!--more--><\/p>\n<ul>\n<li>El document\u00a0<a href=\"https:\/\/educacio.gencat.cat\/web\/.content\/home\/departament\/publicacions\/colleccions\/pla-educacio-digital\/funcions-comissio-estrategia-digital-centre\/funcions-comissio-estrategia-digital-centre.pdf\" target=\"_blank\" rel=\"noopener\"><strong>Funcions i organitzaci\u00f3 de la comissi\u00f3 d&#8217;estrat\u00e8gia digital de centre<\/strong><\/a> t\u00e9 la finalitat d&#8217;explicar com ha d&#8217;estar organitzada aquesta comissi\u00f3, quines s\u00f3n les seves funcions i com s&#8217;ha de relacionar amb l&#8217;equip docent.<\/li>\n<li>El darrer document publicat \u00e9s el d&#8217;<a href=\"https:\/\/educacio.gencat.cat\/ca\/departament\/publicacions\/colleccions\/pla-educacio-digital\/orientacions-coordinacio-digital-centre\/index.html\" target=\"_blank\" rel=\"noopener\"><strong>Orientacions per a la coordinaci\u00f3 digital de centre<\/strong><\/a>, que tracta de donar suport a aquesta figura establint les seves funcions, el seu entorn i l&#8217;assignaci\u00f3 hor\u00e0ria de qu\u00e8 hauria de disposar, per a la qual s&#8217;ha programat tamb\u00e9 una <a href=\"https:\/\/projectes.xtec.cat\/coordinaciodigital\/la-coordinacio-digital\/calculadora-de-temps\/\">calculadora del temps<\/a> per a ajustar b\u00e9 les necessitats de cada coordinador.<\/li>\n<\/ul>\n<p>M\u00e9s enll\u00e0 d&#8217;aquests documents, tamb\u00e9 n&#8217;hi ha d&#8217;altres que poden ser d&#8217;inter\u00e8s en l&#8217;\u00e0mbit de la cultura digital per assolir els objectius plantejats de millora de la compet\u00e8ncia digital de centres, docents i alumnat, que podeu trobar en aquest <a href=\"http:\/\/educacio.gencat.cat\/ca\/departament\/linies-estrategiques\/pla-educacio-digital\/orientacions\/\">enlla\u00e7<\/a>.<\/p>\n<p>D&#8217;altra banda, podeu accedir en <a href=\"https:\/\/repositori.educacio.gencat.cat\/bitstream\/handle\/20.500.12694\/229\/competencia_digital_docent_del_professorat_de_catalunya_2018.pdf?sequence=1\" target=\"_blank\" rel=\"noopener\">aquest document<\/a> on trobareu la definici\u00f3 de la Compet\u00e8ncia Digital Docent (Instrumental i Metodol\u00f2gica) i els components de la Compet\u00e8ncia Digital Metodol\u00f2gica.<\/p>\n<p>Podeu trobar m\u00e9s informaci\u00f3 d&#8217;altres aspectes relacionats, com ara l&#8217;<a href=\"https:\/\/serveiseducatius.xtec.cat\/baixllobregat6\/portada\/estrategia-digital-de-centre\/\" target=\"_blank\" rel=\"noopener\">Estrat\u00e8gia Digital de Centre<\/a> o el <a href=\"https:\/\/serveiseducatius.xtec.cat\/baixllobregat6\/portada\/projecte-families-digitals\/\" target=\"_blank\" rel=\"noopener\">projecte de Fam\u00edlies Digitals<\/a>, podeu dirigir-vos a l&#8217;apartat de <a href=\"https:\/\/serveiseducatius.xtec.cat\/baixllobregat6\/categoria\/tic-e\/\" target=\"_blank\" rel=\"noopener\">Cultura Digital<\/a> del nostre web.<\/p>\n<p>&nbsp;<\/p>\n<p><img loading=\"lazy\" decoding=\"async\" class=\"size-full wp-image-20834 alignnone\" src=\"https:\/\/serveiseducatius.xtec.cat\/baixllobregat6\/wp-content\/uploads\/usu778\/2021\/03\/relatius-a-larticle_.png\" alt=\"\" width=\"200\" height=\"90\" \/> <img loading=\"lazy\" decoding=\"async\" class=\"size-full wp-image-20812 alignnone\" src=\"https:\/\/serveiseducatius.xtec.cat\/baixllobregat6\/wp-content\/uploads\/usu778\/2021\/03\/ODS4-EDUCACI\u00d3.png\" alt=\"\" width=\"90\" height=\"90\" \/> <img loading=\"lazy\" decoding=\"async\" class=\"size-full wp-image-20817 alignnone\" src=\"https:\/\/serveiseducatius.xtec.cat\/baixllobregat6\/wp-content\/uploads\/usu778\/2021\/03\/ODS9-IND\u00daSTRIA.png\" alt=\"\" width=\"90\" height=\"90\" \/><\/p>\n","protected":false},"excerpt":{"rendered":"<p>En el marc del Pla d&#8217;Educaci\u00f3 Digital de Catalunya s&#8217;han elaborat una s\u00e8rie de documents per a donar suport a l&#8217;elaboraci\u00f3 i integraci\u00f3 amb els projectes propis de cada centre educatiu de Estrat\u00e8gia Digital de Centre, un document que recull totes les accions que es realitzen en un centre, i les que es realitzaran a [&hellip;]<\/p>\n","protected":false},"author":1,"featured_media":21553,"comment_status":"open","ping_status":"closed","sticky":false,"template":"","format":"standard","meta":{"_bbp_topic_count":0,"_bbp_reply_count":0,"_bbp_total_topic_count":0,"_bbp_total_reply_count":0,"_bbp_voice_count":0,"_bbp_anonymous_reply_count":0,"_bbp_topic_count_hidden":0,"_bbp_reply_count_hidden":0,"_bbp_forum_subforum_count":0,"site-sidebar-layout":"default","site-content-layout":"","ast-site-content-layout":"","site-content-style":"default","site-sidebar-style":"default","ast-global-header-display":"","ast-banner-title-visibility":"","ast-main-header-display":"","ast-hfb-above-header-display":"","ast-hfb-below-header-display":"","ast-hfb-mobile-header-display":"","site-post-title":"","ast-breadcrumbs-content":"","ast-featured-img":"","footer-sml-layout":"","theme-transparent-header-meta":"","adv-header-id-meta":"","stick-header-meta":"","header-above-stick-meta":"","header-main-stick-meta":"","header-below-stick-meta":"","astra-migrate-meta-layouts":"default","ast-page-background-enabled":"default","ast-page-background-meta":{"desktop":{"background-color":"var(--ast-global-color-4)","background-image":"","background-repeat":"repeat","background-position":"center center","background-size":"auto","background-attachment":"scroll","background-type":"","background-media":"","overlay-type":"","overlay-color":"","overlay-opacity":"","overlay-gradient":""},"tablet":{"background-color":"","background-image":"","background-repeat":"repeat","background-position":"center center","background-size":"auto","background-attachment":"scroll","background-type":"","background-media":"","overlay-type":"","overlay-color":"","overlay-opacity":"","overlay-gradient":""},"mobile":{"background-color":"","background-image":"","background-repeat":"repeat","background-position":"center center","background-size":"auto","background-attachment":"scroll","background-type":"","background-media":"","overlay-type":"","overlay-color":"","overlay-opacity":"","overlay-gradient":""}},"ast-content-background-meta":{"desktop":{"background-color":"var(--ast-global-color-5)","background-image":"","background-repeat":"repeat","background-position":"center center","background-size":"auto","background-attachment":"scroll","background-type":"","background-media":"","overlay-type":"","overlay-color":"","overlay-opacity":"","overlay-gradient":""},"tablet":{"background-color":"var(--ast-global-color-5)","background-image":"","background-repeat":"repeat","background-position":"center center","background-size":"auto","background-attachment":"scroll","background-type":"","background-media":"","overlay-type":"","overlay-color":"","overlay-opacity":"","overlay-gradient":""},"mobile":{"background-color":"var(--ast-global-color-5)","background-image":"","background-repeat":"repeat","background-position":"center center","background-size":"auto","background-attachment":"scroll","background-type":"","background-media":"","overlay-type":"","overlay-color":"","overlay-opacity":"","overlay-gradient":""}},"footnotes":""},"categories":[29],"tags":[2422,2686,2074,2603,2687,2215],"class_list":["post-21552","post","type-post","status-publish","format-standard","has-post-thumbnail","hentry","category-se-baixllobregat6","tag-dgircd","tag-coordinacio-digital","tag-cultura-digital","tag-edc","tag-estrategia-digital-de-centre","tag-reporteducacio"],"post_mailing_queue_ids":[],"_links":{"self":[{"href":"https:\/\/serveiseducatius.xtec.cat\/baixllobregat6\/wp-json\/wp\/v2\/posts\/21552","targetHints":{"allow":["GET"]}}],"collection":[{"href":"https:\/\/serveiseducatius.xtec.cat\/baixllobregat6\/wp-json\/wp\/v2\/posts"}],"about":[{"href":"https:\/\/serveiseducatius.xtec.cat\/baixllobregat6\/wp-json\/wp\/v2\/types\/post"}],"author":[{"embeddable":true,"href":"https:\/\/serveiseducatius.xtec.cat\/baixllobregat6\/wp-json\/wp\/v2\/users\/1"}],"replies":[{"embeddable":true,"href":"https:\/\/serveiseducatius.xtec.cat\/baixllobregat6\/wp-json\/wp\/v2\/comments?post=21552"}],"version-history":[{"count":4,"href":"https:\/\/serveiseducatius.xtec.cat\/baixllobregat6\/wp-json\/wp\/v2\/posts\/21552\/revisions"}],"predecessor-version":[{"id":21703,"href":"https:\/\/serveiseducatius.xtec.cat\/baixllobregat6\/wp-json\/wp\/v2\/posts\/21552\/revisions\/21703"}],"wp:featuredmedia":[{"embeddable":true,"href":"https:\/\/serveiseducatius.xtec.cat\/baixllobregat6\/wp-json\/wp\/v2\/media\/21553"}],"wp:attachment":[{"href":"https:\/\/serveiseducatius.xtec.cat\/baixllobregat6\/wp-json\/wp\/v2\/media?parent=21552"}],"wp:term":[{"taxonomy":"category","embeddable":true,"href":"https:\/\/serveiseducatius.xtec.cat\/baixllobregat6\/wp-json\/wp\/v2\/categories?post=21552"},{"taxonomy":"post_tag","embeddable":true,"href":"https:\/\/serveiseducatius.xtec.cat\/baixllobregat6\/wp-json\/wp\/v2\/tags?post=21552"}],"curies":[{"name":"wp","href":"https:\/\/api.w.org\/{rel}","templated":true}]}}