{"id":21547,"date":"2021-06-22T12:40:41","date_gmt":"2021-06-22T10:40:41","guid":{"rendered":"http:\/\/serveiseducatius.xtec.cat\/baixllobregat6\/?p=21547"},"modified":"2021-06-23T12:27:29","modified_gmt":"2021-06-23T10:27:29","slug":"ii-jornades-sobre-experiencies-inclusives-educatives-i-socials-30-de-juny-1-i-2-de-juliol-de-2021","status":"publish","type":"post","link":"https:\/\/serveiseducatius.xtec.cat\/baixllobregat6\/se-baixllobregat6\/ii-jornades-sobre-experiencies-inclusives-educatives-i-socials-30-de-juny-1-i-2-de-juliol-de-2021\/","title":{"rendered":"II Jornades Sobre Experi\u00e8ncies Inclusives Educatives i Socials 30 de juny, 1 i 2 de juliol de 2021"},"content":{"rendered":"<p><img loading=\"lazy\" decoding=\"async\" class=\"alignleft wp-image-21548 \" src=\"https:\/\/serveiseducatius.xtec.cat\/baixllobregat6\/wp-content\/uploads\/usu778\/2021\/06\/logo-jornadas-520x399.png\" alt=\"\" width=\"180\" height=\"138\" srcset=\"https:\/\/serveiseducatius.xtec.cat\/baixllobregat6\/wp-content\/uploads\/usu778\/2021\/06\/logo-jornadas-520x399.png 520w, https:\/\/serveiseducatius.xtec.cat\/baixllobregat6\/wp-content\/uploads\/usu778\/2021\/06\/logo-jornadas-768x589.png 768w, https:\/\/serveiseducatius.xtec.cat\/baixllobregat6\/wp-content\/uploads\/usu778\/2021\/06\/logo-jornadas.png 886w\" sizes=\"auto, (max-width: 180px) 100vw, 180px\" \/>A l\u2019actualitat, davant d\u2019una societat canviant hem de pensar en una formaci\u00f3 cont\u00ednua per als professionals de l\u2019\u00e0mbit socioeducatiu, que sigui capa\u00e7 de revitalitzar la seva pr\u00f2pia pr\u00e0ctica, basada en la reflexi\u00f3 compartida i contrastada amb evid\u00e8ncies d\u2019\u00e8xit. Els professionals, amb una clara ideologia de treball dins d\u2019un model escolar i social que camina cap a una societat m\u00e9s justa, democr\u00e0tica i equitativa, es podran enriquir compartint i dialogant sobre la base de les experi\u00e8ncies d\u2019altres professionals.<\/p>\n<p>Aquestes Jornades ens permetran incrementar el coneixement pr\u00e0ctic a trav\u00e9s de l\u2019intercanvi de visions i formes de fer, contribuint a l\u2019avan\u00e7 d\u2019una societat inclusiva mitjan\u00e7ant la promoci\u00f3 del desenvolupament professional.<\/p>\n<p>|<a href=\"https:\/\/mastersuportsinclusio.uab.cat\/ca\/jornades-inclusio\/\" target=\"_blank\" rel=\"noopener noreferrer\">M\u00e9s info i inscripcions<\/a>|<\/p>\n<p><img loading=\"lazy\" decoding=\"async\" class=\"alignleft size-full wp-image-20834\" src=\"https:\/\/serveiseducatius.xtec.cat\/baixllobregat6\/wp-content\/uploads\/usu778\/2021\/03\/relatius-a-larticle_.png\" alt=\"\" width=\"200\" height=\"90\" \/><img loading=\"lazy\" decoding=\"async\" class=\"alignleft size-full wp-image-20812\" src=\"https:\/\/serveiseducatius.xtec.cat\/baixllobregat6\/wp-content\/uploads\/usu778\/2021\/03\/ODS4-EDUCACI\u00d3.png\" alt=\"\" width=\"90\" height=\"90\" \/><\/p>\n","protected":false},"excerpt":{"rendered":"<p>A l\u2019actualitat, davant d\u2019una societat canviant hem de pensar en una formaci\u00f3 cont\u00ednua per als professionals de l\u2019\u00e0mbit socioeducatiu, que sigui capa\u00e7 de revitalitzar la seva pr\u00f2pia pr\u00e0ctica, basada en la reflexi\u00f3 compartida i contrastada amb evid\u00e8ncies d\u2019\u00e8xit. Els professionals, amb una clara ideologia de treball dins d\u2019un model escolar i social que camina cap [&hellip;]<\/p>\n","protected":false},"author":1,"featured_media":21548,"comment_status":"open","ping_status":"closed","sticky":false,"template":"","format":"standard","meta":{"_bbp_topic_count":0,"_bbp_reply_count":0,"_bbp_total_topic_count":0,"_bbp_total_reply_count":0,"_bbp_voice_count":0,"_bbp_anonymous_reply_count":0,"_bbp_topic_count_hidden":0,"_bbp_reply_count_hidden":0,"_bbp_forum_subforum_count":0,"site-sidebar-layout":"default","site-content-layout":"","ast-site-content-layout":"","site-content-style":"default","site-sidebar-style":"default","ast-global-header-display":"","ast-banner-title-visibility":"","ast-main-header-display":"","ast-hfb-above-header-display":"","ast-hfb-below-header-display":"","ast-hfb-mobile-header-display":"","site-post-title":"","ast-breadcrumbs-content":"","ast-featured-img":"","footer-sml-layout":"","theme-transparent-header-meta":"","adv-header-id-meta":"","stick-header-meta":"","header-above-stick-meta":"","header-main-stick-meta":"","header-below-stick-meta":"","astra-migrate-meta-layouts":"default","ast-page-background-enabled":"default","ast-page-background-meta":{"desktop":{"background-color":"var(--ast-global-color-4)","background-image":"","background-repeat":"repeat","background-position":"center center","background-size":"auto","background-attachment":"scroll","background-type":"","background-media":"","overlay-type":"","overlay-color":"","overlay-opacity":"","overlay-gradient":""},"tablet":{"background-color":"","background-image":"","background-repeat":"repeat","background-position":"center center","background-size":"auto","background-attachment":"scroll","background-type":"","background-media":"","overlay-type":"","overlay-color":"","overlay-opacity":"","overlay-gradient":""},"mobile":{"background-color":"","background-image":"","background-repeat":"repeat","background-position":"center center","background-size":"auto","background-attachment":"scroll","background-type":"","background-media":"","overlay-type":"","overlay-color":"","overlay-opacity":"","overlay-gradient":""}},"ast-content-background-meta":{"desktop":{"background-color":"var(--ast-global-color-5)","background-image":"","background-repeat":"repeat","background-position":"center center","background-size":"auto","background-attachment":"scroll","background-type":"","background-media":"","overlay-type":"","overlay-color":"","overlay-opacity":"","overlay-gradient":""},"tablet":{"background-color":"var(--ast-global-color-5)","background-image":"","background-repeat":"repeat","background-position":"center center","background-size":"auto","background-attachment":"scroll","background-type":"","background-media":"","overlay-type":"","overlay-color":"","overlay-opacity":"","overlay-gradient":""},"mobile":{"background-color":"var(--ast-global-color-5)","background-image":"","background-repeat":"repeat","background-position":"center center","background-size":"auto","background-attachment":"scroll","background-type":"","background-media":"","overlay-type":"","overlay-color":"","overlay-opacity":"","overlay-gradient":""}},"footnotes":""},"categories":[163,29],"tags":[410,550,616,854,2215],"class_list":["post-21547","post","type-post","status-publish","format-standard","has-post-thumbnail","hentry","category-formacio","category-se-baixllobregat6","tag-diversitat","tag-formacio","tag-inclusio","tag-professorat","tag-reporteducacio"],"post_mailing_queue_ids":[],"_links":{"self":[{"href":"https:\/\/serveiseducatius.xtec.cat\/baixllobregat6\/wp-json\/wp\/v2\/posts\/21547","targetHints":{"allow":["GET"]}}],"collection":[{"href":"https:\/\/serveiseducatius.xtec.cat\/baixllobregat6\/wp-json\/wp\/v2\/posts"}],"about":[{"href":"https:\/\/serveiseducatius.xtec.cat\/baixllobregat6\/wp-json\/wp\/v2\/types\/post"}],"author":[{"embeddable":true,"href":"https:\/\/serveiseducatius.xtec.cat\/baixllobregat6\/wp-json\/wp\/v2\/users\/1"}],"replies":[{"embeddable":true,"href":"https:\/\/serveiseducatius.xtec.cat\/baixllobregat6\/wp-json\/wp\/v2\/comments?post=21547"}],"version-history":[{"count":3,"href":"https:\/\/serveiseducatius.xtec.cat\/baixllobregat6\/wp-json\/wp\/v2\/posts\/21547\/revisions"}],"predecessor-version":[{"id":21562,"href":"https:\/\/serveiseducatius.xtec.cat\/baixllobregat6\/wp-json\/wp\/v2\/posts\/21547\/revisions\/21562"}],"wp:featuredmedia":[{"embeddable":true,"href":"https:\/\/serveiseducatius.xtec.cat\/baixllobregat6\/wp-json\/wp\/v2\/media\/21548"}],"wp:attachment":[{"href":"https:\/\/serveiseducatius.xtec.cat\/baixllobregat6\/wp-json\/wp\/v2\/media?parent=21547"}],"wp:term":[{"taxonomy":"category","embeddable":true,"href":"https:\/\/serveiseducatius.xtec.cat\/baixllobregat6\/wp-json\/wp\/v2\/categories?post=21547"},{"taxonomy":"post_tag","embeddable":true,"href":"https:\/\/serveiseducatius.xtec.cat\/baixllobregat6\/wp-json\/wp\/v2\/tags?post=21547"}],"curies":[{"name":"wp","href":"https:\/\/api.w.org\/{rel}","templated":true}]}}