{"id":21431,"date":"2021-06-03T09:46:22","date_gmt":"2021-06-03T07:46:22","guid":{"rendered":"http:\/\/serveiseducatius.xtec.cat\/baixllobregat6\/?p=21431"},"modified":"2021-06-03T09:51:28","modified_gmt":"2021-06-03T07:51:28","slug":"opencohesion-school-asoc-dades-obertes-auditoria-ciutadana-i-cohesio-europea-2","status":"publish","type":"post","link":"https:\/\/serveiseducatius.xtec.cat\/baixllobregat6\/politicaeducativa\/opencohesion-school-asoc-dades-obertes-auditoria-ciutadana-i-cohesio-europea-2\/","title":{"rendered":"OpenCohesion School (ASOC): Dades Obertes, Auditoria Ciutadana i Cohesi\u00f3 Europea"},"content":{"rendered":"<div>\n<div class=\"row\">\n<div class=\"col-sm-8 basic_text_peq\">\n<div class=\"pd-15x\">\n<p><img loading=\"lazy\" decoding=\"async\" class=\"alignleft size-full wp-image-21433\" src=\"https:\/\/serveiseducatius.xtec.cat\/baixllobregat6\/wp-content\/uploads\/usu778\/2021\/06\/imatge2_asoc-1.png_1578226007-1.png\" alt=\"\" width=\"325\" height=\"244\" srcset=\"https:\/\/serveiseducatius.xtec.cat\/baixllobregat6\/wp-content\/uploads\/usu778\/2021\/06\/imatge2_asoc-1.png_1578226007-1.png 325w, https:\/\/serveiseducatius.xtec.cat\/baixllobregat6\/wp-content\/uploads\/usu778\/2021\/06\/imatge2_asoc-1.png_1578226007-1-200x150.png 200w\" sizes=\"auto, (max-width: 325px) 100vw, 325px\" \/>OpenCohesion School \u00e9s un\u00a0<strong>programa educatiu interdisciplinari innovador<\/strong>\u00a0per a les escoles de secund\u00e0ria per promoure la\u00a0<strong>supervisi\u00f3 ciutadana de les finances p\u00fabliques<\/strong>\u00a0mitjan\u00e7ant l\u2019\u00fas de les dades obertes i les tecnologies de la informaci\u00f3 i la comunicaci\u00f3.<\/p>\n<p>El projecte es planteja tres grans objectius:<\/p>\n<ul>\n<li>Donar a con\u00e8ixer les actuacions que es realitzen amb el finan\u00e7ament de la Uni\u00f3 Europea a trav\u00e9s dels\u00a0<strong>fons\u00a0<\/strong><strong>de la pol\u00edtica de\u00a0<\/strong><strong>cohesi\u00f3<\/strong>.<\/li>\n<li>Introduir els conceptes de\u00a0<strong>transpar\u00e8ncia<\/strong>\u00a0i de\u00a0<strong>dades obertes\u00a0<\/strong>i ensenyar a utilitzar-les a trav\u00e9s d\u2019un exercici pr\u00e0ctic.<\/li>\n<li>Sensibilitzar sobre la import\u00e0ncia de la implicaci\u00f3 ciutadana en\u00a0<strong>l\u2019auditoria de les pol\u00edtiques\u00a0<\/strong><strong>p\u00fabliques<\/strong>.<\/li>\n<\/ul>\n<p>El projecte afavoreix el desenvolupament\u00a0<strong>d\u2019habilitats digitals<\/strong>,\u00a0<strong>estad\u00edstiques<\/strong>\u00a0i\u00a0<strong>d\u2019educaci\u00f3 per a la ciutadania<\/strong>, i permet a l\u2019alumnat descobrir com les pol\u00edtiques p\u00fabliques incideixen als llocs on viuen. Al llarg de tot un curs acad\u00e8mic, alumnat i professorat desenvolupen l\u2019auditoria ciutadana analitzant l\u2019impacte d\u2019un projecte finan\u00e7at amb fons de cohesi\u00f3 en el seu territori, i comuniquen els resultats obtinguts amb l\u2019ajuda de t\u00e8cniques period\u00edstiques.<br \/>\n<!--more--><\/p>\n<p>&nbsp;<\/p>\n<p>Al final de curs se celebra una\u00a0<strong>trobada de totes les escoles catalanes participants<\/strong>\u00a0on es compartiran els projectes treballats.<\/p>\n<p>Durant el curs 2019-2020 es va realitzar el pla pilot OpenCohesion School a Catalunya amb la implicaci\u00f3 d&#8217;equips de 5 instituts diferents. Despr\u00e9s de l&#8217;\u00e8xit de la primera edici\u00f3. estem preparant la nova edici\u00f3 del curs 2020-2021 amb la participaci\u00f3 d&#8217;una vintena d&#8217;equips en el marc del Servei Comunitari que es realitza a 3r i 4t d&#8217;ESO.<\/p>\n<p>A Catalunya el projecte comen\u00e7a durant el curs 2019-2020 amb un pla pilot amb la implicaci\u00f3 d&#8217;equips de 5 instituts diferents. Despr\u00e9s de l&#8217;\u00e8xit de la primera edici\u00f3, el curs 2020-2021 comen\u00e7a amb la participaci\u00f3 d&#8217;una quinzena d\u2019equips de 10 centres docents diferents, i es realitza en el marc del Servei Comunitari que es realitza a 3r i 4t d&#8217;ESO.<\/p>\n<\/div>\n<\/div>\n<div class=\"col-sm-4 center-block \">\n<div class=\"basic_color xar-socials mt_20 groc2 text_negre\"><a class=\"tit\" href=\"http:\/\/governobert.gencat.cat\/ca\/dades_obertes\/open-data-school\/materials-didactics\/\">Materials did\u00e0ctics \u00a0<\/a><a class=\"tit\" href=\"http:\/\/governobert.gencat.cat\/ca\/dades_obertes\/open-data-school\/recerques\/\">Recerques\u00a0 <\/a> <a class=\"tit\" title=\"Edici\u00f3 2019-2020\" href=\"http:\/\/governobert.gencat.cat\/ca\/dades_obertes\/open-data-school\/edicio-2019-2020\/\">Edici\u00f3 2019-2020<\/a><\/div>\n<\/div>\n<\/div>\n<div><\/div>\n<\/div>\n<p>&nbsp;<\/p>\n<div class=\"llistat_collapse\">\n<div id=\"acordio_distribuidora\" class=\"panel-group llistat_collapse_cont\">\n<div class=\"panel panel-default\">\n<div class=\"panel-heading\">\n<h5 class=\"panel-title\"><a class=\"collapsed\" href=\"http:\/\/governobert.gencat.cat\/ca\/dades_obertes\/open-data-school\/#bloc1\" data-toggle=\"collapse\" data-parent=\"#acordio_distribuidora\">La pol\u00edtica de cohesi\u00f3<\/a><\/h5>\n<\/div>\n<\/div>\n<div class=\"panel panel-default\">\n<div class=\"panel-heading\">\n<h5 class=\"panel-title\"><a class=\"collapsed\" href=\"http:\/\/governobert.gencat.cat\/ca\/dades_obertes\/open-data-school\/#bloc2\" data-toggle=\"collapse\" data-parent=\"#acordio_distribuidora\">Les Dades Obertes<\/a><\/h5>\n<\/div>\n<\/div>\n<div class=\"panel panel-default\">\n<div class=\"panel-heading\">\n<h5 class=\"panel-title\"><a class=\"collapsed\" href=\"http:\/\/governobert.gencat.cat\/ca\/dades_obertes\/open-data-school\/#bloc3\" data-toggle=\"collapse\" data-parent=\"#acordio_distribuidora\">El projecte a Europa<\/a><\/h5>\n<\/div>\n<\/div>\n<div class=\"panel panel-default\">\n<div class=\"panel-heading\">\n<h5 class=\"panel-title\"><a class=\"collapsed\" href=\"http:\/\/governobert.gencat.cat\/ca\/dades_obertes\/open-data-school\/#bloc4\" data-toggle=\"collapse\" data-parent=\"#acordio_distribuidora\">El projecte itali\u00e0<\/a><\/h5>\n<\/div>\n<\/div>\n<p>&nbsp;<\/p>\n<pre>Font: <a href=\"http:\/\/governobert.gencat.cat\/ca\/dades_obertes\/open-data-school\/\" target=\"_blank\" rel=\"noopener noreferrer\">Govern Obert<\/a>\r\n\r\n<img loading=\"lazy\" decoding=\"async\" class=\"alignleft size-full wp-image-20834\" src=\"https:\/\/serveiseducatius.xtec.cat\/baixllobregat6\/wp-content\/uploads\/usu778\/2021\/03\/relatius-a-larticle_.png\" alt=\"\" width=\"200\" height=\"90\" \/><img loading=\"lazy\" decoding=\"async\" class=\"alignleft size-full wp-image-20812\" src=\"https:\/\/serveiseducatius.xtec.cat\/baixllobregat6\/wp-content\/uploads\/usu778\/2021\/03\/ODS4-EDUCACI\u00d3.png\" alt=\"\" width=\"90\" height=\"90\" \/><img loading=\"lazy\" decoding=\"async\" class=\"alignleft size-full wp-image-20818\" src=\"https:\/\/serveiseducatius.xtec.cat\/baixllobregat6\/wp-content\/uploads\/usu778\/2021\/03\/ODS10-DESIGUALTATS.png\" alt=\"\" width=\"90\" height=\"90\" \/><\/pre>\n<\/div>\n<\/div>\n","protected":false},"excerpt":{"rendered":"<p>OpenCohesion School \u00e9s un\u00a0programa educatiu interdisciplinari innovador\u00a0per a les escoles de secund\u00e0ria per promoure la\u00a0supervisi\u00f3 ciutadana de les finances p\u00fabliques\u00a0mitjan\u00e7ant l\u2019\u00fas de les dades obertes i les tecnologies de la informaci\u00f3 i la comunicaci\u00f3. El projecte es planteja tres grans objectius: Donar a con\u00e8ixer les actuacions que es realitzen amb el finan\u00e7ament de la Uni\u00f3 [&hellip;]<\/p>\n","protected":false},"author":1,"featured_media":21432,"comment_status":"open","ping_status":"closed","sticky":false,"template":"","format":"standard","meta":{"_bbp_topic_count":0,"_bbp_reply_count":0,"_bbp_total_topic_count":0,"_bbp_total_reply_count":0,"_bbp_voice_count":0,"_bbp_anonymous_reply_count":0,"_bbp_topic_count_hidden":0,"_bbp_reply_count_hidden":0,"_bbp_forum_subforum_count":0,"site-sidebar-layout":"default","site-content-layout":"","ast-site-content-layout":"","site-content-style":"default","site-sidebar-style":"default","ast-global-header-display":"","ast-banner-title-visibility":"","ast-main-header-display":"","ast-hfb-above-header-display":"","ast-hfb-below-header-display":"","ast-hfb-mobile-header-display":"","site-post-title":"","ast-breadcrumbs-content":"","ast-featured-img":"","footer-sml-layout":"","theme-transparent-header-meta":"","adv-header-id-meta":"","stick-header-meta":"","header-above-stick-meta":"","header-main-stick-meta":"","header-below-stick-meta":"","astra-migrate-meta-layouts":"default","ast-page-background-enabled":"default","ast-page-background-meta":{"desktop":{"background-color":"var(--ast-global-color-4)","background-image":"","background-repeat":"repeat","background-position":"center center","background-size":"auto","background-attachment":"scroll","background-type":"","background-media":"","overlay-type":"","overlay-color":"","overlay-opacity":"","overlay-gradient":""},"tablet":{"background-color":"","background-image":"","background-repeat":"repeat","background-position":"center center","background-size":"auto","background-attachment":"scroll","background-type":"","background-media":"","overlay-type":"","overlay-color":"","overlay-opacity":"","overlay-gradient":""},"mobile":{"background-color":"","background-image":"","background-repeat":"repeat","background-position":"center center","background-size":"auto","background-attachment":"scroll","background-type":"","background-media":"","overlay-type":"","overlay-color":"","overlay-opacity":"","overlay-gradient":""}},"ast-content-background-meta":{"desktop":{"background-color":"var(--ast-global-color-5)","background-image":"","background-repeat":"repeat","background-position":"center center","background-size":"auto","background-attachment":"scroll","background-type":"","background-media":"","overlay-type":"","overlay-color":"","overlay-opacity":"","overlay-gradient":""},"tablet":{"background-color":"var(--ast-global-color-5)","background-image":"","background-repeat":"repeat","background-position":"center center","background-size":"auto","background-attachment":"scroll","background-type":"","background-media":"","overlay-type":"","overlay-color":"","overlay-opacity":"","overlay-gradient":""},"mobile":{"background-color":"var(--ast-global-color-5)","background-image":"","background-repeat":"repeat","background-position":"center center","background-size":"auto","background-attachment":"scroll","background-type":"","background-media":"","overlay-type":"","overlay-color":"","overlay-opacity":"","overlay-gradient":""}},"footnotes":""},"categories":[1,29],"tags":[297,2074,443,2402,2652,1849,2215,966,1973],"class_list":["post-21431","post","type-post","status-publish","format-standard","has-post-thumbnail","hentry","category-politicaeducativa","category-se-baixllobregat6","tag-catalunya","tag-cultura-digital","tag-educacio-per-a-la-ciutadania","tag-govern-obert","tag-governanca","tag-politica","tag-reporteducacio","tag-transparencia","tag-unio-europea"],"post_mailing_queue_ids":[],"_links":{"self":[{"href":"https:\/\/serveiseducatius.xtec.cat\/baixllobregat6\/wp-json\/wp\/v2\/posts\/21431","targetHints":{"allow":["GET"]}}],"collection":[{"href":"https:\/\/serveiseducatius.xtec.cat\/baixllobregat6\/wp-json\/wp\/v2\/posts"}],"about":[{"href":"https:\/\/serveiseducatius.xtec.cat\/baixllobregat6\/wp-json\/wp\/v2\/types\/post"}],"author":[{"embeddable":true,"href":"https:\/\/serveiseducatius.xtec.cat\/baixllobregat6\/wp-json\/wp\/v2\/users\/1"}],"replies":[{"embeddable":true,"href":"https:\/\/serveiseducatius.xtec.cat\/baixllobregat6\/wp-json\/wp\/v2\/comments?post=21431"}],"version-history":[{"count":3,"href":"https:\/\/serveiseducatius.xtec.cat\/baixllobregat6\/wp-json\/wp\/v2\/posts\/21431\/revisions"}],"predecessor-version":[{"id":21437,"href":"https:\/\/serveiseducatius.xtec.cat\/baixllobregat6\/wp-json\/wp\/v2\/posts\/21431\/revisions\/21437"}],"wp:featuredmedia":[{"embeddable":true,"href":"https:\/\/serveiseducatius.xtec.cat\/baixllobregat6\/wp-json\/wp\/v2\/media\/21432"}],"wp:attachment":[{"href":"https:\/\/serveiseducatius.xtec.cat\/baixllobregat6\/wp-json\/wp\/v2\/media?parent=21431"}],"wp:term":[{"taxonomy":"category","embeddable":true,"href":"https:\/\/serveiseducatius.xtec.cat\/baixllobregat6\/wp-json\/wp\/v2\/categories?post=21431"},{"taxonomy":"post_tag","embeddable":true,"href":"https:\/\/serveiseducatius.xtec.cat\/baixllobregat6\/wp-json\/wp\/v2\/tags?post=21431"}],"curies":[{"name":"wp","href":"https:\/\/api.w.org\/{rel}","templated":true}]}}