{"id":21420,"date":"2021-05-28T09:15:47","date_gmt":"2021-05-28T07:15:47","guid":{"rendered":"http:\/\/serveiseducatius.xtec.cat\/baixllobregat6\/?p=21420"},"modified":"2021-05-28T09:18:29","modified_gmt":"2021-05-28T07:18:29","slug":"recomanacions-per-a-familiars-i-per-a-professionals-quan-hi-ha-una-revelacio-de-violencia-sexual-en-nens-nenes-i-adolescents","status":"publish","type":"post","link":"https:\/\/serveiseducatius.xtec.cat\/baixllobregat6\/se-baixllobregat6\/recomanacions-per-a-familiars-i-per-a-professionals-quan-hi-ha-una-revelacio-de-violencia-sexual-en-nens-nenes-i-adolescents\/","title":{"rendered":"Recomanacions per a familiars i per a professionals quan hi ha una revelaci\u00f3 de viol\u00e8ncia sexual en nens, nenes i adolescents"},"content":{"rendered":"<p><img loading=\"lazy\" decoding=\"async\" class=\"alignleft size-full wp-image-21421\" src=\"https:\/\/serveiseducatius.xtec.cat\/baixllobregat6\/wp-content\/uploads\/usu778\/2021\/05\/guies1.png\" alt=\"\" width=\"514\" height=\"768\" srcset=\"https:\/\/serveiseducatius.xtec.cat\/baixllobregat6\/wp-content\/uploads\/usu778\/2021\/05\/guies1.png 514w, https:\/\/serveiseducatius.xtec.cat\/baixllobregat6\/wp-content\/uploads\/usu778\/2021\/05\/guies1-348x520.png 348w\" sizes=\"auto, (max-width: 514px) 100vw, 514px\" \/>La Direcci\u00f3 General d\u2019Execuci\u00f3 Penal a la Comunitat i Just\u00edcia Juvenil i el\u00a0 Centre d\u2019Estudis Jur\u00eddics i Formaci\u00f3 Especialitzada, han editat unes guies adre\u00e7ades a familiars i a professionals quan hi ha una revelaci\u00f3 de viol\u00e8ncia sexual en nens i nenes i adolescents.<!--more--><\/p>\n<p>Pel que fa a les fam\u00edlies, les recomanacions i orientacions sorgeixen del coneixement que ens ha valgut la nostra experi\u00e8ncia sobre com es viu la revelaci\u00f3 de la viol\u00e8ncia sexual pels familiars i persones properes a l\u2019entorn del nen,<br \/>\nnena i adolescent (NNA) que n\u2019ha patit. Per aix\u00f2, pretenen servir com a guia inicial en el moment de la revelaci\u00f3 o del descobriment.<br \/>\nCada nen, nena i adolescent t\u00e9 les seves necessitats, personalitat i circumst\u00e0ncies particulars, a m\u00e9s d\u2019una manera pr\u00f2pia de viure la viol\u00e8ncia sexual. Per tant, si tens cap dubte, consulta\u2019l amb especialistes que et<br \/>\npuguin ajudar sobre la decisi\u00f3 m\u00e9s beneficiosa per a cada cas<\/p>\n<p>La guia adre\u00e7ada a professionals \u00e9s fruit de l\u2019evid\u00e8ncia pr\u00e0ctica sobre com afecta als nens, nenes i adolescents (NNA) el recorregut de visites i entrevistes per diferents professionals a partir del moment que revelen la viol\u00e8ncia sexual<br \/>\nsoferta. Aix\u00ed, pret\u00e9n servir com a material de suport per disposar d\u2019una guia pr\u00e0ctica que destaqui les pautes d\u2019actuaci\u00f3 que han de dominar els equips de professionals per tal de reduir la victimitzaci\u00f3 secund\u00e0ria.<br \/>\nConv\u00e9 recordar que cada nen, nena i adolescent (NNA) t\u00e9 les seves necessitats ,personalitat i circumst\u00e0ncies particulars, a m\u00e9s de la viv\u00e8ncia pr\u00f2pia de la viol\u00e8ncia sexual. No s&#8217;ha de traslladar les interpretacions personals als<br \/>\nNNA, ni a les seves fam\u00edlies.<\/p>\n<p>El divendres 11 de juny es far\u00e0 una sessi\u00f3 formativa i cal formalitzar\u00a0la\u00a0<a href=\"https:\/\/formacio.cejfe.gencat.cat\/cejfe\/#\/\" target=\"_blank\" rel=\"noopener noreferrer\" data-saferedirecturl=\"https:\/\/www.google.com\/url?q=https:\/\/formacio.cejfe.gencat.cat\/cejfe\/%23\/&amp;source=gmail&amp;ust=1622269455449000&amp;usg=AFQjCNGpcM9Si2JvD_xw8JeHqJYjAmSaQA\">inscripci\u00f3<\/a> abans del 9 de juny, Les persones admeses rebran un enlla\u00e7 per accedir a la plataforma zoom que emetr\u00e0 la sessi\u00f3 de la qual en podeu consultar el programa tot seguit.<\/p>\n<p><iframe loading=\"lazy\" src=\"https:\/\/drive.google.com\/file\/d\/1yifOYWZSwSk3ssnacsg9QOR3DQFlmdJd\/preview\" width=\"800\" height=\"1100\"><span data-mce-type=\"bookmark\" style=\"display: inline-block; width: 0px; overflow: hidden; line-height: 0;\" class=\"mce_SELRES_start\">\ufeff<\/span><\/iframe><\/p>\n<p><img loading=\"lazy\" decoding=\"async\" class=\"alignleft size-full wp-image-20834\" src=\"https:\/\/serveiseducatius.xtec.cat\/baixllobregat6\/wp-content\/uploads\/usu778\/2021\/03\/relatius-a-larticle_.png\" alt=\"\" width=\"200\" height=\"90\" \/><img loading=\"lazy\" decoding=\"async\" class=\"alignleft size-full wp-image-20812\" src=\"https:\/\/serveiseducatius.xtec.cat\/baixllobregat6\/wp-content\/uploads\/usu778\/2021\/03\/ODS4-EDUCACI\u00d3.png\" alt=\"\" width=\"90\" height=\"90\" \/><img loading=\"lazy\" decoding=\"async\" class=\"alignleft size-full wp-image-20818\" src=\"https:\/\/serveiseducatius.xtec.cat\/baixllobregat6\/wp-content\/uploads\/usu778\/2021\/03\/ODS10-DESIGUALTATS.png\" alt=\"\" width=\"90\" height=\"90\" \/><\/p>\n","protected":false},"excerpt":{"rendered":"<p>La Direcci\u00f3 General d\u2019Execuci\u00f3 Penal a la Comunitat i Just\u00edcia Juvenil i el\u00a0 Centre d\u2019Estudis Jur\u00eddics i Formaci\u00f3 Especialitzada, han editat unes guies adre\u00e7ades a familiars i a professionals quan hi ha una revelaci\u00f3 de viol\u00e8ncia sexual en nens i nenes i adolescents.<\/p>\n","protected":false},"author":1,"featured_media":21421,"comment_status":"open","ping_status":"closed","sticky":false,"template":"","format":"standard","meta":{"_bbp_topic_count":0,"_bbp_reply_count":0,"_bbp_total_topic_count":0,"_bbp_total_reply_count":0,"_bbp_voice_count":0,"_bbp_anonymous_reply_count":0,"_bbp_topic_count_hidden":0,"_bbp_reply_count_hidden":0,"_bbp_forum_subforum_count":0,"site-sidebar-layout":"default","site-content-layout":"","ast-site-content-layout":"","site-content-style":"default","site-sidebar-style":"default","ast-global-header-display":"","ast-banner-title-visibility":"","ast-main-header-display":"","ast-hfb-above-header-display":"","ast-hfb-below-header-display":"","ast-hfb-mobile-header-display":"","site-post-title":"","ast-breadcrumbs-content":"","ast-featured-img":"","footer-sml-layout":"","theme-transparent-header-meta":"","adv-header-id-meta":"","stick-header-meta":"","header-above-stick-meta":"","header-main-stick-meta":"","header-below-stick-meta":"","astra-migrate-meta-layouts":"default","ast-page-background-enabled":"default","ast-page-background-meta":{"desktop":{"background-color":"var(--ast-global-color-4)","background-image":"","background-repeat":"repeat","background-position":"center center","background-size":"auto","background-attachment":"scroll","background-type":"","background-media":"","overlay-type":"","overlay-color":"","overlay-opacity":"","overlay-gradient":""},"tablet":{"background-color":"","background-image":"","background-repeat":"repeat","background-position":"center center","background-size":"auto","background-attachment":"scroll","background-type":"","background-media":"","overlay-type":"","overlay-color":"","overlay-opacity":"","overlay-gradient":""},"mobile":{"background-color":"","background-image":"","background-repeat":"repeat","background-position":"center center","background-size":"auto","background-attachment":"scroll","background-type":"","background-media":"","overlay-type":"","overlay-color":"","overlay-opacity":"","overlay-gradient":""}},"ast-content-background-meta":{"desktop":{"background-color":"var(--ast-global-color-5)","background-image":"","background-repeat":"repeat","background-position":"center center","background-size":"auto","background-attachment":"scroll","background-type":"","background-media":"","overlay-type":"","overlay-color":"","overlay-opacity":"","overlay-gradient":""},"tablet":{"background-color":"var(--ast-global-color-5)","background-image":"","background-repeat":"repeat","background-position":"center center","background-size":"auto","background-attachment":"scroll","background-type":"","background-media":"","overlay-type":"","overlay-color":"","overlay-opacity":"","overlay-gradient":""},"mobile":{"background-color":"var(--ast-global-color-5)","background-image":"","background-repeat":"repeat","background-position":"center center","background-size":"auto","background-attachment":"scroll","background-type":"","background-media":"","overlay-type":"","overlay-color":"","overlay-opacity":"","overlay-gradient":""}},"footnotes":""},"categories":[1040,67,29],"tags":[207,2651,620,866,2215,922,115],"class_list":["post-21420","post","type-post","status-publish","format-standard","has-post-thumbnail","hentry","category-diversitat-en-xarxa","category-eap","category-se-baixllobregat6","tag-adolescencia","tag-agressions-sexuals","tag-infancia","tag-psicologia","tag-reporteducacio","tag-sexualitat","tag-violencia-de-genere"],"post_mailing_queue_ids":[],"_links":{"self":[{"href":"https:\/\/serveiseducatius.xtec.cat\/baixllobregat6\/wp-json\/wp\/v2\/posts\/21420","targetHints":{"allow":["GET"]}}],"collection":[{"href":"https:\/\/serveiseducatius.xtec.cat\/baixllobregat6\/wp-json\/wp\/v2\/posts"}],"about":[{"href":"https:\/\/serveiseducatius.xtec.cat\/baixllobregat6\/wp-json\/wp\/v2\/types\/post"}],"author":[{"embeddable":true,"href":"https:\/\/serveiseducatius.xtec.cat\/baixllobregat6\/wp-json\/wp\/v2\/users\/1"}],"replies":[{"embeddable":true,"href":"https:\/\/serveiseducatius.xtec.cat\/baixllobregat6\/wp-json\/wp\/v2\/comments?post=21420"}],"version-history":[{"count":3,"href":"https:\/\/serveiseducatius.xtec.cat\/baixllobregat6\/wp-json\/wp\/v2\/posts\/21420\/revisions"}],"predecessor-version":[{"id":21424,"href":"https:\/\/serveiseducatius.xtec.cat\/baixllobregat6\/wp-json\/wp\/v2\/posts\/21420\/revisions\/21424"}],"wp:featuredmedia":[{"embeddable":true,"href":"https:\/\/serveiseducatius.xtec.cat\/baixllobregat6\/wp-json\/wp\/v2\/media\/21421"}],"wp:attachment":[{"href":"https:\/\/serveiseducatius.xtec.cat\/baixllobregat6\/wp-json\/wp\/v2\/media?parent=21420"}],"wp:term":[{"taxonomy":"category","embeddable":true,"href":"https:\/\/serveiseducatius.xtec.cat\/baixllobregat6\/wp-json\/wp\/v2\/categories?post=21420"},{"taxonomy":"post_tag","embeddable":true,"href":"https:\/\/serveiseducatius.xtec.cat\/baixllobregat6\/wp-json\/wp\/v2\/tags?post=21420"}],"curies":[{"name":"wp","href":"https:\/\/api.w.org\/{rel}","templated":true}]}}