{"id":21334,"date":"2021-05-17T11:54:15","date_gmt":"2021-05-17T09:54:15","guid":{"rendered":"http:\/\/serveiseducatius.xtec.cat\/baixllobregat6\/?p=21334"},"modified":"2021-05-17T11:59:51","modified_gmt":"2021-05-17T09:59:51","slug":"amb-la-trobada-entre-lescola-el-corb-i-lescola-loreig-es-tanca-el-quadre-de-semifinalistes-de-la-ronda-de-llibres","status":"publish","type":"post","link":"https:\/\/serveiseducatius.xtec.cat\/baixllobregat6\/se-baixllobregat6\/amb-la-trobada-entre-lescola-el-corb-i-lescola-loreig-es-tanca-el-quadre-de-semifinalistes-de-la-ronda-de-llibres\/","title":{"rendered":"Amb la trobada entre l&#8217;Escola El Corb i l&#8217;Escola l&#8217;Oreig, es tanca el quadre de semifinalistes de la Ronda de Llibres"},"content":{"rendered":"<p>La trobada entre l&#8217;Escola El Corb de Corbera de Llobregat i l&#8217;Escola l&#8217;Oreig de Pallej\u00e0, en els quarts de final de la <em><strong><a href=\"https:\/\/serveiseducatius.xtec.cat\/baixllobregat6\/ronda-de-llibres\/temporitzacio\/calendari-de-primaria\/\" target=\"_blank\" rel=\"noopener noreferrer\">Ronda de Llibres<\/a><\/strong><\/em> ha estat molt emocionant. Les dues escoles han tingut un elevat nombre d&#8217;encerts que han obligat a haver de fer una nova tanda de preguntes.<\/p>\n<figure id=\"attachment_21336\" aria-describedby=\"caption-attachment-21336\" style=\"width: 1119px\" class=\"wp-caption alignleft\"><img loading=\"lazy\" decoding=\"async\" class=\"wp-image-21336\" src=\"https:\/\/serveiseducatius.xtec.cat\/baixllobregat6\/wp-content\/uploads\/usu778\/2021\/05\/escelcorb.jpeg\" alt=\"\" width=\"1119\" height=\"839\" srcset=\"https:\/\/serveiseducatius.xtec.cat\/baixllobregat6\/wp-content\/uploads\/usu778\/2021\/05\/escelcorb.jpeg 640w, https:\/\/serveiseducatius.xtec.cat\/baixllobregat6\/wp-content\/uploads\/usu778\/2021\/05\/escelcorb-520x390.jpeg 520w, https:\/\/serveiseducatius.xtec.cat\/baixllobregat6\/wp-content\/uploads\/usu778\/2021\/05\/escelcorb-200x150.jpeg 200w\" sizes=\"auto, (max-width: 1119px) 100vw, 1119px\" \/><figcaption id=\"caption-attachment-21336\" class=\"wp-caption-text\">El grup de l&#8217;Escola El Corb, uns excel\u00b7lents lectors que guarden un bon record del seu pas per la Ronda dels Llibres<\/figcaption><\/figure>\n<p><!--more--><\/p>\n<p>&nbsp;<\/p>\n<p>L&#8217;escola que passa a semifinals \u00e9s l&#8217;Oreig i el quadre de trobades d&#8217;aquesta fase ja est\u00e0 complet amb la incorporaci\u00f3 d&#8217;aquest centre.<\/p>\n<p><figure id=\"attachment_21335\" aria-describedby=\"caption-attachment-21335\" style=\"width: 1600px\" class=\"wp-caption alignleft\"><img loading=\"lazy\" decoding=\"async\" class=\"wp-image-21335 size-full\" src=\"https:\/\/serveiseducatius.xtec.cat\/baixllobregat6\/wp-content\/uploads\/usu778\/2021\/05\/15841fd7-a356-4821-a912-6e0f3db53216.jpeg\" alt=\"\" width=\"1600\" height=\"1200\" srcset=\"https:\/\/serveiseducatius.xtec.cat\/baixllobregat6\/wp-content\/uploads\/usu778\/2021\/05\/15841fd7-a356-4821-a912-6e0f3db53216.jpeg 1600w, https:\/\/serveiseducatius.xtec.cat\/baixllobregat6\/wp-content\/uploads\/usu778\/2021\/05\/15841fd7-a356-4821-a912-6e0f3db53216-520x390.jpeg 520w, https:\/\/serveiseducatius.xtec.cat\/baixllobregat6\/wp-content\/uploads\/usu778\/2021\/05\/15841fd7-a356-4821-a912-6e0f3db53216-768x576.jpeg 768w, https:\/\/serveiseducatius.xtec.cat\/baixllobregat6\/wp-content\/uploads\/usu778\/2021\/05\/15841fd7-a356-4821-a912-6e0f3db53216-1024x768.jpeg 1024w, https:\/\/serveiseducatius.xtec.cat\/baixllobregat6\/wp-content\/uploads\/usu778\/2021\/05\/15841fd7-a356-4821-a912-6e0f3db53216-200x150.jpeg 200w\" sizes=\"auto, (max-width: 1600px) 100vw, 1600px\" \/><figcaption id=\"caption-attachment-21335\" class=\"wp-caption-text\">El grup de l&#8217;Escola l&#8217;Oreig, un cop superada la fase de quarts de final<\/figcaption><\/figure><br \/>\n&nbsp;<\/p>\n<p><img loading=\"lazy\" decoding=\"async\" src=\"https:\/\/serveiseducatius.xtec.cat\/baixllobregat6\/wp-content\/uploads\/usu778\/2021\/03\/relatius-a-larticle_.png\" alt=\"\" width=\"200\" height=\"90\" class=\"alignleft size-full wp-image-20834\" \/><img loading=\"lazy\" decoding=\"async\" src=\"https:\/\/serveiseducatius.xtec.cat\/baixllobregat6\/wp-content\/uploads\/usu778\/2021\/03\/ODS4-EDUCACI\u00d3.png\" alt=\"\" width=\"90\" height=\"90\" class=\"alignleft size-full wp-image-20812\" \/><\/p>\n","protected":false},"excerpt":{"rendered":"<p>La trobada entre l&#8217;Escola El Corb de Corbera de Llobregat i l&#8217;Escola l&#8217;Oreig de Pallej\u00e0, en els quarts de final de la Ronda de Llibres ha estat molt emocionant. Les dues escoles han tingut un elevat nombre d&#8217;encerts que han obligat a haver de fer una nova tanda de preguntes.<\/p>\n","protected":false},"author":1,"featured_media":21336,"comment_status":"open","ping_status":"closed","sticky":false,"template":"","format":"standard","meta":{"_bbp_topic_count":0,"_bbp_reply_count":0,"_bbp_total_topic_count":0,"_bbp_total_reply_count":0,"_bbp_voice_count":0,"_bbp_anonymous_reply_count":0,"_bbp_topic_count_hidden":0,"_bbp_reply_count_hidden":0,"_bbp_forum_subforum_count":0,"site-sidebar-layout":"default","site-content-layout":"","ast-site-content-layout":"","site-content-style":"default","site-sidebar-style":"default","ast-global-header-display":"","ast-banner-title-visibility":"","ast-main-header-display":"","ast-hfb-above-header-display":"","ast-hfb-below-header-display":"","ast-hfb-mobile-header-display":"","site-post-title":"","ast-breadcrumbs-content":"","ast-featured-img":"","footer-sml-layout":"","theme-transparent-header-meta":"","adv-header-id-meta":"","stick-header-meta":"","header-above-stick-meta":"","header-main-stick-meta":"","header-below-stick-meta":"","astra-migrate-meta-layouts":"default","ast-page-background-enabled":"default","ast-page-background-meta":{"desktop":{"background-color":"var(--ast-global-color-4)","background-image":"","background-repeat":"repeat","background-position":"center center","background-size":"auto","background-attachment":"scroll","background-type":"","background-media":"","overlay-type":"","overlay-color":"","overlay-opacity":"","overlay-gradient":""},"tablet":{"background-color":"","background-image":"","background-repeat":"repeat","background-position":"center center","background-size":"auto","background-attachment":"scroll","background-type":"","background-media":"","overlay-type":"","overlay-color":"","overlay-opacity":"","overlay-gradient":""},"mobile":{"background-color":"","background-image":"","background-repeat":"repeat","background-position":"center center","background-size":"auto","background-attachment":"scroll","background-type":"","background-media":"","overlay-type":"","overlay-color":"","overlay-opacity":"","overlay-gradient":""}},"ast-content-background-meta":{"desktop":{"background-color":"var(--ast-global-color-5)","background-image":"","background-repeat":"repeat","background-position":"center center","background-size":"auto","background-attachment":"scroll","background-type":"","background-media":"","overlay-type":"","overlay-color":"","overlay-opacity":"","overlay-gradient":""},"tablet":{"background-color":"var(--ast-global-color-5)","background-image":"","background-repeat":"repeat","background-position":"center center","background-size":"auto","background-attachment":"scroll","background-type":"","background-media":"","overlay-type":"","overlay-color":"","overlay-opacity":"","overlay-gradient":""},"mobile":{"background-color":"var(--ast-global-color-5)","background-image":"","background-repeat":"repeat","background-position":"center center","background-size":"auto","background-attachment":"scroll","background-type":"","background-media":"","overlay-type":"","overlay-color":"","overlay-opacity":"","overlay-gradient":""}},"footnotes":""},"categories":[29,1041],"tags":[220,1436,372,490,2640,100,795],"class_list":["post-21334","post","type-post","status-publish","format-standard","has-post-thumbnail","hentry","category-se-baixllobregat6","category-ronda-de-llibres","tag-alumnat","tag-biblioreport","tag-corbera-de-llobregat","tag-escola-el-corb","tag-escola-loreig","tag-lectura","tag-palleja"],"post_mailing_queue_ids":[],"_links":{"self":[{"href":"https:\/\/serveiseducatius.xtec.cat\/baixllobregat6\/wp-json\/wp\/v2\/posts\/21334","targetHints":{"allow":["GET"]}}],"collection":[{"href":"https:\/\/serveiseducatius.xtec.cat\/baixllobregat6\/wp-json\/wp\/v2\/posts"}],"about":[{"href":"https:\/\/serveiseducatius.xtec.cat\/baixllobregat6\/wp-json\/wp\/v2\/types\/post"}],"author":[{"embeddable":true,"href":"https:\/\/serveiseducatius.xtec.cat\/baixllobregat6\/wp-json\/wp\/v2\/users\/1"}],"replies":[{"embeddable":true,"href":"https:\/\/serveiseducatius.xtec.cat\/baixllobregat6\/wp-json\/wp\/v2\/comments?post=21334"}],"version-history":[{"count":3,"href":"https:\/\/serveiseducatius.xtec.cat\/baixllobregat6\/wp-json\/wp\/v2\/posts\/21334\/revisions"}],"predecessor-version":[{"id":21341,"href":"https:\/\/serveiseducatius.xtec.cat\/baixllobregat6\/wp-json\/wp\/v2\/posts\/21334\/revisions\/21341"}],"wp:featuredmedia":[{"embeddable":true,"href":"https:\/\/serveiseducatius.xtec.cat\/baixllobregat6\/wp-json\/wp\/v2\/media\/21336"}],"wp:attachment":[{"href":"https:\/\/serveiseducatius.xtec.cat\/baixllobregat6\/wp-json\/wp\/v2\/media?parent=21334"}],"wp:term":[{"taxonomy":"category","embeddable":true,"href":"https:\/\/serveiseducatius.xtec.cat\/baixllobregat6\/wp-json\/wp\/v2\/categories?post=21334"},{"taxonomy":"post_tag","embeddable":true,"href":"https:\/\/serveiseducatius.xtec.cat\/baixllobregat6\/wp-json\/wp\/v2\/tags?post=21334"}],"curies":[{"name":"wp","href":"https:\/\/api.w.org\/{rel}","templated":true}]}}