{"id":21325,"date":"2021-05-14T12:28:05","date_gmt":"2021-05-14T10:28:05","guid":{"rendered":"http:\/\/serveiseducatius.xtec.cat\/baixllobregat6\/?p=21325"},"modified":"2021-05-20T20:38:26","modified_gmt":"2021-05-20T18:38:26","slug":"la-ronda-de-llibres-ja-te-tercer-centre-semifinalista","status":"publish","type":"post","link":"https:\/\/serveiseducatius.xtec.cat\/baixllobregat6\/politicaeducativa\/la-ronda-de-llibres-ja-te-tercer-centre-semifinalista\/","title":{"rendered":"La Ronda de Llibres ja t\u00e9 tercer centre semifinalista"},"content":{"rendered":"<p>Avui, 14 de maig, s\u2019ha celebrat la tercera eliminat\u00f2ria de la Ronda de Llibres 2021, que comptava amb la participaci\u00f3 dels quarts de l\u2019<a href=\"https:\/\/escolanova.cat\/\">Escola Nova<\/a> de Cervell\u00f3 i l\u2019<a href=\"https:\/\/agora.xtec.cat\/ceipsantantoni\/\">Escola Sant Antoni<\/a> de Sant Vicen\u00e7 dels Horts.<\/p>\n<figure id=\"attachment_21328\" aria-describedby=\"caption-attachment-21328\" style=\"width: 1344px\" class=\"wp-caption aligncenter\"><img loading=\"lazy\" decoding=\"async\" class=\"wp-image-21328 size-full\" src=\"https:\/\/serveiseducatius.xtec.cat\/baixllobregat6\/wp-content\/uploads\/usu778\/2021\/05\/Escola-Nova.jpg\" alt=\"\" width=\"1344\" height=\"1008\" srcset=\"https:\/\/serveiseducatius.xtec.cat\/baixllobregat6\/wp-content\/uploads\/usu778\/2021\/05\/Escola-Nova.jpg 4032w, https:\/\/serveiseducatius.xtec.cat\/baixllobregat6\/wp-content\/uploads\/usu778\/2021\/05\/Escola-Nova-520x390.jpg 520w, https:\/\/serveiseducatius.xtec.cat\/baixllobregat6\/wp-content\/uploads\/usu778\/2021\/05\/Escola-Nova-768x576.jpg 768w, https:\/\/serveiseducatius.xtec.cat\/baixllobregat6\/wp-content\/uploads\/usu778\/2021\/05\/Escola-Nova-1024x768.jpg 1024w, https:\/\/serveiseducatius.xtec.cat\/baixllobregat6\/wp-content\/uploads\/usu778\/2021\/05\/Escola-Nova-200x150.jpg 200w\" sizes=\"auto, (max-width: 1344px) 100vw, 1344px\" \/><figcaption id=\"caption-attachment-21328\" class=\"wp-caption-text\"><em>L&#8217;alumnat de l&#8217;Escola Nova a la Ronda de Llibres<\/em><\/figcaption><\/figure>\n<p>Els alumnes han respost a les preguntes dels vuit llibres proposats i, finalment, el grup que passa a la segona semifinal del divendres 21 de maig \u00e9s el de l&#8217;Escola Nova de Cervell\u00f3. <!--more-->Els grups s&#8217;han agra\u00eft l&#8217;esportivitat i hem entregat un diploma de participaci\u00f3 al centre Sant Antoni de Sant Vicen\u00e7 dels Horts com agra\u00efment pel seu comprom\u00eds amb l&#8217;activitat.<\/p>\n<figure id=\"attachment_21327\" aria-describedby=\"caption-attachment-21327\" style=\"width: 1344px\" class=\"wp-caption aligncenter\"><img loading=\"lazy\" decoding=\"async\" class=\"wp-image-21327 size-full\" src=\"https:\/\/serveiseducatius.xtec.cat\/baixllobregat6\/wp-content\/uploads\/usu778\/2021\/05\/Sant-Antoni.jpg\" alt=\"\" width=\"1344\" height=\"1008\" srcset=\"https:\/\/serveiseducatius.xtec.cat\/baixllobregat6\/wp-content\/uploads\/usu778\/2021\/05\/Sant-Antoni.jpg 2016w, https:\/\/serveiseducatius.xtec.cat\/baixllobregat6\/wp-content\/uploads\/usu778\/2021\/05\/Sant-Antoni-520x390.jpg 520w, https:\/\/serveiseducatius.xtec.cat\/baixllobregat6\/wp-content\/uploads\/usu778\/2021\/05\/Sant-Antoni-768x576.jpg 768w, https:\/\/serveiseducatius.xtec.cat\/baixllobregat6\/wp-content\/uploads\/usu778\/2021\/05\/Sant-Antoni-1024x768.jpg 1024w, https:\/\/serveiseducatius.xtec.cat\/baixllobregat6\/wp-content\/uploads\/usu778\/2021\/05\/Sant-Antoni-200x150.jpg 200w\" sizes=\"auto, (max-width: 1344px) 100vw, 1344px\" \/><figcaption id=\"caption-attachment-21327\" class=\"wp-caption-text\"><em>L&#8217;alumnat de l&#8217;Escola Sant Antoni amb el diploma de participaci\u00f3<\/em><\/figcaption><\/figure>\n<p>Moltes gr\u00e0cies a tots i totes per participar i implicar-vos en la lectura dels llibres.<\/p>\n<p>El proper dilluns 17 de maig segueix la Ronda amb la participaci\u00f3 de l&#8217;Escola El Corb de Corbera i el Col\u00b7legi L&#8217;Oreig de Pallej\u00e0. Podeu seguir com va el quadre d&#8217;eliminat\u00f2ries fent clic <a href=\"https:\/\/serveiseducatius.xtec.cat\/baixllobregat6\/ronda-de-llibres\/temporitzacio\/calendari-de-primaria\/\">aqu\u00ed<\/a>. Seguirem informant!<\/p>\n<p><img loading=\"lazy\" decoding=\"async\" class=\"size-full wp-image-20834 alignnone\" src=\"https:\/\/serveiseducatius.xtec.cat\/baixllobregat6\/wp-content\/uploads\/usu778\/2021\/03\/relatius-a-larticle_.png\" alt=\"\" width=\"200\" height=\"90\" \/> <img loading=\"lazy\" decoding=\"async\" class=\"size-full wp-image-20812 alignnone\" src=\"https:\/\/serveiseducatius.xtec.cat\/baixllobregat6\/wp-content\/uploads\/usu778\/2021\/03\/ODS4-EDUCACI\u00d3.png\" alt=\"\" width=\"90\" height=\"90\" \/><\/p>\n","protected":false},"excerpt":{"rendered":"<p>Avui, 14 de maig, s\u2019ha celebrat la tercera eliminat\u00f2ria de la Ronda de Llibres 2021, que comptava amb la participaci\u00f3 dels quarts de l\u2019Escola Nova de Cervell\u00f3 i l\u2019Escola Sant Antoni de Sant Vicen\u00e7 dels Horts. Els alumnes han respost a les preguntes dels vuit llibres proposats i, finalment, el grup que passa a la [&hellip;]<\/p>\n","protected":false},"author":1,"featured_media":21327,"comment_status":"open","ping_status":"closed","sticky":false,"template":"","format":"standard","meta":{"_bbp_topic_count":0,"_bbp_reply_count":0,"_bbp_total_topic_count":0,"_bbp_total_reply_count":0,"_bbp_voice_count":0,"_bbp_anonymous_reply_count":0,"_bbp_topic_count_hidden":0,"_bbp_reply_count_hidden":0,"_bbp_forum_subforum_count":0,"site-sidebar-layout":"default","site-content-layout":"","ast-site-content-layout":"","site-content-style":"default","site-sidebar-style":"default","ast-global-header-display":"","ast-banner-title-visibility":"","ast-main-header-display":"","ast-hfb-above-header-display":"","ast-hfb-below-header-display":"","ast-hfb-mobile-header-display":"","site-post-title":"","ast-breadcrumbs-content":"","ast-featured-img":"","footer-sml-layout":"","theme-transparent-header-meta":"","adv-header-id-meta":"","stick-header-meta":"","header-above-stick-meta":"","header-main-stick-meta":"","header-below-stick-meta":"","astra-migrate-meta-layouts":"default","ast-page-background-enabled":"default","ast-page-background-meta":{"desktop":{"background-color":"var(--ast-global-color-4)","background-image":"","background-repeat":"repeat","background-position":"center center","background-size":"auto","background-attachment":"scroll","background-type":"","background-media":"","overlay-type":"","overlay-color":"","overlay-opacity":"","overlay-gradient":""},"tablet":{"background-color":"","background-image":"","background-repeat":"repeat","background-position":"center center","background-size":"auto","background-attachment":"scroll","background-type":"","background-media":"","overlay-type":"","overlay-color":"","overlay-opacity":"","overlay-gradient":""},"mobile":{"background-color":"","background-image":"","background-repeat":"repeat","background-position":"center center","background-size":"auto","background-attachment":"scroll","background-type":"","background-media":"","overlay-type":"","overlay-color":"","overlay-opacity":"","overlay-gradient":""}},"ast-content-background-meta":{"desktop":{"background-color":"var(--ast-global-color-5)","background-image":"","background-repeat":"repeat","background-position":"center center","background-size":"auto","background-attachment":"scroll","background-type":"","background-media":"","overlay-type":"","overlay-color":"","overlay-opacity":"","overlay-gradient":""},"tablet":{"background-color":"var(--ast-global-color-5)","background-image":"","background-repeat":"repeat","background-position":"center center","background-size":"auto","background-attachment":"scroll","background-type":"","background-media":"","overlay-type":"","overlay-color":"","overlay-opacity":"","overlay-gradient":""},"mobile":{"background-color":"var(--ast-global-color-5)","background-image":"","background-repeat":"repeat","background-position":"center center","background-size":"auto","background-attachment":"scroll","background-type":"","background-media":"","overlay-type":"","overlay-color":"","overlay-opacity":"","overlay-gradient":""}},"footnotes":""},"categories":[1,29,1041],"tags":[222,1436,308,2137,503,100,2215,897,907],"class_list":["post-21325","post","type-post","status-publish","format-standard","has-post-thumbnail","hentry","category-politicaeducativa","category-se-baixllobregat6","category-ronda-de-llibres","tag-alumnes","tag-biblioreport","tag-cervello","tag-esc-sant-antoni","tag-escola-nova","tag-lectura","tag-reporteducacio","tag-ronda-de-llibres","tag-sant-vicenc-dels-horts"],"post_mailing_queue_ids":[],"_links":{"self":[{"href":"https:\/\/serveiseducatius.xtec.cat\/baixllobregat6\/wp-json\/wp\/v2\/posts\/21325","targetHints":{"allow":["GET"]}}],"collection":[{"href":"https:\/\/serveiseducatius.xtec.cat\/baixllobregat6\/wp-json\/wp\/v2\/posts"}],"about":[{"href":"https:\/\/serveiseducatius.xtec.cat\/baixllobregat6\/wp-json\/wp\/v2\/types\/post"}],"author":[{"embeddable":true,"href":"https:\/\/serveiseducatius.xtec.cat\/baixllobregat6\/wp-json\/wp\/v2\/users\/1"}],"replies":[{"embeddable":true,"href":"https:\/\/serveiseducatius.xtec.cat\/baixllobregat6\/wp-json\/wp\/v2\/comments?post=21325"}],"version-history":[{"count":3,"href":"https:\/\/serveiseducatius.xtec.cat\/baixllobregat6\/wp-json\/wp\/v2\/posts\/21325\/revisions"}],"predecessor-version":[{"id":21377,"href":"https:\/\/serveiseducatius.xtec.cat\/baixllobregat6\/wp-json\/wp\/v2\/posts\/21325\/revisions\/21377"}],"wp:featuredmedia":[{"embeddable":true,"href":"https:\/\/serveiseducatius.xtec.cat\/baixllobregat6\/wp-json\/wp\/v2\/media\/21327"}],"wp:attachment":[{"href":"https:\/\/serveiseducatius.xtec.cat\/baixllobregat6\/wp-json\/wp\/v2\/media?parent=21325"}],"wp:term":[{"taxonomy":"category","embeddable":true,"href":"https:\/\/serveiseducatius.xtec.cat\/baixllobregat6\/wp-json\/wp\/v2\/categories?post=21325"},{"taxonomy":"post_tag","embeddable":true,"href":"https:\/\/serveiseducatius.xtec.cat\/baixllobregat6\/wp-json\/wp\/v2\/tags?post=21325"}],"curies":[{"name":"wp","href":"https:\/\/api.w.org\/{rel}","templated":true}]}}