{"id":21304,"date":"2021-05-12T15:38:47","date_gmt":"2021-05-12T13:38:47","guid":{"rendered":"http:\/\/serveiseducatius.xtec.cat\/baixllobregat6\/?p=21304"},"modified":"2021-05-12T15:46:49","modified_gmt":"2021-05-12T13:46:49","slug":"els-quarts-de-final-de-la-ronda-de-llibres-ja-compten-amb-una-segona-escola-semifinalista","status":"publish","type":"post","link":"https:\/\/serveiseducatius.xtec.cat\/baixllobregat6\/se-baixllobregat6\/els-quarts-de-final-de-la-ronda-de-llibres-ja-compten-amb-una-segona-escola-semifinalista\/","title":{"rendered":"Els quarts de final de la Ronda de Llibres ja compten amb una segona escola semifinalista"},"content":{"rendered":"<p>El proppassat 10 de maig es van endegar els quarts de final de la <a href=\"https:\/\/serveiseducatius.xtec.cat\/baixllobregat6\/categoria\/dinamitzacio\/ronda-de-llibres\/\" target=\"_blank\" rel=\"noopener noreferrer\">Ronda de Llibres<\/a>. Avui s&#8217;ha fet la segona trobada d&#8217;aquesta fase amb la participaci\u00f3 de l&#8217;<a href=\"https:\/\/agora.xtec.cat\/ceippuigdagulles\/\" target=\"_blank\" rel=\"noopener noreferrer\"><strong>Escola Puig d&#8217;Agulles<\/strong> <\/a>de Corbera de Llobregat i l&#8217;<a href=\"https:\/\/agora.xtec.cat\/ceip-santjordi-svhorts\/\" target=\"_blank\" rel=\"noopener noreferrer\"><strong>Escola Sant Jordi<\/strong> <\/a>de Sant Vicen\u00e7 dels Horts.<\/p>\n<figure id=\"attachment_21297\" aria-describedby=\"caption-attachment-21297\" style=\"width: 1104px\" class=\"wp-caption alignleft\"><img loading=\"lazy\" decoding=\"async\" class=\"wp-image-21297\" src=\"https:\/\/serveiseducatius.xtec.cat\/baixllobregat6\/wp-content\/uploads\/usu778\/2021\/05\/Puig-Agulles.png\" alt=\"\" width=\"1104\" height=\"657\" srcset=\"https:\/\/serveiseducatius.xtec.cat\/baixllobregat6\/wp-content\/uploads\/usu778\/2021\/05\/Puig-Agulles.png 677w, https:\/\/serveiseducatius.xtec.cat\/baixllobregat6\/wp-content\/uploads\/usu778\/2021\/05\/Puig-Agulles-520x310.png 520w\" sizes=\"auto, (max-width: 1104px) 100vw, 1104px\" \/><figcaption id=\"caption-attachment-21297\" class=\"wp-caption-text\">El grup de l&#8217;Escola Puig d&#8217;Agulles de Corbera de Llobregat<\/figcaption><\/figure>\n<p>Ha estat una trobada molt igualada i, despr\u00e9s d&#8217;una primera ronda acabada en empat, s&#8217;ha passat a una de segona on els dos grups seguien for\u00e7a igualats. El resultat final s&#8217;ha decantat cap a l&#8217;Escola Sant Jordi.<!--more--><\/p>\n<figure id=\"attachment_21298\" aria-describedby=\"caption-attachment-21298\" style=\"width: 1124px\" class=\"wp-caption alignleft\"><img loading=\"lazy\" decoding=\"async\" class=\"wp-image-21298 \" src=\"https:\/\/serveiseducatius.xtec.cat\/baixllobregat6\/wp-content\/uploads\/usu778\/2021\/05\/Sant-Jordi-1.png\" alt=\"\" width=\"1124\" height=\"853\" srcset=\"https:\/\/serveiseducatius.xtec.cat\/baixllobregat6\/wp-content\/uploads\/usu778\/2021\/05\/Sant-Jordi-1.png 880w, https:\/\/serveiseducatius.xtec.cat\/baixllobregat6\/wp-content\/uploads\/usu778\/2021\/05\/Sant-Jordi-1-520x395.png 520w, https:\/\/serveiseducatius.xtec.cat\/baixllobregat6\/wp-content\/uploads\/usu778\/2021\/05\/Sant-Jordi-1-768x583.png 768w\" sizes=\"auto, (max-width: 1124px) 100vw, 1124px\" \/><figcaption id=\"caption-attachment-21298\" class=\"wp-caption-text\">El grup de l&#8217;Escola Sant Jordi de Sant Vicen\u00e7 dels Horts<\/figcaption><\/figure>\n<p>Moltes gr\u00e0cies als dos grups per participar i fer-ho tan b\u00e9!<\/p>\n<p>La pr\u00f2xima trobada de quarts de final es far\u00e0 el dia 14 de maig amb la participaci\u00f3 de l&#8217;Escola Nova de Cervell\u00f3 i l&#8217;Escola Sant Antoni de Sant Vicen\u00e7 dels Horts.<\/p>\n<p><img loading=\"lazy\" decoding=\"async\" class=\"alignleft size-full wp-image-20834\" src=\"https:\/\/serveiseducatius.xtec.cat\/baixllobregat6\/wp-content\/uploads\/usu778\/2021\/03\/relatius-a-larticle_.png\" alt=\"\" width=\"200\" height=\"90\" \/><img loading=\"lazy\" decoding=\"async\" class=\"alignleft size-full wp-image-20812\" src=\"https:\/\/serveiseducatius.xtec.cat\/baixllobregat6\/wp-content\/uploads\/usu778\/2021\/03\/ODS4-EDUCACI\u00d3.png\" alt=\"\" width=\"90\" height=\"90\" \/><\/p>\n","protected":false},"excerpt":{"rendered":"<p>El proppassat 10 de maig es van endegar els quarts de final de la Ronda de Llibres. Avui s&#8217;ha fet la segona trobada d&#8217;aquesta fase amb la participaci\u00f3 de l&#8217;Escola Puig d&#8217;Agulles de Corbera de Llobregat i l&#8217;Escola Sant Jordi de Sant Vicen\u00e7 dels Horts. Ha estat una trobada molt igualada i, despr\u00e9s d&#8217;una primera [&hellip;]<\/p>\n","protected":false},"author":1,"featured_media":21297,"comment_status":"open","ping_status":"closed","sticky":false,"template":"","format":"standard","meta":{"_bbp_topic_count":0,"_bbp_reply_count":0,"_bbp_total_topic_count":0,"_bbp_total_reply_count":0,"_bbp_voice_count":0,"_bbp_anonymous_reply_count":0,"_bbp_topic_count_hidden":0,"_bbp_reply_count_hidden":0,"_bbp_forum_subforum_count":0,"site-sidebar-layout":"default","site-content-layout":"","ast-site-content-layout":"","site-content-style":"default","site-sidebar-style":"default","ast-global-header-display":"","ast-banner-title-visibility":"","ast-main-header-display":"","ast-hfb-above-header-display":"","ast-hfb-below-header-display":"","ast-hfb-mobile-header-display":"","site-post-title":"","ast-breadcrumbs-content":"","ast-featured-img":"","footer-sml-layout":"","theme-transparent-header-meta":"","adv-header-id-meta":"","stick-header-meta":"","header-above-stick-meta":"","header-main-stick-meta":"","header-below-stick-meta":"","astra-migrate-meta-layouts":"default","ast-page-background-enabled":"default","ast-page-background-meta":{"desktop":{"background-color":"var(--ast-global-color-4)","background-image":"","background-repeat":"repeat","background-position":"center center","background-size":"auto","background-attachment":"scroll","background-type":"","background-media":"","overlay-type":"","overlay-color":"","overlay-opacity":"","overlay-gradient":""},"tablet":{"background-color":"","background-image":"","background-repeat":"repeat","background-position":"center center","background-size":"auto","background-attachment":"scroll","background-type":"","background-media":"","overlay-type":"","overlay-color":"","overlay-opacity":"","overlay-gradient":""},"mobile":{"background-color":"","background-image":"","background-repeat":"repeat","background-position":"center center","background-size":"auto","background-attachment":"scroll","background-type":"","background-media":"","overlay-type":"","overlay-color":"","overlay-opacity":"","overlay-gradient":""}},"ast-content-background-meta":{"desktop":{"background-color":"var(--ast-global-color-5)","background-image":"","background-repeat":"repeat","background-position":"center center","background-size":"auto","background-attachment":"scroll","background-type":"","background-media":"","overlay-type":"","overlay-color":"","overlay-opacity":"","overlay-gradient":""},"tablet":{"background-color":"var(--ast-global-color-5)","background-image":"","background-repeat":"repeat","background-position":"center center","background-size":"auto","background-attachment":"scroll","background-type":"","background-media":"","overlay-type":"","overlay-color":"","overlay-opacity":"","overlay-gradient":""},"mobile":{"background-color":"var(--ast-global-color-5)","background-image":"","background-repeat":"repeat","background-position":"center center","background-size":"auto","background-attachment":"scroll","background-type":"","background-media":"","overlay-type":"","overlay-color":"","overlay-opacity":"","overlay-gradient":""}},"footnotes":""},"categories":[29,1041],"tags":[222,1436,372,2138,505,100,897,907],"class_list":["post-21304","post","type-post","status-publish","format-standard","has-post-thumbnail","hentry","category-se-baixllobregat6","category-ronda-de-llibres","tag-alumnes","tag-biblioreport","tag-corbera-de-llobregat","tag-esc-sant-jordi","tag-escola-puig-dagulles","tag-lectura","tag-ronda-de-llibres","tag-sant-vicenc-dels-horts"],"post_mailing_queue_ids":[],"_links":{"self":[{"href":"https:\/\/serveiseducatius.xtec.cat\/baixllobregat6\/wp-json\/wp\/v2\/posts\/21304","targetHints":{"allow":["GET"]}}],"collection":[{"href":"https:\/\/serveiseducatius.xtec.cat\/baixllobregat6\/wp-json\/wp\/v2\/posts"}],"about":[{"href":"https:\/\/serveiseducatius.xtec.cat\/baixllobregat6\/wp-json\/wp\/v2\/types\/post"}],"author":[{"embeddable":true,"href":"https:\/\/serveiseducatius.xtec.cat\/baixllobregat6\/wp-json\/wp\/v2\/users\/1"}],"replies":[{"embeddable":true,"href":"https:\/\/serveiseducatius.xtec.cat\/baixllobregat6\/wp-json\/wp\/v2\/comments?post=21304"}],"version-history":[{"count":3,"href":"https:\/\/serveiseducatius.xtec.cat\/baixllobregat6\/wp-json\/wp\/v2\/posts\/21304\/revisions"}],"predecessor-version":[{"id":21309,"href":"https:\/\/serveiseducatius.xtec.cat\/baixllobregat6\/wp-json\/wp\/v2\/posts\/21304\/revisions\/21309"}],"wp:featuredmedia":[{"embeddable":true,"href":"https:\/\/serveiseducatius.xtec.cat\/baixllobregat6\/wp-json\/wp\/v2\/media\/21297"}],"wp:attachment":[{"href":"https:\/\/serveiseducatius.xtec.cat\/baixllobregat6\/wp-json\/wp\/v2\/media?parent=21304"}],"wp:term":[{"taxonomy":"category","embeddable":true,"href":"https:\/\/serveiseducatius.xtec.cat\/baixllobregat6\/wp-json\/wp\/v2\/categories?post=21304"},{"taxonomy":"post_tag","embeddable":true,"href":"https:\/\/serveiseducatius.xtec.cat\/baixllobregat6\/wp-json\/wp\/v2\/tags?post=21304"}],"curies":[{"name":"wp","href":"https:\/\/api.w.org\/{rel}","templated":true}]}}