{"id":20859,"date":"2021-03-19T11:17:04","date_gmt":"2021-03-19T10:17:04","guid":{"rendered":"http:\/\/serveiseducatius.xtec.cat\/baixllobregat6\/?p=20859"},"modified":"2021-03-19T19:43:03","modified_gmt":"2021-03-19T18:43:03","slug":"animeu-vos-a-fer-visites-virtuals-guiades-entre-centres","status":"publish","type":"post","link":"https:\/\/serveiseducatius.xtec.cat\/baixllobregat6\/se-baixllobregat6\/animeu-vos-a-fer-visites-virtuals-guiades-entre-centres\/","title":{"rendered":"Animeu-vos a fer visites virtuals guiades entre centres"},"content":{"rendered":"<p><img loading=\"lazy\" decoding=\"async\" class=\"alignleft wp-image-20860 size-thumbnail\" src=\"https:\/\/serveiseducatius.xtec.cat\/baixllobregat6\/wp-content\/uploads\/usu778\/2021\/03\/Imagen-101-copia-5-1024x768-150x150.jpeg\" alt=\"\" width=\"150\" height=\"150\" \/>Una de les accions m\u00e9s valuoses en l\u2019aprenentatge entre centres \u00e9s la realitzaci\u00f3 de visites a centres. <a href=\"https:\/\/projectes.xtec.cat\/transformacioenxarxa\/\" target=\"_blank\" rel=\"noopener noreferrer\"><em><strong>El Laboratori de Transformaci\u00f3 Educativa<\/strong><\/em><\/a> organitza aquestes trobades condicionades per la situaci\u00f3 de pand\u00e8mia i les mesures sanit\u00e0ries que impedeixen les visites presencials. \u00c9s per aix\u00f2 que, enguany, des del Laboratori us proposem les <strong>\u201cVisites virtuals guiades entre centres\u201d<\/strong>.<\/p>\n<p>Demanem a centres referents del Laboratori que comparteixin la seva expertesa i experi\u00e8ncia en aquells aspectes de la transformaci\u00f3 educativa en qu\u00e8 el seu projecte educatiu i la seva pr\u00e0ctica docent excel\u00b7leixen. Creiem que \u00e9s fonamental l\u2019aprenentatge en xarxa, la construcci\u00f3 compartida i el reconeixement d\u2019experi\u00e8ncies reeixides. \u00c9s per aix\u00f2 que els demanem que esdevinguin centres amfitrions d\u2019una visita virtual guiada. Aquests mateixos centres referents, juntament amb els centres facilitats del Laboratori, poden esdevenir centres visitants en d\u2019altres visites virtuals. <!--more--><\/p>\n<p>Les visites tindran una durada aproximada d\u20191 hora, i seguiran la seg\u00fcent estructura:<\/p>\n<ol>\n<li style=\"list-style-type: none;\">\n<ol>\n<li>Contextualitzaci\u00f3 de la visita amb relaci\u00f3 al prop\u00f2sit educatiu del centre i als eixos de la transformaci\u00f3 educativa orientada a l\u2019organitzaci\u00f3 i gesti\u00f3, les metodologies i l\u2019ecosistema i treball en xarxa.<\/li>\n<li>Emissi\u00f3 d\u2019un v\u00eddeo, enregistrat pr\u00e8viament pel centre, que visualitza i exemplifica el fet explicat. En aquest v\u00eddeo, el centre amfitri\u00f3 mostra diferents aspectes de la seva pr\u00e0ctica educativa, centrada en un o m\u00e9s dels tres eixos de la transformaci\u00f3 educativa en els quals excel\u00b7leixen.<\/li>\n<li>Debat posterior entre les representants del centre amfitri\u00f3 i les persones interessades a fer-ho com a convidades.<\/li>\n<li>Valoraci\u00f3 final\u00a0i retorn al centre amfitri\u00f3 mitjan\u00e7ant un q\u00fcestionari.<\/li>\n<\/ol>\n<\/li>\n<\/ol>\n<p>Totes les visites s\u2019emetran en directe a trav\u00e9s del\u00a0<a href=\"https:\/\/www.youtube.com\/playlist?list=PLuALtkX3StgCx95LjBq5Kqjm0hOyyFd0L\" target=\"_blank\" rel=\"noopener noreferrer\">canal YouTube del Laboratori de Transformaci\u00f3 Educativa<\/a>\u00a0i hi quedaran registrades per a una posterior visualitzaci\u00f3.<\/p>\n<p>Aquest curs es preveuen fer 2 torns de visites virtuals, sempre en horari lectiu:<\/p>\n<ul>\n<li>Entre el 12 i el 16 d\u2019abril de 2021.<\/li>\n<li>Entre el 26 i el 30 d\u2019abril de 2021.<\/li>\n<\/ul>\n<p>Els v\u00eddeos de les visites virtuals guiades en centres formaran part de la col\u00b7lecci\u00f3\u00a0<a href=\"https:\/\/projectes.xtec.cat\/transformacioenxarxa\/transformar-per-innovar\/inspirar-la-transformacio-educativa\/\" target=\"_blank\" rel=\"noopener noreferrer\">Inspirar la Transformaci\u00f3 Educativa<\/a>\u00a0de la iniciativa\u00a0<a href=\"https:\/\/projectes.xtec.cat\/transformacioenxarxa\/transformar-per-innovar\/\" target=\"_blank\" rel=\"noopener noreferrer\">Transformar per innovar.<\/a><\/p>\n<p>En primer lloc, coneixem quins s\u00f3n aquests 30 centres. Al seg\u00fcent PDF podem llegir una breu descripci\u00f3 de cadascun dels centres, les fortaleses en les quals se centrar\u00e0 la visita, i les preguntes a les quals la visita pot donar resposta:<\/p>\n<p>&nbsp;<\/p>\n<p><a href=\"https:\/\/projectes.xtec.cat\/transformacioenxarxa\/wp-content\/uploads\/usu1468\/2021\/03\/Visites-virtuals-guiades-entre-centres-1.pdf\" target=\"_blank\" rel=\"noopener noreferrer\"><img loading=\"lazy\" decoding=\"async\" class=\"aligncenter wp-image-10496 size-full\" src=\"https:\/\/projectes.xtec.cat\/transformacioenxarxa\/wp-content\/uploads\/usu1468\/2021\/03\/Captura-de-Pantalla-2021-03-17-a-les-12.48.47.png\" sizes=\"auto, (max-width: 840px) 100vw, 840px\" srcset=\"https:\/\/projectes.xtec.cat\/transformacioenxarxa\/wp-content\/uploads\/usu1468\/2021\/03\/Captura-de-Pantalla-2021-03-17-a-les-12.48.47.png 840w, https:\/\/projectes.xtec.cat\/transformacioenxarxa\/wp-content\/uploads\/usu1468\/2021\/03\/Captura-de-Pantalla-2021-03-17-a-les-12.48.47-300x179.png 300w, https:\/\/projectes.xtec.cat\/transformacioenxarxa\/wp-content\/uploads\/usu1468\/2021\/03\/Captura-de-Pantalla-2021-03-17-a-les-12.48.47-768x459.png 768w\" alt=\"\" width=\"840\" height=\"502\" \/><\/a><\/p>\n<p>&nbsp;<\/p>\n<p>Tot i que les visites quedar\u00e0n gravades al\u00a0<a href=\"https:\/\/www.youtube.com\/channel\/UC2aB7RTWpYuPXVesOWgdngw\/featured\" target=\"_blank\" rel=\"noopener noreferrer\">canal YouTube del Laboratori de Transformaci\u00f3 Educativa<\/a>\u00a0perqu\u00e8 tothom hi pugui accedir en qualsevol moment, us recomanem visualitzar en directe les sessions perqu\u00e8 pugueu participar-hi a trav\u00e9s del xat del canal i els representants dels centres amfitrions puguin respondre a les vostres preguntes.<\/p>\n<p>A les graelles seg\u00fcents teniu el calendari de visites virtuals guiades:<\/p>\n<p>&nbsp;<\/p>\n<p><strong>1r torn de visites<\/strong><\/p>\n<table>\n<tbody>\n<tr>\n<td><strong>Hora inici<\/strong><\/td>\n<td><strong>Dilluns\u00a0<\/strong><strong>12\/04\/2021<\/strong><\/td>\n<td><strong>Dimarts\u00a0<\/strong><strong>13\/04\/2021<\/strong><\/td>\n<td><strong>Dimecres\u00a0<\/strong><strong>14\/04\/2021<\/strong><\/td>\n<td><strong>Dijous\u00a0<\/strong><strong>15\/04\/2021<\/strong><\/td>\n<td><strong>Divendres<\/strong><strong>16\/04\/2021<\/strong><\/td>\n<\/tr>\n<tr>\n<td rowspan=\"2\"><strong>09.00h<\/strong><strong><br \/>\n<\/strong><\/td>\n<td rowspan=\"2\"><\/td>\n<td rowspan=\"2\">Escola Norai<\/td>\n<td rowspan=\"2\">Institut Quatre Cantons (9:15h)<\/td>\n<td>Escola Joan Mir\u00f3 (9:15h)<\/td>\n<td rowspan=\"2\">Escola Nou Patufet (9:15h)<\/td>\n<\/tr>\n<tr>\n<td>Escola La Immaculada (9:30h)<\/td>\n<\/tr>\n<tr>\n<td><strong>10.00h<\/strong><\/td>\n<td><\/td>\n<td><\/td>\n<td>Escola Enxaneta<\/td>\n<td><\/td>\n<td><\/td>\n<\/tr>\n<tr>\n<td rowspan=\"2\"><strong>11.00h<\/strong><strong><br \/>\n<\/strong><\/td>\n<td rowspan=\"2\"><\/td>\n<td rowspan=\"2\"><\/td>\n<td rowspan=\"2\"><\/td>\n<td rowspan=\"2\"><\/td>\n<td>Institut Manuel de Montsuar<\/td>\n<\/tr>\n<tr>\n<td>Institut Bit\u00e0cola (11:30h)<\/td>\n<\/tr>\n<tr>\n<td><strong>15.00h<\/strong><\/td>\n<td><\/td>\n<td><\/td>\n<td>Escola Dolors Monserd\u00e0 Santapau (15:15h)<\/td>\n<td><\/td>\n<td><\/td>\n<\/tr>\n<tr>\n<td><strong>16.00h<\/strong><\/td>\n<td><\/td>\n<td><\/td>\n<td>Institut de Sils (16:30h)<\/td>\n<td><\/td>\n<td><\/td>\n<\/tr>\n<tr>\n<td><strong>17.00h<\/strong><\/td>\n<td><\/td>\n<td><\/td>\n<td><\/td>\n<td>Escola Bressol Municipal Can Serra<\/td>\n<td><\/td>\n<\/tr>\n<\/tbody>\n<\/table>\n<p>&nbsp;<\/p>\n<p><strong>2n torn de visites<\/strong><\/p>\n<table>\n<tbody>\n<tr>\n<td><strong>Hora inici<\/strong><\/td>\n<td><strong>Dilluns\u00a0<\/strong><strong>26\/04\/2021<\/strong><\/td>\n<td><strong>Dimarts\u00a0<\/strong><strong>27\/04\/2021<\/strong><\/td>\n<td><strong>Dimecres\u00a0<\/strong><strong>28\/04\/2021<\/strong><\/td>\n<td><strong>Dijous\u00a0<\/strong><strong>29\/04\/2021<\/strong><\/td>\n<td><strong>Divendres<\/strong><strong>30\/04\/2021<\/strong><\/td>\n<\/tr>\n<tr>\n<td rowspan=\"4\"><strong>09.30h<\/strong><strong><br \/>\n<\/strong><\/td>\n<td rowspan=\"4\"><\/td>\n<td>Escola Aldric<\/td>\n<td rowspan=\"2\">Escola Sant Ignasi<\/td>\n<td rowspan=\"2\">Escola Jesu\u00eftes el Clot<\/td>\n<td rowspan=\"4\">Escola Malagrida<\/td>\n<\/tr>\n<tr>\n<td>Escola La Maquinista<\/td>\n<\/tr>\n<tr>\n<td>Institut escola Pepa Colomer<\/td>\n<td rowspan=\"2\">Institut escola Llu\u00eds Millet<\/td>\n<td rowspan=\"2\">Institut Joan Or\u00f3<\/td>\n<\/tr>\n<tr>\n<td>Escola el Roure Gros<\/td>\n<\/tr>\n<tr>\n<td rowspan=\"2\"><strong>10.00h<\/strong><strong><br \/>\n<\/strong><\/td>\n<td rowspan=\"2\"><\/td>\n<td>Escola El Til\u00b7ler<\/td>\n<td rowspan=\"2\"><\/td>\n<td>Escola La Canaleta<\/td>\n<td>Escola Cooperativa El Puig<\/td>\n<\/tr>\n<tr>\n<td>Institut Cardener<\/td>\n<td>Institut Dr. Puigvert (10:15h)<\/td>\n<td>Institut de Gurb<\/td>\n<\/tr>\n<tr>\n<td><strong>11.00h<\/strong><\/td>\n<td><\/td>\n<td><\/td>\n<td><\/td>\n<td>Escola Camins<\/td>\n<td><\/td>\n<\/tr>\n<tr>\n<td><strong>12.00h<\/strong><\/td>\n<td><\/td>\n<td><\/td>\n<td><\/td>\n<td>Escola Jaume Cabr\u00e9<\/td>\n<td><\/td>\n<\/tr>\n<tr>\n<td><strong>14.00h<\/strong><\/td>\n<td>Institut escola Josep Maria Xandri (14:30h)<\/td>\n<td><\/td>\n<td><\/td>\n<td><\/td>\n<td><\/td>\n<\/tr>\n<tr>\n<td><strong>15.00h<\/strong><\/td>\n<td><\/td>\n<td><\/td>\n<td>Centre Escolar Empord\u00e0 (15:30h)<\/td>\n<td><\/td>\n<td><\/td>\n<\/tr>\n<\/tbody>\n<\/table>\n<p>&nbsp;<\/p>\n<p>A la sala de videoconfer\u00e8ncia de cadascuna de les visites, juntament amb els representants dels centres amfitrions, podran participar en el debat com a convidades persones d\u2019altres centres del Laboratori. Per sol\u00b7licitar formar part dels convidats a la sala, cal que responeu el seg\u00fcent\u00a0<a href=\"https:\/\/forms.gle\/xQiFBzX1KQhH3wS18\" target=\"_blank\" rel=\"noopener noreferrer\">FORMULARI<\/a>\u00a0abans del 9 d\u2019abril 2021.\u00a0En la selecci\u00f3 dels participants es prioritzaran les sol\u00b7licituds procedents de centres amfitrions i, tot seguit, se seguir\u00e0 l\u2019ordre de recepci\u00f3 de respostes d\u2019aquest formulari. A cada sala de videoconfer\u00e8ncia hi podr\u00e0 accedir un m\u00e0xim de 6 convidats. Els seleccionats rebran l\u2019enlla\u00e7 per entrar a la sala.<\/p>\n<p>Per poder seguir la visita virtual a trav\u00e9s del canal YouTube del Laboratori de Transformaci\u00f3 Educativa i participar a trav\u00e9s del xat, cliqueu a sobre dels enlla\u00e7os a la llista seg\u00fcent (els anirem incorporant quan s\u2019apropin les dates):<\/p>\n<ol>\n<li>\n<ol>\n<li>\n<ol>\n<li>Escola Norai (Dimarts, 13 d\u2019abril, a les 9:00h)<\/li>\n<li>Institut Quatre Cantons (Dimecres, 14 d\u2019abril, a les 9:15h)<\/li>\n<li>Escola Enxaneta (Dimecres, 14 d\u2019abril, a les 10:00h)<\/li>\n<li>Escola Dolors Monserd\u00e0 Santapau (Dimecres, 14 d\u2019abril, a les 15:15h)<\/li>\n<li>Institut de Sils (Dimecres, 14 d\u2019abril, a les 16:00h)<\/li>\n<li>Escola Joan Mir\u00f3 (Dijous, 15 d\u2019abril, a les 9:15h)<\/li>\n<li>Escola La Immaculada (Dijous 15 d\u2019abril, a les 9:30h)<\/li>\n<li>Escola Bressol Municipal Can Serra (Dijous, 15 d\u2019abril, a les 17:00h)<\/li>\n<li>Escola Nou Patufet (Divendres, 16 d\u2019abril, a les 9:30h)<\/li>\n<li>Institut Bit\u00e0cola (Divendres, 16 d\u2019abril, a les 11:00h)<\/li>\n<li>Institut Manuel de Montsuar (Divendres, 16 d\u2019abril, a les 11:00h)<\/li>\n<li>Institut Escola Josep Maria Xandri (Dilluns, 26 d\u2019abril, a les 14:00h)<\/li>\n<li>Escola Aldric (Dimarts, 27 d\u2019abril, a les 9:30h)<\/li>\n<li>Escola La Maquinista (Dimarts, 27 d\u2019abril, a les 9:30h)<\/li>\n<li>Institut Escola Pepa Colomer (Dimarts, 27 d\u2019abril, a les 9:30h)<\/li>\n<li>Escola El Roure Gros (Dimarts, 27 d\u2019abril, a les 9:30h)<\/li>\n<li>Escola El Til\u00b7ler (Dimarts, 27 d\u2019abril, a les 10:00h)<\/li>\n<li>Institut Cardener (Dimarts, 27 d\u2019abril, a les 10:00h)<\/li>\n<li>Escola Sant Ignasi (Dimecres, 28 d\u2019abril, a les 9:30h)<\/li>\n<li>Institut Escola Llu\u00eds Millet (Dimecres, 28 d\u2019abril, a les 9:30h)<\/li>\n<li>Centre Escolar Empord\u00e0 (Dimecres, 28 d\u2019abril, a les 15:30h)<\/li>\n<li>Escola Jesu\u00eftes El Clot (Dijous, 29 d\u2019abril, a les 9:30h)<\/li>\n<li>Institut Joan Or\u00f3 (Dijous, 29 d\u2019abril, a les 9:30h)<\/li>\n<li>Escola La Canaleta (Dijous, 29 d\u2019abril, a les 10:00h)<\/li>\n<li>Institut Dr. Puigvert (Dijous, 29 d\u2019abril, a les 10:15h)<\/li>\n<li>Escola Camins (Dijous, 29 d\u2019abril, a les 11:00h)<\/li>\n<li>Institut Jaume Cabr\u00e9 (Dijous, 29 d\u2019abril, a les 12:00h)<\/li>\n<li>Escola Malagrida (Divendres, 30 d\u2019abril, a les 9:30h)<\/li>\n<li>Escola Cooperativa El Puig (Divendres, 30 d\u2019abril, a les 10:00h)<\/li>\n<li>Institut de Gurb (Divendres, 30 d\u2019abril, a les 10:00h)<\/li>\n<\/ol>\n<\/li>\n<\/ol>\n<\/li>\n<\/ol>\n<pre><strong>Font: <a href=\"https:\/\/projectes.xtec.cat\/transformacioenxarxa\/%20\" target=\"_blank\" rel=\"noopener noreferrer\">Laboratori de Transformaci\u00f3 Educativa<\/a>\r\n\r\n<img loading=\"lazy\" decoding=\"async\" class=\"alignleft size-full wp-image-20834\" src=\"https:\/\/serveiseducatius.xtec.cat\/baixllobregat6\/wp-content\/uploads\/usu778\/2021\/03\/relatius-a-larticle_.png\" alt=\"\" width=\"200\" height=\"90\" \/><img loading=\"lazy\" decoding=\"async\" class=\"alignleft size-full wp-image-20812\" src=\"https:\/\/serveiseducatius.xtec.cat\/baixllobregat6\/wp-content\/uploads\/usu778\/2021\/03\/ODS4-EDUCACI\u00d3.png\" alt=\"\" width=\"90\" height=\"90\" \/>\r\n<\/strong><\/pre>\n","protected":false},"excerpt":{"rendered":"<p>Una de les accions m\u00e9s valuoses en l\u2019aprenentatge entre centres \u00e9s la realitzaci\u00f3 de visites a centres. El Laboratori de Transformaci\u00f3 Educativa organitza aquestes trobades condicionades per la situaci\u00f3 de pand\u00e8mia i les mesures sanit\u00e0ries que impedeixen les visites presencials. \u00c9s per aix\u00f2 que, enguany, des del Laboratori us proposem les \u201cVisites virtuals guiades entre [&hellip;]<\/p>\n","protected":false},"author":1,"featured_media":20860,"comment_status":"open","ping_status":"closed","sticky":false,"template":"","format":"standard","meta":{"_bbp_topic_count":0,"_bbp_reply_count":0,"_bbp_total_topic_count":0,"_bbp_total_reply_count":0,"_bbp_voice_count":0,"_bbp_anonymous_reply_count":0,"_bbp_topic_count_hidden":0,"_bbp_reply_count_hidden":0,"_bbp_forum_subforum_count":0,"site-sidebar-layout":"default","site-content-layout":"","ast-site-content-layout":"","site-content-style":"default","site-sidebar-style":"default","ast-global-header-display":"","ast-banner-title-visibility":"","ast-main-header-display":"","ast-hfb-above-header-display":"","ast-hfb-below-header-display":"","ast-hfb-mobile-header-display":"","site-post-title":"","ast-breadcrumbs-content":"","ast-featured-img":"","footer-sml-layout":"","theme-transparent-header-meta":"","adv-header-id-meta":"","stick-header-meta":"","header-above-stick-meta":"","header-main-stick-meta":"","header-below-stick-meta":"","astra-migrate-meta-layouts":"default","ast-page-background-enabled":"default","ast-page-background-meta":{"desktop":{"background-color":"var(--ast-global-color-4)","background-image":"","background-repeat":"repeat","background-position":"center center","background-size":"auto","background-attachment":"scroll","background-type":"","background-media":"","overlay-type":"","overlay-color":"","overlay-opacity":"","overlay-gradient":""},"tablet":{"background-color":"","background-image":"","background-repeat":"repeat","background-position":"center center","background-size":"auto","background-attachment":"scroll","background-type":"","background-media":"","overlay-type":"","overlay-color":"","overlay-opacity":"","overlay-gradient":""},"mobile":{"background-color":"","background-image":"","background-repeat":"repeat","background-position":"center center","background-size":"auto","background-attachment":"scroll","background-type":"","background-media":"","overlay-type":"","overlay-color":"","overlay-opacity":"","overlay-gradient":""}},"ast-content-background-meta":{"desktop":{"background-color":"var(--ast-global-color-5)","background-image":"","background-repeat":"repeat","background-position":"center center","background-size":"auto","background-attachment":"scroll","background-type":"","background-media":"","overlay-type":"","overlay-color":"","overlay-opacity":"","overlay-gradient":""},"tablet":{"background-color":"var(--ast-global-color-5)","background-image":"","background-repeat":"repeat","background-position":"center center","background-size":"auto","background-attachment":"scroll","background-type":"","background-media":"","overlay-type":"","overlay-color":"","overlay-opacity":"","overlay-gradient":""},"mobile":{"background-color":"var(--ast-global-color-5)","background-image":"","background-repeat":"repeat","background-position":"center center","background-size":"auto","background-attachment":"scroll","background-type":"","background-media":"","overlay-type":"","overlay-color":"","overlay-opacity":"","overlay-gradient":""}},"footnotes":""},"categories":[1036,163,29],"tags":[305,446,447,551,650,2595,809,854,2215,2113],"class_list":["post-20859","post","type-post","status-publish","format-standard","has-post-thumbnail","hentry","category-activitat-dels-centres","category-formacio","category-se-baixllobregat6","tag-centres-educatius-2","tag-educacio-primaria","tag-educacio-secundaria","tag-formacio-continuada","tag-intercanvi-dexperiencies","tag-ods4","tag-pedagogia","tag-professorat","tag-reporteducacio","tag-transformacio-educativa"],"post_mailing_queue_ids":[],"_links":{"self":[{"href":"https:\/\/serveiseducatius.xtec.cat\/baixllobregat6\/wp-json\/wp\/v2\/posts\/20859","targetHints":{"allow":["GET"]}}],"collection":[{"href":"https:\/\/serveiseducatius.xtec.cat\/baixllobregat6\/wp-json\/wp\/v2\/posts"}],"about":[{"href":"https:\/\/serveiseducatius.xtec.cat\/baixllobregat6\/wp-json\/wp\/v2\/types\/post"}],"author":[{"embeddable":true,"href":"https:\/\/serveiseducatius.xtec.cat\/baixllobregat6\/wp-json\/wp\/v2\/users\/1"}],"replies":[{"embeddable":true,"href":"https:\/\/serveiseducatius.xtec.cat\/baixllobregat6\/wp-json\/wp\/v2\/comments?post=20859"}],"version-history":[{"count":3,"href":"https:\/\/serveiseducatius.xtec.cat\/baixllobregat6\/wp-json\/wp\/v2\/posts\/20859\/revisions"}],"predecessor-version":[{"id":20867,"href":"https:\/\/serveiseducatius.xtec.cat\/baixllobregat6\/wp-json\/wp\/v2\/posts\/20859\/revisions\/20867"}],"wp:featuredmedia":[{"embeddable":true,"href":"https:\/\/serveiseducatius.xtec.cat\/baixllobregat6\/wp-json\/wp\/v2\/media\/20860"}],"wp:attachment":[{"href":"https:\/\/serveiseducatius.xtec.cat\/baixllobregat6\/wp-json\/wp\/v2\/media?parent=20859"}],"wp:term":[{"taxonomy":"category","embeddable":true,"href":"https:\/\/serveiseducatius.xtec.cat\/baixllobregat6\/wp-json\/wp\/v2\/categories?post=20859"},{"taxonomy":"post_tag","embeddable":true,"href":"https:\/\/serveiseducatius.xtec.cat\/baixllobregat6\/wp-json\/wp\/v2\/tags?post=20859"}],"curies":[{"name":"wp","href":"https:\/\/api.w.org\/{rel}","templated":true}]}}