{"id":20717,"date":"2021-03-10T17:38:53","date_gmt":"2021-03-10T16:38:53","guid":{"rendered":"http:\/\/serveiseducatius.xtec.cat\/baixllobregat6\/?p=20717"},"modified":"2021-03-11T11:27:53","modified_gmt":"2021-03-11T10:27:53","slug":"les-escoles-lliures-de-violencia-lelv","status":"publish","type":"post","link":"https:\/\/serveiseducatius.xtec.cat\/baixllobregat6\/se-baixllobregat6\/les-escoles-lliures-de-violencia-lelv\/","title":{"rendered":"&#8220;Les escoles lliures de viol\u00e8ncies&#8221; (LELV)"},"content":{"rendered":"<p><img loading=\"lazy\" decoding=\"async\" class=\"alignright wp-image-20718\" src=\"https:\/\/serveiseducatius.xtec.cat\/baixllobregat6\/wp-content\/uploads\/usu778\/2021\/03\/isotipo_Usapps_RGB.jpg\" alt=\"\" width=\"156\" height=\"163\" \/>El Pla les escoles lliures de viol\u00e8ncies \u00e9s fruit de la voluntat decidida del Departament d&#8217;Educaci\u00f3, per\u00f2 no hauria pogut plantejar-se en la seva plenitud sense l&#8217;estreta col\u00b7laboraci\u00f3 d&#8217;entitats i associacions dedicades als drets dels infants, al suport a les v\u00edctimes de viol\u00e8ncies o a la formaci\u00f3 en la igualtat i l&#8217;equitat i contra la discriminaci\u00f3.<\/p>\n<p>Tampoc sense l&#8217;empenta dels grups parlamentaris, en Ple i en Comissi\u00f3. El Pla preveu la revisi\u00f3 de protocols i procediments ja existents, que s&#8217;avaluaran i milloraran amb una nova mirada. Inclou, tamb\u00e9, noves estrat\u00e8gies formatives i educatives per la igualtat de drets, l&#8217;equitat de g\u00e8nere i el reconeixement de la diversitat \u2014com el programa Coeduca&#8217;t i l&#8217;educaci\u00f3 afectiva i sexual, que ja han comen\u00e7at a implantar-se en aquest curs 2020-2021\u2014 i nous recursos en la lluita contra les viol\u00e8ncies \u2014com la Unitat de Suport a l&#8217;Alumnat en Situaci\u00f3 de Viol\u00e8ncia i eines tecnol\u00f2giques i telem\u00e0tiques de den\u00fancia i seguiment.<!--more--><\/p>\n<p><iframe loading=\"lazy\" src=\"https:\/\/drive.google.com\/file\/d\/1LLH17N-8rCNOqUiMHslSWsEZ7SmWBcNw\/preview\" width=\"800\" height=\"1100\"><span data-mce-type=\"bookmark\" style=\"display: inline-block; width: 0px; overflow: hidden; line-height: 0;\" class=\"mce_SELRES_start\">\ufeff<\/span><\/iframe><\/p>\n","protected":false},"excerpt":{"rendered":"<p>El Pla les escoles lliures de viol\u00e8ncies \u00e9s fruit de la voluntat decidida del Departament d&#8217;Educaci\u00f3, per\u00f2 no hauria pogut plantejar-se en la seva plenitud sense l&#8217;estreta col\u00b7laboraci\u00f3 d&#8217;entitats i associacions dedicades als drets dels infants, al suport a les v\u00edctimes de viol\u00e8ncies o a la formaci\u00f3 en la igualtat i l&#8217;equitat i contra la [&hellip;]<\/p>\n","protected":false},"author":1,"featured_media":20718,"comment_status":"open","ping_status":"closed","sticky":false,"template":"","format":"standard","meta":{"_bbp_topic_count":0,"_bbp_reply_count":0,"_bbp_total_topic_count":0,"_bbp_total_reply_count":0,"_bbp_voice_count":0,"_bbp_anonymous_reply_count":0,"_bbp_topic_count_hidden":0,"_bbp_reply_count_hidden":0,"_bbp_forum_subforum_count":0,"site-sidebar-layout":"default","site-content-layout":"","ast-site-content-layout":"","site-content-style":"default","site-sidebar-style":"default","ast-global-header-display":"","ast-banner-title-visibility":"","ast-main-header-display":"","ast-hfb-above-header-display":"","ast-hfb-below-header-display":"","ast-hfb-mobile-header-display":"","site-post-title":"","ast-breadcrumbs-content":"","ast-featured-img":"","footer-sml-layout":"","theme-transparent-header-meta":"","adv-header-id-meta":"","stick-header-meta":"","header-above-stick-meta":"","header-main-stick-meta":"","header-below-stick-meta":"","astra-migrate-meta-layouts":"default","ast-page-background-enabled":"default","ast-page-background-meta":{"desktop":{"background-color":"var(--ast-global-color-4)","background-image":"","background-repeat":"repeat","background-position":"center center","background-size":"auto","background-attachment":"scroll","background-type":"","background-media":"","overlay-type":"","overlay-color":"","overlay-opacity":"","overlay-gradient":""},"tablet":{"background-color":"","background-image":"","background-repeat":"repeat","background-position":"center center","background-size":"auto","background-attachment":"scroll","background-type":"","background-media":"","overlay-type":"","overlay-color":"","overlay-opacity":"","overlay-gradient":""},"mobile":{"background-color":"","background-image":"","background-repeat":"repeat","background-position":"center center","background-size":"auto","background-attachment":"scroll","background-type":"","background-media":"","overlay-type":"","overlay-color":"","overlay-opacity":"","overlay-gradient":""}},"ast-content-background-meta":{"desktop":{"background-color":"var(--ast-global-color-5)","background-image":"","background-repeat":"repeat","background-position":"center center","background-size":"auto","background-attachment":"scroll","background-type":"","background-media":"","overlay-type":"","overlay-color":"","overlay-opacity":"","overlay-gradient":""},"tablet":{"background-color":"var(--ast-global-color-5)","background-image":"","background-repeat":"repeat","background-position":"center center","background-size":"auto","background-attachment":"scroll","background-type":"","background-media":"","overlay-type":"","overlay-color":"","overlay-opacity":"","overlay-gradient":""},"mobile":{"background-color":"var(--ast-global-color-5)","background-image":"","background-repeat":"repeat","background-position":"center center","background-size":"auto","background-attachment":"scroll","background-type":"","background-media":"","overlay-type":"","overlay-color":"","overlay-opacity":"","overlay-gradient":""}},"footnotes":""},"categories":[1036,75,29],"tags":[305,368,371,708,2215],"class_list":["post-20717","post","type-post","status-publish","format-standard","has-post-thumbnail","hentry","category-activitat-dels-centres","category-pee020","category-se-baixllobregat6","tag-centres-educatius-2","tag-convivencia","tag-cooperacio","tag-llibertat","tag-reporteducacio"],"post_mailing_queue_ids":[],"_links":{"self":[{"href":"https:\/\/serveiseducatius.xtec.cat\/baixllobregat6\/wp-json\/wp\/v2\/posts\/20717","targetHints":{"allow":["GET"]}}],"collection":[{"href":"https:\/\/serveiseducatius.xtec.cat\/baixllobregat6\/wp-json\/wp\/v2\/posts"}],"about":[{"href":"https:\/\/serveiseducatius.xtec.cat\/baixllobregat6\/wp-json\/wp\/v2\/types\/post"}],"author":[{"embeddable":true,"href":"https:\/\/serveiseducatius.xtec.cat\/baixllobregat6\/wp-json\/wp\/v2\/users\/1"}],"replies":[{"embeddable":true,"href":"https:\/\/serveiseducatius.xtec.cat\/baixllobregat6\/wp-json\/wp\/v2\/comments?post=20717"}],"version-history":[{"count":3,"href":"https:\/\/serveiseducatius.xtec.cat\/baixllobregat6\/wp-json\/wp\/v2\/posts\/20717\/revisions"}],"predecessor-version":[{"id":20729,"href":"https:\/\/serveiseducatius.xtec.cat\/baixllobregat6\/wp-json\/wp\/v2\/posts\/20717\/revisions\/20729"}],"wp:featuredmedia":[{"embeddable":true,"href":"https:\/\/serveiseducatius.xtec.cat\/baixllobregat6\/wp-json\/wp\/v2\/media\/20718"}],"wp:attachment":[{"href":"https:\/\/serveiseducatius.xtec.cat\/baixllobregat6\/wp-json\/wp\/v2\/media?parent=20717"}],"wp:term":[{"taxonomy":"category","embeddable":true,"href":"https:\/\/serveiseducatius.xtec.cat\/baixllobregat6\/wp-json\/wp\/v2\/categories?post=20717"},{"taxonomy":"post_tag","embeddable":true,"href":"https:\/\/serveiseducatius.xtec.cat\/baixllobregat6\/wp-json\/wp\/v2\/tags?post=20717"}],"curies":[{"name":"wp","href":"https:\/\/api.w.org\/{rel}","templated":true}]}}