{"id":20620,"date":"2021-03-03T14:51:20","date_gmt":"2021-03-03T13:51:20","guid":{"rendered":"http:\/\/serveiseducatius.xtec.cat\/baixllobregat6\/?p=20620"},"modified":"2024-12-02T13:57:15","modified_gmt":"2024-12-02T12:57:15","slug":"la-carpeta-daprenentatge-alumnat-i-lobservacio-entre-iguals-docents","status":"publish","type":"post","link":"https:\/\/serveiseducatius.xtec.cat\/baixllobregat6\/se-baixllobregat6\/la-carpeta-daprenentatge-alumnat-i-lobservacio-entre-iguals-docents\/","title":{"rendered":"La Carpeta d&#8217;Aprenentatge (Alumnat) i l&#8217;Observaci\u00f3 entre Iguals (Docents)"},"content":{"rendered":"<p><img loading=\"lazy\" decoding=\"async\" class=\"wp-image-20633 alignleft\" src=\"https:\/\/serveiseducatius.xtec.cat\/baixllobregat6\/wp-content\/uploads\/usu778\/2021\/03\/Screenshot-2021-03-03-at-14.35.30.png\" alt=\"\" width=\"429\" height=\"330\" srcset=\"https:\/\/serveiseducatius.xtec.cat\/baixllobregat6\/wp-content\/uploads\/usu778\/2021\/03\/Screenshot-2021-03-03-at-14.35.30.png 798w, https:\/\/serveiseducatius.xtec.cat\/baixllobregat6\/wp-content\/uploads\/usu778\/2021\/03\/Screenshot-2021-03-03-at-14.35.30-520x400.png 520w, https:\/\/serveiseducatius.xtec.cat\/baixllobregat6\/wp-content\/uploads\/usu778\/2021\/03\/Screenshot-2021-03-03-at-14.35.30-768x591.png 768w\" sizes=\"auto, (max-width: 429px) 100vw, 429px\" \/>Des de la <a href=\"http:\/\/xtec.gencat.cat\/ca\/curriculum\/xarxacb\/\" target=\"_blank\" rel=\"noopener noreferrer\">@xarxacb<\/a> ens comparteixen dos documents:<\/p>\n<ol>\n<li>\n<h5>La <a href=\"http:\/\/xtec.gencat.cat\/ca\/curriculum\/xarxacb\/avaluarperaprendre\/carpetadaprenentatge\/\" target=\"_blank\" rel=\"noopener noreferrer\">Carpeta d&#8217;Aprenentatge: <\/a><\/h5>\n<\/li>\n<\/ol>\n<p>Emmarcada en l&#8217;<a href=\"http:\/\/xtec.gencat.cat\/ca\/curriculum\/xarxacb\/avaluarperaprendre\/\" target=\"_blank\" rel=\"noopener noreferrer\">Avaluaci\u00f3 per Aprendre,<\/a><span style=\"font-family: inherit; font-size: 1em;\">\u00a0la #carpetadaprenentatge \u00e9s un instrument que facilita a l\u2019alumne fer evident el que ha apr\u00e8s, i\u00a0com ho ha apr\u00e8s, per mitj\u00e0 del recull raonat d\u2019evid\u00e8ncies.\u00a0Permet la interacci\u00f3 entre el docent i l\u2019aprenent (o aprenents, perqu\u00e8 tamb\u00e9 pot ser de grup) i\u00a0fins i tot amb les fam\u00edlies. <\/span><\/p>\n<p><span style=\"font-family: inherit; font-size: 1em;\">La recerca en aquest camp ha demostrat que els aprenentatges s\u00f3n m\u00e9s efectius quan els\u00a0aprenents:<\/span><\/p>\n<ol style=\"list-style-type: lower-alpha;\">\n<li><span style=\"font-family: inherit; font-size: 1em;\">Entenen clarament all\u00f2 que s\u2019espera que aprenguin i s\u2019ho fan seu, tot incorporant\u00a0objectius d\u2019aprenentatge propis, quan ho creguin necessari.<\/span><\/li>\n<li><span style=\"font-family: inherit; font-size: 1em;\">Reben un feedback en relaci\u00f3 amb la qualitat esperada del seu treball i de com\u00a0millorar-lo.<\/span><\/li>\n<li><span style=\"font-family: inherit; font-size: 1em;\">S\u2019involucren en les tasques escolars: &#8211;<\/span><span style=\"font-family: inherit; font-size: 1em;\">Prenen decisions dels passos a seguir. \u00a0&#8211;\u00a0<\/span><span style=\"font-family: inherit; font-size: 1em;\">S\u00f3n conscients dels seus errors. &#8211;\u00a0<\/span><span style=\"font-family: inherit; font-size: 1em;\">Saben autoregular-se.<\/span><\/li>\n<\/ol>\n<p><!--more--><\/p>\n<p><iframe loading=\"lazy\" src=\"https:\/\/drive.google.com\/file\/d\/1RI-0-i6UBEHGDRxShkEFj77mTUaMAg9B\/preview\" width=\"980\" height=\"1080\"><\/iframe><\/p>\n<h5>2. L&#8217;Observaci\u00f3 entre Iguals:<\/h5>\n<p>Una pr\u00e0ctica per al desenvolupament professional docent que\u00a0consisteix en parelles de docents, amb graus d\u2019experi\u00e8ncia i estatus\u00a0similars, que acorden observar-se, m\u00fatuament, un o diversos aspectes pedag\u00f2gics de la seva\u00a0acci\u00f3 a l\u2019aula, per mitj\u00e0 d\u2019instruments de recollida d\u2019evid\u00e8ncies de la pr\u00e0ctica docent a l\u2019aula que\u00a0s\u2019utilitzen per, posteriorment, oferir-se un feedback o retroalimentaci\u00f3 constructiva m\u00fatua que\u00a0permeti la reflexi\u00f3 i la concreci\u00f3 d\u2019objectius de millora de la pr\u00e0ctica d&#8217;ambd\u00f3s docents (Duran,\u00a0Corcelles i Miquel, 2020).<\/p>\n<p>Dels diferents tipus d\u2019observaci\u00f3 a l\u2019aula, l\u2019observaci\u00f3 entre iguals promou m\u00e9s l\u2019aprenentatge\u00a0entre mestres que no pas l\u2019observaci\u00f3 realitzada per un professor m\u00e9s expert o un supervisor,\u00a0perqu\u00e8 est\u00e0 basada en el di\u00e0leg formatiu (m\u00e9s que no pas en l\u2019avaluaci\u00f3 sumativa) i perqu\u00e8 es\u00a0basa en la col\u00b7laboraci\u00f3 entre docents, no en relacions jer\u00e0rquiques que dificulten la promoci\u00f3\u00a0de desenvolupament professional (O\u2019Leary, 2014).<\/p>\n<p><iframe loading=\"lazy\" src=\"https:\/\/drive.google.com\/file\/d\/1E_BA3Uj5r7PaQqqqEbMCuTATkRPCos-T\/preview\" width=\"980\" height=\"1080\"><\/iframe><\/p>\n","protected":false},"excerpt":{"rendered":"<p>Des de la @xarxacb ens comparteixen dos documents: La Carpeta d&#8217;Aprenentatge: Emmarcada en l&#8217;Avaluaci\u00f3 per Aprendre,\u00a0la #carpetadaprenentatge \u00e9s un instrument que facilita a l\u2019alumne fer evident el que ha apr\u00e8s, i\u00a0com ho ha apr\u00e8s, per mitj\u00e0 del recull raonat d\u2019evid\u00e8ncies.\u00a0Permet la interacci\u00f3 entre el docent i l\u2019aprenent (o aprenents, perqu\u00e8 tamb\u00e9 pot ser de grup) [&hellip;]<\/p>\n","protected":false},"author":1,"featured_media":20633,"comment_status":"open","ping_status":"closed","sticky":false,"template":"","format":"standard","meta":{"_bbp_topic_count":0,"_bbp_reply_count":0,"_bbp_total_topic_count":0,"_bbp_total_reply_count":0,"_bbp_voice_count":0,"_bbp_anonymous_reply_count":0,"_bbp_topic_count_hidden":0,"_bbp_reply_count_hidden":0,"_bbp_forum_subforum_count":0,"site-sidebar-layout":"default","site-content-layout":"","ast-site-content-layout":"","site-content-style":"default","site-sidebar-style":"default","ast-global-header-display":"","ast-banner-title-visibility":"","ast-main-header-display":"","ast-hfb-above-header-display":"","ast-hfb-below-header-display":"","ast-hfb-mobile-header-display":"","site-post-title":"","ast-breadcrumbs-content":"","ast-featured-img":"","footer-sml-layout":"","theme-transparent-header-meta":"","adv-header-id-meta":"","stick-header-meta":"","header-above-stick-meta":"","header-main-stick-meta":"","header-below-stick-meta":"","astra-migrate-meta-layouts":"default","ast-page-background-enabled":"default","ast-page-background-meta":{"desktop":{"background-color":"var(--ast-global-color-4)","background-image":"","background-repeat":"repeat","background-position":"center center","background-size":"auto","background-attachment":"scroll","background-type":"","background-media":"","overlay-type":"","overlay-color":"","overlay-opacity":"","overlay-gradient":""},"tablet":{"background-color":"","background-image":"","background-repeat":"repeat","background-position":"center center","background-size":"auto","background-attachment":"scroll","background-type":"","background-media":"","overlay-type":"","overlay-color":"","overlay-opacity":"","overlay-gradient":""},"mobile":{"background-color":"","background-image":"","background-repeat":"repeat","background-position":"center center","background-size":"auto","background-attachment":"scroll","background-type":"","background-media":"","overlay-type":"","overlay-color":"","overlay-opacity":"","overlay-gradient":""}},"ast-content-background-meta":{"desktop":{"background-color":"var(--ast-global-color-5)","background-image":"","background-repeat":"repeat","background-position":"center center","background-size":"auto","background-attachment":"scroll","background-type":"","background-media":"","overlay-type":"","overlay-color":"","overlay-opacity":"","overlay-gradient":""},"tablet":{"background-color":"var(--ast-global-color-5)","background-image":"","background-repeat":"repeat","background-position":"center center","background-size":"auto","background-attachment":"scroll","background-type":"","background-media":"","overlay-type":"","overlay-color":"","overlay-opacity":"","overlay-gradient":""},"mobile":{"background-color":"var(--ast-global-color-5)","background-image":"","background-repeat":"repeat","background-position":"center center","background-size":"auto","background-attachment":"scroll","background-type":"","background-media":"","overlay-type":"","overlay-color":"","overlay-opacity":"","overlay-gradient":""}},"footnotes":""},"categories":[1586,163,29],"tags":[2371,262,305,338,1968,446,447,2215,972,2372],"class_list":["post-20620","post","type-post","status-publish","format-standard","has-post-thumbnail","hentry","category-avaluacio","category-formacio","category-se-baixllobregat6","tag-aprendre-a-aprendre","tag-avaluacio","tag-centres-educatius-2","tag-competencies-basiques","tag-desenvolupament-professional-docent","tag-educacio-primaria","tag-educacio-secundaria","tag-reporteducacio","tag-treball-en-xarxa","tag-xarxa-de-competencies-basiques"],"post_mailing_queue_ids":[],"_links":{"self":[{"href":"https:\/\/serveiseducatius.xtec.cat\/baixllobregat6\/wp-json\/wp\/v2\/posts\/20620","targetHints":{"allow":["GET"]}}],"collection":[{"href":"https:\/\/serveiseducatius.xtec.cat\/baixllobregat6\/wp-json\/wp\/v2\/posts"}],"about":[{"href":"https:\/\/serveiseducatius.xtec.cat\/baixllobregat6\/wp-json\/wp\/v2\/types\/post"}],"author":[{"embeddable":true,"href":"https:\/\/serveiseducatius.xtec.cat\/baixllobregat6\/wp-json\/wp\/v2\/users\/1"}],"replies":[{"embeddable":true,"href":"https:\/\/serveiseducatius.xtec.cat\/baixllobregat6\/wp-json\/wp\/v2\/comments?post=20620"}],"version-history":[{"count":3,"href":"https:\/\/serveiseducatius.xtec.cat\/baixllobregat6\/wp-json\/wp\/v2\/posts\/20620\/revisions"}],"predecessor-version":[{"id":20639,"href":"https:\/\/serveiseducatius.xtec.cat\/baixllobregat6\/wp-json\/wp\/v2\/posts\/20620\/revisions\/20639"}],"wp:featuredmedia":[{"embeddable":true,"href":"https:\/\/serveiseducatius.xtec.cat\/baixllobregat6\/wp-json\/wp\/v2\/media\/20633"}],"wp:attachment":[{"href":"https:\/\/serveiseducatius.xtec.cat\/baixllobregat6\/wp-json\/wp\/v2\/media?parent=20620"}],"wp:term":[{"taxonomy":"category","embeddable":true,"href":"https:\/\/serveiseducatius.xtec.cat\/baixllobregat6\/wp-json\/wp\/v2\/categories?post=20620"},{"taxonomy":"post_tag","embeddable":true,"href":"https:\/\/serveiseducatius.xtec.cat\/baixllobregat6\/wp-json\/wp\/v2\/tags?post=20620"}],"curies":[{"name":"wp","href":"https:\/\/api.w.org\/{rel}","templated":true}]}}