{"id":20563,"date":"2021-02-24T11:59:55","date_gmt":"2021-02-24T10:59:55","guid":{"rendered":"http:\/\/serveiseducatius.xtec.cat\/baixllobregat6\/?p=20563"},"modified":"2021-02-24T12:02:01","modified_gmt":"2021-02-24T11:02:01","slug":"cicle-de-conferencies-en-linia-eduquem-en-familia","status":"publish","type":"post","link":"https:\/\/serveiseducatius.xtec.cat\/baixllobregat6\/se-baixllobregat6\/cicle-de-conferencies-en-linia-eduquem-en-familia\/","title":{"rendered":"Cicle de confer\u00e8ncies en l\u00ednia  &#8220;Eduquem en fam\u00edlia&#8221;"},"content":{"rendered":"<p style=\"font-weight: 400;\"><img loading=\"lazy\" decoding=\"async\" class=\"alignleft size-full wp-image-20564\" src=\"https:\/\/serveiseducatius.xtec.cat\/baixllobregat6\/wp-content\/uploads\/usu778\/2021\/02\/eduquemenfam\u00edlia.png\" alt=\"\" width=\"1240\" height=\"450\" srcset=\"https:\/\/serveiseducatius.xtec.cat\/baixllobregat6\/wp-content\/uploads\/usu778\/2021\/02\/eduquemenfam\u00edlia.png 1240w, https:\/\/serveiseducatius.xtec.cat\/baixllobregat6\/wp-content\/uploads\/usu778\/2021\/02\/eduquemenfam\u00edlia-520x189.png 520w, https:\/\/serveiseducatius.xtec.cat\/baixllobregat6\/wp-content\/uploads\/usu778\/2021\/02\/eduquemenfam\u00edlia-768x279.png 768w, https:\/\/serveiseducatius.xtec.cat\/baixllobregat6\/wp-content\/uploads\/usu778\/2021\/02\/eduquemenfam\u00edlia-1024x372.png 1024w\" sizes=\"auto, (max-width: 1240px) 100vw, 1240px\" \/>El cicle de tallers en l\u00ednia <strong>CR\u00c9IXER EN FAM\u00cdLIA<\/strong> per a fam\u00edlies d\u2019infants de 0 a 3 anys, dintre del programa<em><strong>\u00a0Eduquem en Fam\u00edlia\u00a0<\/strong><\/em>de l\u2019Ajuntament de Sant Vicen\u00e7 dels Horts, s&#8217;emmarca en el conjunt d&#8217;actuacions del Pla Educatiu d&#8217;Entorn.<\/p>\n<p style=\"font-weight: 400;\"><strong>Cr\u00e9ixer en fam\u00edlia<\/strong> \u00e9s un programa (en podeu consultar la seva oferta al final d&#8217;aquest post), impulsat des del Direcci\u00f3 General de Fam\u00edlies del Departament de Treball, Afers Socials i Fam\u00edlies de la Generalitat de Catalunya, per <strong>orientar, refor\u00e7ar i donar eines a les fam\u00edlies per exercir el seu paper educatiu de forma positiva<\/strong> , amb l\u2019objectiu de potenciar el reconeixement i la confian\u00e7a en les pr\u00f2pies capacitats dels progenitors <!--more--><\/p>\n<p style=\"font-weight: 400;\">Ofereix cicles de tallers, que pretenen ser espais d\u2019intercanvi d\u2019<strong>experi\u00e8ncies entre pares i mares amb fills i filles d\u2019edats similars, guiats per professionals experts en la formaci\u00f3 de fam\u00edlies<\/strong>\u00a0en qu\u00e8 les prioritats s\u00f3n reflexionar en relaci\u00f3 amb per qu\u00e8 educar, qu\u00e8 fer i com fer-ho.<\/p>\n<p style=\"font-weight: 400;\">Els tallers consten de 6 sessions de dues hores aproximadament al voltant de tem\u00e0tiques i conceptes com ara:\u00a0afecte, autonomia, autoritat, estrat\u00e8gies educatives, resoluci\u00f3 de conflictes, responsabilitats en l\u2019\u00e0mbit dom\u00e8stic, el lleure i l\u2019entorn, el paper educatiu de l\u2019escola i la fam\u00edlia extensa, etc.<\/p>\n<p style=\"font-weight: 400;\">Us hi podeu inscriure\u00a0<a href=\"https:\/\/docs.google.com\/forms\/d\/e\/1FAIpQLScGhEmjfzZxSvaB8ykMpi-kyTOvCFt_uHBqBwWp9_tFsLORJg\/viewform\" data-saferedirecturl=\"https:\/\/www.google.com\/url?q=https:\/\/docs.google.com\/forms\/d\/e\/1FAIpQLScGhEmjfzZxSvaB8ykMpi-kyTOvCFt_uHBqBwWp9_tFsLORJg\/viewform&amp;source=gmail&amp;ust=1614249539556000&amp;usg=AFQjCNE74cyqqcRJHMBRSh6T-tVqmGGrXA\">aqu\u00ed\u00a0<\/a>o escanejant el codi QR del p\u00f2ster.<\/p>\n<p><iframe loading=\"lazy\" src=\"https:\/\/drive.google.com\/file\/d\/10lXK5SH2-zm0V53y8bAfXYHB4o6JdYiF\/preview\" width=\"800\" height=\"1100\"><\/iframe><\/p>\n","protected":false},"excerpt":{"rendered":"<p>El cicle de tallers en l\u00ednia CR\u00c9IXER EN FAM\u00cdLIA per a fam\u00edlies d\u2019infants de 0 a 3 anys, dintre del programa\u00a0Eduquem en Fam\u00edlia\u00a0de l\u2019Ajuntament de Sant Vicen\u00e7 dels Horts, s&#8217;emmarca en el conjunt d&#8217;actuacions del Pla Educatiu d&#8217;Entorn. Cr\u00e9ixer en fam\u00edlia \u00e9s un programa (en podeu consultar la seva oferta al final d&#8217;aquest post), impulsat [&hellip;]<\/p>\n","protected":false},"author":1,"featured_media":20564,"comment_status":"open","ping_status":"closed","sticky":false,"template":"","format":"standard","meta":{"_bbp_topic_count":0,"_bbp_reply_count":0,"_bbp_total_topic_count":0,"_bbp_total_reply_count":0,"_bbp_voice_count":0,"_bbp_anonymous_reply_count":0,"_bbp_topic_count_hidden":0,"_bbp_reply_count_hidden":0,"_bbp_forum_subforum_count":0,"site-sidebar-layout":"default","site-content-layout":"","ast-site-content-layout":"","site-content-style":"default","site-sidebar-style":"default","ast-global-header-display":"","ast-banner-title-visibility":"","ast-main-header-display":"","ast-hfb-above-header-display":"","ast-hfb-below-header-display":"","ast-hfb-mobile-header-display":"","site-post-title":"","ast-breadcrumbs-content":"","ast-featured-img":"","footer-sml-layout":"","theme-transparent-header-meta":"","adv-header-id-meta":"","stick-header-meta":"","header-above-stick-meta":"","header-main-stick-meta":"","header-below-stick-meta":"","astra-migrate-meta-layouts":"default","ast-page-background-enabled":"default","ast-page-background-meta":{"desktop":{"background-color":"var(--ast-global-color-4)","background-image":"","background-repeat":"repeat","background-position":"center center","background-size":"auto","background-attachment":"scroll","background-type":"","background-media":"","overlay-type":"","overlay-color":"","overlay-opacity":"","overlay-gradient":""},"tablet":{"background-color":"","background-image":"","background-repeat":"repeat","background-position":"center center","background-size":"auto","background-attachment":"scroll","background-type":"","background-media":"","overlay-type":"","overlay-color":"","overlay-opacity":"","overlay-gradient":""},"mobile":{"background-color":"","background-image":"","background-repeat":"repeat","background-position":"center center","background-size":"auto","background-attachment":"scroll","background-type":"","background-media":"","overlay-type":"","overlay-color":"","overlay-opacity":"","overlay-gradient":""}},"ast-content-background-meta":{"desktop":{"background-color":"var(--ast-global-color-5)","background-image":"","background-repeat":"repeat","background-position":"center center","background-size":"auto","background-attachment":"scroll","background-type":"","background-media":"","overlay-type":"","overlay-color":"","overlay-opacity":"","overlay-gradient":""},"tablet":{"background-color":"var(--ast-global-color-5)","background-image":"","background-repeat":"repeat","background-position":"center center","background-size":"auto","background-attachment":"scroll","background-type":"","background-media":"","overlay-type":"","overlay-color":"","overlay-opacity":"","overlay-gradient":""},"mobile":{"background-color":"var(--ast-global-color-5)","background-image":"","background-repeat":"repeat","background-position":"center center","background-size":"auto","background-attachment":"scroll","background-type":"","background-media":"","overlay-type":"","overlay-color":"","overlay-opacity":"","overlay-gradient":""}},"footnotes":""},"categories":[75,29],"tags":[348,537],"class_list":["post-20563","post","type-post","status-publish","format-standard","has-post-thumbnail","hentry","category-pee020","category-se-baixllobregat6","tag-comunitat-educativa","tag-families"],"post_mailing_queue_ids":[],"_links":{"self":[{"href":"https:\/\/serveiseducatius.xtec.cat\/baixllobregat6\/wp-json\/wp\/v2\/posts\/20563","targetHints":{"allow":["GET"]}}],"collection":[{"href":"https:\/\/serveiseducatius.xtec.cat\/baixllobregat6\/wp-json\/wp\/v2\/posts"}],"about":[{"href":"https:\/\/serveiseducatius.xtec.cat\/baixllobregat6\/wp-json\/wp\/v2\/types\/post"}],"author":[{"embeddable":true,"href":"https:\/\/serveiseducatius.xtec.cat\/baixllobregat6\/wp-json\/wp\/v2\/users\/1"}],"replies":[{"embeddable":true,"href":"https:\/\/serveiseducatius.xtec.cat\/baixllobregat6\/wp-json\/wp\/v2\/comments?post=20563"}],"version-history":[{"count":2,"href":"https:\/\/serveiseducatius.xtec.cat\/baixllobregat6\/wp-json\/wp\/v2\/posts\/20563\/revisions"}],"predecessor-version":[{"id":20566,"href":"https:\/\/serveiseducatius.xtec.cat\/baixllobregat6\/wp-json\/wp\/v2\/posts\/20563\/revisions\/20566"}],"wp:featuredmedia":[{"embeddable":true,"href":"https:\/\/serveiseducatius.xtec.cat\/baixllobregat6\/wp-json\/wp\/v2\/media\/20564"}],"wp:attachment":[{"href":"https:\/\/serveiseducatius.xtec.cat\/baixllobregat6\/wp-json\/wp\/v2\/media?parent=20563"}],"wp:term":[{"taxonomy":"category","embeddable":true,"href":"https:\/\/serveiseducatius.xtec.cat\/baixllobregat6\/wp-json\/wp\/v2\/categories?post=20563"},{"taxonomy":"post_tag","embeddable":true,"href":"https:\/\/serveiseducatius.xtec.cat\/baixllobregat6\/wp-json\/wp\/v2\/tags?post=20563"}],"curies":[{"name":"wp","href":"https:\/\/api.w.org\/{rel}","templated":true}]}}