{"id":20497,"date":"2021-02-11T12:53:55","date_gmt":"2021-02-11T11:53:55","guid":{"rendered":"http:\/\/serveiseducatius.xtec.cat\/baixllobregat6\/?p=20497"},"modified":"2021-02-11T12:54:33","modified_gmt":"2021-02-11T11:54:33","slug":"nova-versio-de-laplicacio-gestioemocional-cat","status":"publish","type":"post","link":"https:\/\/serveiseducatius.xtec.cat\/baixllobregat6\/se-baixllobregat6\/nova-versio-de-laplicacio-gestioemocional-cat\/","title":{"rendered":"Nova versi\u00f3 de l&#8217;aplicaci\u00f3 &#8216;GestioEmocional.cat&#8217;"},"content":{"rendered":"<p><img loading=\"lazy\" decoding=\"async\" class=\"alignleft wp-image-20498\" src=\"https:\/\/serveiseducatius.xtec.cat\/baixllobregat6\/wp-content\/uploads\/usu778\/2021\/02\/appgestioemocionalcat.png\" alt=\"\" width=\"890\" height=\"622\" srcset=\"https:\/\/serveiseducatius.xtec.cat\/baixllobregat6\/wp-content\/uploads\/usu778\/2021\/02\/appgestioemocionalcat.png 728w, https:\/\/serveiseducatius.xtec.cat\/baixllobregat6\/wp-content\/uploads\/usu778\/2021\/02\/appgestioemocionalcat-520x364.png 520w\" sizes=\"auto, (max-width: 890px) 100vw, 890px\" \/><\/p>\n<p>L&#8217;aplicaci\u00f3 &#8216;<a href=\"https:\/\/gestioemocional.catsalut.cat\/\" target=\"_blank\" rel=\"noopener noreferrer\"><em><strong>GestioEmocional.cat<\/strong><\/em><\/a>&#8216; es va presentar el passat mes d&#8217;abril com una nova eina per donar suport emocional i psicol\u00f2gic a tota la ciutadania, davant la situaci\u00f3 excepcional a causa de la COVID-19. La por, l&#8217;angoixa, la preocupaci\u00f3 o la tristesa s\u00f3n emocions normals davant la situaci\u00f3 d&#8217;alerta sanit\u00e0ria que estem vivint i, poden tenir un impacte en la nostra salut mental.<\/p>\n<p>Ara es posa en marxa una nova versi\u00f3 de l&#8217;aplicaci\u00f3 que d\u00f3na suport emocional tamb\u00e9 a <strong>nens, adolescents i professionals sanitaris.<\/strong><!--more--><\/p>\n<p>La principal difer\u00e8ncia amb la versi\u00f3 anterior \u00e9s que ara es troba personalitzada per a cada col\u00b7lectiu que l&#8217;estigui utilitzant i tamb\u00e9 incorpora millores en l&#8217;experi\u00e8ncia de l&#8217;usuari. L&#8217;aplicaci\u00f3 identifica quatre estats emocionals i segons el nivell es suggereix un seguit de recursos i consells o ajuda professional.<\/p>\n<p>L&#8217;estat emocional de la persona avalua a trav\u00e9s d&#8217;un test que est\u00e0 adaptat a les diferents edats. Segons les respostes, l&#8217;aplicaci\u00f3 identifica si es podria necessitar suport psicol\u00f2gic d&#8217;un professional, que oferir\u00e0 <strong>atenci\u00f3 de manera personalitzada.<\/strong><\/p>\n<p>L&#8217;avaluaci\u00f3 dels nens han de fer el pare \/ mare o tutor legal. En canvi, quan es tracta d&#8217;adolescents, entre 16 i 17 anys, ho podran fer ells de manera individualitzada<\/p>\n<p>Font: <em><strong><a href=\"http:\/\/web.gencat.cat\/ca\/actualitat\/detall\/nova-versio-gestioemocionalcat-permet-avaluar-salut-emocional-dinfants-adolescents-professionals-sanitaris\" target=\"_blank\" rel=\"noopener noreferrer\">Gencat<\/a><\/strong><\/em><\/p>\n","protected":false},"excerpt":{"rendered":"<p>L&#8217;aplicaci\u00f3 &#8216;GestioEmocional.cat&#8216; es va presentar el passat mes d&#8217;abril com una nova eina per donar suport emocional i psicol\u00f2gic a tota la ciutadania, davant la situaci\u00f3 excepcional a causa de la COVID-19. La por, l&#8217;angoixa, la preocupaci\u00f3 o la tristesa s\u00f3n emocions normals davant la situaci\u00f3 d&#8217;alerta sanit\u00e0ria que estem vivint i, poden tenir un [&hellip;]<\/p>\n","protected":false},"author":1,"featured_media":20498,"comment_status":"open","ping_status":"closed","sticky":false,"template":"","format":"standard","meta":{"_bbp_topic_count":0,"_bbp_reply_count":0,"_bbp_total_topic_count":0,"_bbp_total_reply_count":0,"_bbp_voice_count":0,"_bbp_anonymous_reply_count":0,"_bbp_topic_count_hidden":0,"_bbp_reply_count_hidden":0,"_bbp_forum_subforum_count":0,"site-sidebar-layout":"default","site-content-layout":"","ast-site-content-layout":"","site-content-style":"default","site-sidebar-style":"default","ast-global-header-display":"","ast-banner-title-visibility":"","ast-main-header-display":"","ast-hfb-above-header-display":"","ast-hfb-below-header-display":"","ast-hfb-mobile-header-display":"","site-post-title":"","ast-breadcrumbs-content":"","ast-featured-img":"","footer-sml-layout":"","theme-transparent-header-meta":"","adv-header-id-meta":"","stick-header-meta":"","header-above-stick-meta":"","header-main-stick-meta":"","header-below-stick-meta":"","astra-migrate-meta-layouts":"default","ast-page-background-enabled":"default","ast-page-background-meta":{"desktop":{"background-color":"var(--ast-global-color-4)","background-image":"","background-repeat":"repeat","background-position":"center center","background-size":"auto","background-attachment":"scroll","background-type":"","background-media":"","overlay-type":"","overlay-color":"","overlay-opacity":"","overlay-gradient":""},"tablet":{"background-color":"","background-image":"","background-repeat":"repeat","background-position":"center center","background-size":"auto","background-attachment":"scroll","background-type":"","background-media":"","overlay-type":"","overlay-color":"","overlay-opacity":"","overlay-gradient":""},"mobile":{"background-color":"","background-image":"","background-repeat":"repeat","background-position":"center center","background-size":"auto","background-attachment":"scroll","background-type":"","background-media":"","overlay-type":"","overlay-color":"","overlay-opacity":"","overlay-gradient":""}},"ast-content-background-meta":{"desktop":{"background-color":"var(--ast-global-color-5)","background-image":"","background-repeat":"repeat","background-position":"center center","background-size":"auto","background-attachment":"scroll","background-type":"","background-media":"","overlay-type":"","overlay-color":"","overlay-opacity":"","overlay-gradient":""},"tablet":{"background-color":"var(--ast-global-color-5)","background-image":"","background-repeat":"repeat","background-position":"center center","background-size":"auto","background-attachment":"scroll","background-type":"","background-media":"","overlay-type":"","overlay-color":"","overlay-opacity":"","overlay-gradient":""},"mobile":{"background-color":"var(--ast-global-color-5)","background-image":"","background-repeat":"repeat","background-position":"center center","background-size":"auto","background-attachment":"scroll","background-type":"","background-media":"","overlay-type":"","overlay-color":"","overlay-opacity":"","overlay-gradient":""}},"footnotes":""},"categories":[75,29],"tags":[208,2318,2519,621,866,2215,45],"class_list":["post-20497","post","type-post","status-publish","format-standard","has-post-thumbnail","hentry","category-pee020","category-se-baixllobregat6","tag-adolescents","tag-emocions","tag-gestio-emocional","tag-infants","tag-psicologia","tag-reporteducacio","tag-salut"],"post_mailing_queue_ids":[],"_links":{"self":[{"href":"https:\/\/serveiseducatius.xtec.cat\/baixllobregat6\/wp-json\/wp\/v2\/posts\/20497","targetHints":{"allow":["GET"]}}],"collection":[{"href":"https:\/\/serveiseducatius.xtec.cat\/baixllobregat6\/wp-json\/wp\/v2\/posts"}],"about":[{"href":"https:\/\/serveiseducatius.xtec.cat\/baixllobregat6\/wp-json\/wp\/v2\/types\/post"}],"author":[{"embeddable":true,"href":"https:\/\/serveiseducatius.xtec.cat\/baixllobregat6\/wp-json\/wp\/v2\/users\/1"}],"replies":[{"embeddable":true,"href":"https:\/\/serveiseducatius.xtec.cat\/baixllobregat6\/wp-json\/wp\/v2\/comments?post=20497"}],"version-history":[{"count":4,"href":"https:\/\/serveiseducatius.xtec.cat\/baixllobregat6\/wp-json\/wp\/v2\/posts\/20497\/revisions"}],"predecessor-version":[{"id":20502,"href":"https:\/\/serveiseducatius.xtec.cat\/baixllobregat6\/wp-json\/wp\/v2\/posts\/20497\/revisions\/20502"}],"wp:featuredmedia":[{"embeddable":true,"href":"https:\/\/serveiseducatius.xtec.cat\/baixllobregat6\/wp-json\/wp\/v2\/media\/20498"}],"wp:attachment":[{"href":"https:\/\/serveiseducatius.xtec.cat\/baixllobregat6\/wp-json\/wp\/v2\/media?parent=20497"}],"wp:term":[{"taxonomy":"category","embeddable":true,"href":"https:\/\/serveiseducatius.xtec.cat\/baixllobregat6\/wp-json\/wp\/v2\/categories?post=20497"},{"taxonomy":"post_tag","embeddable":true,"href":"https:\/\/serveiseducatius.xtec.cat\/baixllobregat6\/wp-json\/wp\/v2\/tags?post=20497"}],"curies":[{"name":"wp","href":"https:\/\/api.w.org\/{rel}","templated":true}]}}