{"id":20415,"date":"2021-01-28T11:50:55","date_gmt":"2021-01-28T10:50:55","guid":{"rendered":"http:\/\/serveiseducatius.xtec.cat\/baixllobregat6\/?p=20415"},"modified":"2021-01-28T11:50:55","modified_gmt":"2021-01-28T10:50:55","slug":"coordinacio-0-6-svh-la-dimensio-educadora-de-lentorn-urba-a-st-vicenc-dels-horts","status":"publish","type":"post","link":"https:\/\/serveiseducatius.xtec.cat\/baixllobregat6\/se-baixllobregat6\/coordinacio-0-6-svh-la-dimensio-educadora-de-lentorn-urba-a-st-vicenc-dels-horts\/","title":{"rendered":"Coordinaci\u00f3 0-6 SVH &#8211; La dimensi\u00f3 educadora de l&#8217;entorn urb\u00e0 a St. Vicen\u00e7 dels Horts"},"content":{"rendered":"<p style=\"text-align: center;\"><iframe loading=\"lazy\" src=\"https:\/\/www.youtube.com\/embed\/NHPO0fm2TEo\" width=\"560\" height=\"315\" frameborder=\"0\"><\/iframe><\/p>\n<p>Ahir dimecres 27 de gener vam poder gaudir d&#8217;una trobada inclosa en la planificaci\u00f3 de la coordinaci\u00f3 0-6 del CRP Baix Llobregat 6. La Dra. Mariona Gen\u00eds ens va parlar de la import\u00e0ncia de l&#8217;entorn, social i urb\u00e0, a l&#8217;hora de comptar amb una ciutat educadora. <!--more--><\/p>\n<p><span class=\"il\">La Mariona<\/span>\u00a0<span class=\"il\">Gen\u00eds<\/span>\u00a0Vinyals, \u00e9s doctora arquitecta per la UPC i professora del grau de disseny a Bau (Universitat de Vic). Fa recerca sobre l&#8217;espai educatiu en totes les seves escales i sobre m\u00e8todes per restaurar els edificis hist\u00f2rics. En l&#8217;\u00e0mbit professional \u00e9s s\u00f2cia de l&#8217;estudi Arquitectura\u00a0<span class=\"il\">Gen\u00eds<\/span>\u00a0Planelles, que treballa especialment tamb\u00e9 en l&#8217;\u00e0mbit de l&#8217;espai educatiu i la mem\u00f2ria hist\u00f2rica, aix\u00ed com el dels espais saludables.<\/p>\n<p>Vam podem comptar amb la participaci\u00f3 de gran part de la comunitat educativa de l&#8217;entorn 0-6 de la ciutat de Sant Vicen\u00e7 dels Horts.<\/p>\n","protected":false},"excerpt":{"rendered":"<p>Ahir dimecres 27 de gener vam poder gaudir d&#8217;una trobada inclosa en la planificaci\u00f3 de la coordinaci\u00f3 0-6 del CRP Baix Llobregat 6. La Dra. Mariona Gen\u00eds ens va parlar de la import\u00e0ncia de l&#8217;entorn, social i urb\u00e0, a l&#8217;hora de comptar amb una ciutat educadora.<\/p>\n","protected":false},"author":1,"featured_media":20416,"comment_status":"open","ping_status":"closed","sticky":false,"template":"","format":"standard","meta":{"_bbp_topic_count":0,"_bbp_reply_count":0,"_bbp_total_topic_count":0,"_bbp_total_reply_count":0,"_bbp_voice_count":0,"_bbp_anonymous_reply_count":0,"_bbp_topic_count_hidden":0,"_bbp_reply_count_hidden":0,"_bbp_forum_subforum_count":0,"site-sidebar-layout":"default","site-content-layout":"","ast-site-content-layout":"","site-content-style":"default","site-sidebar-style":"default","ast-global-header-display":"","ast-banner-title-visibility":"","ast-main-header-display":"","ast-hfb-above-header-display":"","ast-hfb-below-header-display":"","ast-hfb-mobile-header-display":"","site-post-title":"","ast-breadcrumbs-content":"","ast-featured-img":"","footer-sml-layout":"","theme-transparent-header-meta":"","adv-header-id-meta":"","stick-header-meta":"","header-above-stick-meta":"","header-main-stick-meta":"","header-below-stick-meta":"","astra-migrate-meta-layouts":"default","ast-page-background-enabled":"default","ast-page-background-meta":{"desktop":{"background-color":"var(--ast-global-color-4)","background-image":"","background-repeat":"repeat","background-position":"center center","background-size":"auto","background-attachment":"scroll","background-type":"","background-media":"","overlay-type":"","overlay-color":"","overlay-opacity":"","overlay-gradient":""},"tablet":{"background-color":"","background-image":"","background-repeat":"repeat","background-position":"center center","background-size":"auto","background-attachment":"scroll","background-type":"","background-media":"","overlay-type":"","overlay-color":"","overlay-opacity":"","overlay-gradient":""},"mobile":{"background-color":"","background-image":"","background-repeat":"repeat","background-position":"center center","background-size":"auto","background-attachment":"scroll","background-type":"","background-media":"","overlay-type":"","overlay-color":"","overlay-opacity":"","overlay-gradient":""}},"ast-content-background-meta":{"desktop":{"background-color":"var(--ast-global-color-5)","background-image":"","background-repeat":"repeat","background-position":"center center","background-size":"auto","background-attachment":"scroll","background-type":"","background-media":"","overlay-type":"","overlay-color":"","overlay-opacity":"","overlay-gradient":""},"tablet":{"background-color":"var(--ast-global-color-5)","background-image":"","background-repeat":"repeat","background-position":"center center","background-size":"auto","background-attachment":"scroll","background-type":"","background-media":"","overlay-type":"","overlay-color":"","overlay-opacity":"","overlay-gradient":""},"mobile":{"background-color":"var(--ast-global-color-5)","background-image":"","background-repeat":"repeat","background-position":"center center","background-size":"auto","background-attachment":"scroll","background-type":"","background-media":"","overlay-type":"","overlay-color":"","overlay-opacity":"","overlay-gradient":""}},"footnotes":""},"categories":[2213,2022,29],"tags":[2080,2024,2151,1792,2500,907],"class_list":["post-20415","post","type-post","status-publish","format-standard","has-post-thumbnail","hentry","category-coordinacio-0-6","category-educacio-infantil","category-se-baixllobregat6","tag-coordinacio-0-6","tag-educacio-infantil-0-6","tag-ei06","tag-entorn-social-i-educatiu","tag-mariona-genis","tag-sant-vicenc-dels-horts"],"post_mailing_queue_ids":[],"_links":{"self":[{"href":"https:\/\/serveiseducatius.xtec.cat\/baixllobregat6\/wp-json\/wp\/v2\/posts\/20415","targetHints":{"allow":["GET"]}}],"collection":[{"href":"https:\/\/serveiseducatius.xtec.cat\/baixllobregat6\/wp-json\/wp\/v2\/posts"}],"about":[{"href":"https:\/\/serveiseducatius.xtec.cat\/baixllobregat6\/wp-json\/wp\/v2\/types\/post"}],"author":[{"embeddable":true,"href":"https:\/\/serveiseducatius.xtec.cat\/baixllobregat6\/wp-json\/wp\/v2\/users\/1"}],"replies":[{"embeddable":true,"href":"https:\/\/serveiseducatius.xtec.cat\/baixllobregat6\/wp-json\/wp\/v2\/comments?post=20415"}],"version-history":[{"count":1,"href":"https:\/\/serveiseducatius.xtec.cat\/baixllobregat6\/wp-json\/wp\/v2\/posts\/20415\/revisions"}],"predecessor-version":[{"id":20417,"href":"https:\/\/serveiseducatius.xtec.cat\/baixllobregat6\/wp-json\/wp\/v2\/posts\/20415\/revisions\/20417"}],"wp:featuredmedia":[{"embeddable":true,"href":"https:\/\/serveiseducatius.xtec.cat\/baixllobregat6\/wp-json\/wp\/v2\/media\/20416"}],"wp:attachment":[{"href":"https:\/\/serveiseducatius.xtec.cat\/baixllobregat6\/wp-json\/wp\/v2\/media?parent=20415"}],"wp:term":[{"taxonomy":"category","embeddable":true,"href":"https:\/\/serveiseducatius.xtec.cat\/baixllobregat6\/wp-json\/wp\/v2\/categories?post=20415"},{"taxonomy":"post_tag","embeddable":true,"href":"https:\/\/serveiseducatius.xtec.cat\/baixllobregat6\/wp-json\/wp\/v2\/tags?post=20415"}],"curies":[{"name":"wp","href":"https:\/\/api.w.org\/{rel}","templated":true}]}}