{"id":20336,"date":"2021-01-21T10:23:17","date_gmt":"2021-01-21T09:23:17","guid":{"rendered":"http:\/\/serveiseducatius.xtec.cat\/baixllobregat6\/?p=20336"},"modified":"2021-01-21T10:26:44","modified_gmt":"2021-01-21T09:26:44","slug":"el-laboratori-de-transformacio-educativa-del-departament-deducacio-ens-ofereix-uns-seminaris-tematics-organitzats-en-tres-eixos-oberta-la-inscripcio","status":"publish","type":"post","link":"https:\/\/serveiseducatius.xtec.cat\/baixllobregat6\/se-baixllobregat6\/el-laboratori-de-transformacio-educativa-del-departament-deducacio-ens-ofereix-uns-seminaris-tematics-organitzats-en-tres-eixos-oberta-la-inscripcio\/","title":{"rendered":"El Laboratori de Transformaci\u00f3 Educativa del Departament d&#8217;Educaci\u00f3 ens ofereix uns seminaris tem\u00e0tics organitzats en tres eixos (Oberta la inscripci\u00f3)"},"content":{"rendered":"<p><img loading=\"lazy\" decoding=\"async\" class=\"aligncenter wp-image-20337 size-large\" src=\"https:\/\/serveiseducatius.xtec.cat\/baixllobregat6\/wp-content\/uploads\/usu778\/2021\/01\/Logo-Lab-4-1024x768.jpg\" alt=\"\" width=\"1024\" height=\"768\" srcset=\"https:\/\/serveiseducatius.xtec.cat\/baixllobregat6\/wp-content\/uploads\/usu778\/2021\/01\/Logo-Lab-4-1024x768.jpg 1024w, https:\/\/serveiseducatius.xtec.cat\/baixllobregat6\/wp-content\/uploads\/usu778\/2021\/01\/Logo-Lab-4-520x390.jpg 520w, https:\/\/serveiseducatius.xtec.cat\/baixllobregat6\/wp-content\/uploads\/usu778\/2021\/01\/Logo-Lab-4-768x576.jpg 768w, https:\/\/serveiseducatius.xtec.cat\/baixllobregat6\/wp-content\/uploads\/usu778\/2021\/01\/Logo-Lab-4-200x150.jpg 200w, https:\/\/serveiseducatius.xtec.cat\/baixllobregat6\/wp-content\/uploads\/usu778\/2021\/01\/Logo-Lab-4.jpg 2048w\" sizes=\"auto, (max-width: 1024px) 100vw, 1024px\" \/><\/p>\n<p>El <strong><a href=\"https:\/\/projectes.xtec.cat\/transformacioenxarxa\/\" target=\"_blank\" rel=\"noopener noreferrer\">Laboratori de transformaci\u00f3 educativa<\/a> <\/strong>ha programat uns seminaris tem\u00e0tics que sota el t\u00edtol conjunt <em><strong>APROFUNDIM<\/strong> <\/em>planteja les tres formacions que figuren a continuaci\u00f3 (clicant sobre el seu t\u00edtol disposeu d&#8217;informaci\u00f3 complement\u00e0ria i just al costat l&#8217;acc\u00e9s a la inscripci\u00f3):<\/p>\n<p>Seminari EIX 1. <a href=\"https:\/\/aplicacions.gestioeducativa.gencat.cat\/pls\/soloas\/pk_for_mod_ins.p_for_exhaustiu_activitat?p_header=Detall%20d%27activitat^pk_for_mod_ins.p_for_detall_activitat?p_codi=9001340545%26p_curs=2020-2021%26p_es_inscr=S&amp;p_codi=9001340545&amp;p_curs=2020-2021&amp;p_es_inscr=S\" target=\"_blank\" rel=\"noopener noreferrer\">Organitzaci\u00f3 i gesti\u00f3 de centre<\/a>. <a href=\"https:\/\/aplicacions.gestioeducativa.gencat.cat\/pls\/soloas\/pk_for_mod_ins.p_for_pre_cons_activitats?p_any=2020-2021&amp;p_codi=9001340545\" target=\"_blank\" rel=\"noopener noreferrer\">INSCRIPCI\u00d3<\/a><br \/>\nSeminari EIX 2. <a href=\"https:\/\/aplicacions.gestioeducativa.gencat.cat\/pls\/soloas\/pk_for_mod_ins.p_for_exhaustiu_activitat?p_header=Detall%20d%27activitat^pk_for_mod_ins.p_for_detall_activitat?p_codi=9001350545%26p_curs=2020-2021%26p_es_inscr=S&amp;p_codi=9001350545&amp;p_curs=2020-2021&amp;p_es_inscr=S\" target=\"_blank\" rel=\"noopener noreferrer\">Metodologies innovadores<\/a>. <strong><a href=\"https:\/\/aplicacions.gestioeducativa.gencat.cat\/pls\/soloas\/pk_for_mod_ins.p_for_pre_cons_activitats?p_any=2020-2021&amp;p_codi=9001350545\" target=\"_blank\" rel=\"noopener noreferrer\">INSCRIPCI\u00d3<\/a><\/strong><br \/>\nSeminari EIX 3. <a href=\"https:\/\/aplicacions.gestioeducativa.gencat.cat\/pls\/soloas\/pk_for_mod_ins.p_for_exhaustiu_activitat?p_header=Detall%20d%27activitat^pk_for_mod_ins.p_for_detall_activitat?p_codi=9001360545%26p_curs=2020-2021%26p_es_inscr=S&amp;p_codi=9001360545&amp;p_curs=2020-2021&amp;p_es_inscr=S\" target=\"_blank\" rel=\"noopener noreferrer\">Xarxa i ecosistema educatiu<\/a>.<strong> <a href=\"https:\/\/aplicacions.gestioeducativa.gencat.cat\/pls\/soloas\/pk_for_mod_ins.p_for_pre_cons_activitats?p_any=2020-2021&amp;p_codi=9001360545\" target=\"_blank\" rel=\"noopener noreferrer\">INSCRIPCI\u00d3<\/a><\/strong><\/p>\n","protected":false},"excerpt":{"rendered":"<p>El Laboratori de transformaci\u00f3 educativa ha programat uns seminaris tem\u00e0tics que sota el t\u00edtol conjunt APROFUNDIM planteja les tres formacions que figuren a continuaci\u00f3 (clicant sobre el seu t\u00edtol disposeu d&#8217;informaci\u00f3 complement\u00e0ria i just al costat l&#8217;acc\u00e9s a la inscripci\u00f3): Seminari EIX 1. Organitzaci\u00f3 i gesti\u00f3 de centre. INSCRIPCI\u00d3 Seminari EIX 2. Metodologies innovadores. INSCRIPCI\u00d3 [&hellip;]<\/p>\n","protected":false},"author":1,"featured_media":20337,"comment_status":"open","ping_status":"closed","sticky":false,"template":"","format":"standard","meta":{"_bbp_topic_count":0,"_bbp_reply_count":0,"_bbp_total_topic_count":0,"_bbp_total_reply_count":0,"_bbp_voice_count":0,"_bbp_anonymous_reply_count":0,"_bbp_topic_count_hidden":0,"_bbp_reply_count_hidden":0,"_bbp_forum_subforum_count":0,"site-sidebar-layout":"default","site-content-layout":"","ast-site-content-layout":"","site-content-style":"default","site-sidebar-style":"default","ast-global-header-display":"","ast-banner-title-visibility":"","ast-main-header-display":"","ast-hfb-above-header-display":"","ast-hfb-below-header-display":"","ast-hfb-mobile-header-display":"","site-post-title":"","ast-breadcrumbs-content":"","ast-featured-img":"","footer-sml-layout":"","theme-transparent-header-meta":"","adv-header-id-meta":"","stick-header-meta":"","header-above-stick-meta":"","header-main-stick-meta":"","header-below-stick-meta":"","astra-migrate-meta-layouts":"default","ast-page-background-enabled":"default","ast-page-background-meta":{"desktop":{"background-color":"var(--ast-global-color-4)","background-image":"","background-repeat":"repeat","background-position":"center center","background-size":"auto","background-attachment":"scroll","background-type":"","background-media":"","overlay-type":"","overlay-color":"","overlay-opacity":"","overlay-gradient":""},"tablet":{"background-color":"","background-image":"","background-repeat":"repeat","background-position":"center center","background-size":"auto","background-attachment":"scroll","background-type":"","background-media":"","overlay-type":"","overlay-color":"","overlay-opacity":"","overlay-gradient":""},"mobile":{"background-color":"","background-image":"","background-repeat":"repeat","background-position":"center center","background-size":"auto","background-attachment":"scroll","background-type":"","background-media":"","overlay-type":"","overlay-color":"","overlay-opacity":"","overlay-gradient":""}},"ast-content-background-meta":{"desktop":{"background-color":"var(--ast-global-color-5)","background-image":"","background-repeat":"repeat","background-position":"center center","background-size":"auto","background-attachment":"scroll","background-type":"","background-media":"","overlay-type":"","overlay-color":"","overlay-opacity":"","overlay-gradient":""},"tablet":{"background-color":"var(--ast-global-color-5)","background-image":"","background-repeat":"repeat","background-position":"center center","background-size":"auto","background-attachment":"scroll","background-type":"","background-media":"","overlay-type":"","overlay-color":"","overlay-opacity":"","overlay-gradient":""},"mobile":{"background-color":"var(--ast-global-color-5)","background-image":"","background-repeat":"repeat","background-position":"center center","background-size":"auto","background-attachment":"scroll","background-type":"","background-media":"","overlay-type":"","overlay-color":"","overlay-opacity":"","overlay-gradient":""}},"footnotes":""},"categories":[163,29],"tags":[1968,446,447,1580,2015,2345,854,2215,2113],"class_list":["post-20336","post","type-post","status-publish","format-standard","has-post-thumbnail","hentry","category-formacio","category-se-baixllobregat6","tag-desenvolupament-professional-docent","tag-educacio-primaria","tag-educacio-secundaria","tag-formacio-del-professorat","tag-innovacio-educativa","tag-laboratori-de-transformacio-educativa","tag-professorat","tag-reporteducacio","tag-transformacio-educativa"],"post_mailing_queue_ids":[],"_links":{"self":[{"href":"https:\/\/serveiseducatius.xtec.cat\/baixllobregat6\/wp-json\/wp\/v2\/posts\/20336","targetHints":{"allow":["GET"]}}],"collection":[{"href":"https:\/\/serveiseducatius.xtec.cat\/baixllobregat6\/wp-json\/wp\/v2\/posts"}],"about":[{"href":"https:\/\/serveiseducatius.xtec.cat\/baixllobregat6\/wp-json\/wp\/v2\/types\/post"}],"author":[{"embeddable":true,"href":"https:\/\/serveiseducatius.xtec.cat\/baixllobregat6\/wp-json\/wp\/v2\/users\/1"}],"replies":[{"embeddable":true,"href":"https:\/\/serveiseducatius.xtec.cat\/baixllobregat6\/wp-json\/wp\/v2\/comments?post=20336"}],"version-history":[{"count":3,"href":"https:\/\/serveiseducatius.xtec.cat\/baixllobregat6\/wp-json\/wp\/v2\/posts\/20336\/revisions"}],"predecessor-version":[{"id":20341,"href":"https:\/\/serveiseducatius.xtec.cat\/baixllobregat6\/wp-json\/wp\/v2\/posts\/20336\/revisions\/20341"}],"wp:featuredmedia":[{"embeddable":true,"href":"https:\/\/serveiseducatius.xtec.cat\/baixllobregat6\/wp-json\/wp\/v2\/media\/20337"}],"wp:attachment":[{"href":"https:\/\/serveiseducatius.xtec.cat\/baixllobregat6\/wp-json\/wp\/v2\/media?parent=20336"}],"wp:term":[{"taxonomy":"category","embeddable":true,"href":"https:\/\/serveiseducatius.xtec.cat\/baixllobregat6\/wp-json\/wp\/v2\/categories?post=20336"},{"taxonomy":"post_tag","embeddable":true,"href":"https:\/\/serveiseducatius.xtec.cat\/baixllobregat6\/wp-json\/wp\/v2\/tags?post=20336"}],"curies":[{"name":"wp","href":"https:\/\/api.w.org\/{rel}","templated":true}]}}