{"id":20273,"date":"2021-01-13T13:00:56","date_gmt":"2021-01-13T12:00:56","guid":{"rendered":"http:\/\/serveiseducatius.xtec.cat\/baixllobregat6\/?p=20273"},"modified":"2021-01-13T13:10:42","modified_gmt":"2021-01-13T12:10:42","slug":"premis-baldiri-reixac","status":"publish","type":"post","link":"https:\/\/serveiseducatius.xtec.cat\/baixllobregat6\/se-baixllobregat6\/premis-baldiri-reixac\/","title":{"rendered":"Premis Baldiri Reixac"},"content":{"rendered":"<div class=\"field field-name-field-resum field-type-text-long field-label-hidden\">\n<div class=\"field-items\">\n<div class=\"field-item even\">\n<p><img loading=\"lazy\" decoding=\"async\" class=\"alignleft wp-image-20274\" src=\"https:\/\/serveiseducatius.xtec.cat\/baixllobregat6\/wp-content\/uploads\/usu778\/2021\/01\/baldirireixac2021.png\" alt=\"\" width=\"88\" height=\"109\" \/>La <a href=\"https:\/\/fundaciocarulla.cat\/\" target=\"_blank\" rel=\"noopener noreferrer\"><strong>Fundaci\u00f3 Carulla<\/strong><\/a> presenta els<b> 43\u00e8 Premis Baldiri i Reixac<\/b> que volen recon\u00e8ixer aquells centres educatius resilients que han aprofitat aquest moment de crisi sanit\u00e0ria i social per q\u00fcestionar-se i convertir aquesta situaci\u00f3 cr\u00edtica en una oportunitat de millora.<\/p>\n<\/div>\n<\/div>\n<\/div>\n<div class=\"field field-name-field-convocant field-type-text-long field-label-inline clearfix\"><\/div>\n<div><\/div>\n<div><\/div>\n<div><\/div>\n<div>\n<p><strong style=\"font-family: inherit; font-size: 1em;\">Categories<\/strong><\/p>\n<\/div>\n<div class=\"field field-name-body field-type-text-with-summary field-label-hidden\">\n<div class=\"field-items\">\n<div class=\"field-item even\">\n<ul>\n<li><strong>Premi Baldiri Escola<\/strong><\/li>\n<\/ul>\n<p>8 premis de 3.000 \u20ac.<br \/>\nPer a centres educatius amb propostes transformadores, valentes i creatives; compromesos amb els reptes socials actuals i que eduquin amb la cultura, les arts i la llengua catalana com a eines de canvi.<\/p>\n<ul>\n<li><strong>Premi Baldiri Connexions<\/strong><\/li>\n<\/ul>\n<p>10 premis de 4.000 \u20ac i programa d\u2019acompanyament.<br \/>\nPer a projectes sorgits de l\u2019alian\u00e7a entre els centres educatius i les entitats culturals, que ofereixin solucions a reptes educatius i socials de forma creativa i potenciant la resili\u00e8ncia, i que transformin les escoles amb les arts. En especial aquells reptes que han nascut amb la pand\u00e8mia.<\/p>\n<ul>\n<li><strong>Premi Baldiri Experi\u00e8ncies<\/strong><\/li>\n<\/ul>\n<p>20 premis de 500 \u20ac en material escolar.<br \/>\nPer a experi\u00e8ncies d\u2019aprenentatge que facilitin als infants les eines necess\u00e0ries per fer front a l\u2019emerg\u00e8ncia emocional sorgida amb la Covid-19. I que ho facin a trav\u00e9s dels llenguatges art\u00edstics i creatius.<!--more--><\/p>\n<ul>\n<li><strong>Premi Joan Triad\u00fa<\/strong><\/li>\n<\/ul>\n<p>1 premi de 3.000 \u20ac.<br \/>\nCategoria extraordin\u00e0ria amb motiu del centenari del naixement de Joan Triad\u00fa, impulsor i president dels Baldiri. Reconeixement a un centre educatiu que hagi excel\u00b7lit en l\u2019ensenyament i l&#8217;\u00fas del catal\u00e0.<\/p>\n<div class=\"field field-name-field-finfull-ambit-geo field-type-list-text field-label-inline clearfix\">\n<div class=\"field-items\">\n<div class=\"field-item even\"><\/div>\n<\/div>\n<\/div>\n<div class=\"field field-name-field-finfull-bases field-type-link-field field-label-above\">\n<div class=\"field-items\">\n<div class=\"field-item even\"><a href=\"https:\/\/fundaciocarulla.cat\/premis-baldiri-reixac\/\" rel=\"nofollow\">Bases i M\u00e9s informaci\u00f3<\/a><\/div>\n<\/div>\n<\/div>\n<\/div>\n<\/div>\n<\/div>\n<p><!--more--><\/p>\n<p>&nbsp;<\/p>\n","protected":false},"excerpt":{"rendered":"<p>La Fundaci\u00f3 Carulla presenta els 43\u00e8 Premis Baldiri i Reixac que volen recon\u00e8ixer aquells centres educatius resilients que han aprofitat aquest moment de crisi sanit\u00e0ria i social per q\u00fcestionar-se i convertir aquesta situaci\u00f3 cr\u00edtica en una oportunitat de millora. Categories Premi Baldiri Escola 8 premis de 3.000 \u20ac. Per a centres educatius amb propostes transformadores, [&hellip;]<\/p>\n","protected":false},"author":1,"featured_media":20274,"comment_status":"open","ping_status":"closed","sticky":false,"template":"","format":"standard","meta":{"_bbp_topic_count":0,"_bbp_reply_count":0,"_bbp_total_topic_count":0,"_bbp_total_reply_count":0,"_bbp_voice_count":0,"_bbp_anonymous_reply_count":0,"_bbp_topic_count_hidden":0,"_bbp_reply_count_hidden":0,"_bbp_forum_subforum_count":0,"site-sidebar-layout":"default","site-content-layout":"","ast-site-content-layout":"","site-content-style":"default","site-sidebar-style":"default","ast-global-header-display":"","ast-banner-title-visibility":"","ast-main-header-display":"","ast-hfb-above-header-display":"","ast-hfb-below-header-display":"","ast-hfb-mobile-header-display":"","site-post-title":"","ast-breadcrumbs-content":"","ast-featured-img":"","footer-sml-layout":"","theme-transparent-header-meta":"","adv-header-id-meta":"","stick-header-meta":"","header-above-stick-meta":"","header-main-stick-meta":"","header-below-stick-meta":"","astra-migrate-meta-layouts":"default","ast-page-background-enabled":"default","ast-page-background-meta":{"desktop":{"background-color":"var(--ast-global-color-4)","background-image":"","background-repeat":"repeat","background-position":"center center","background-size":"auto","background-attachment":"scroll","background-type":"","background-media":"","overlay-type":"","overlay-color":"","overlay-opacity":"","overlay-gradient":""},"tablet":{"background-color":"","background-image":"","background-repeat":"repeat","background-position":"center center","background-size":"auto","background-attachment":"scroll","background-type":"","background-media":"","overlay-type":"","overlay-color":"","overlay-opacity":"","overlay-gradient":""},"mobile":{"background-color":"","background-image":"","background-repeat":"repeat","background-position":"center center","background-size":"auto","background-attachment":"scroll","background-type":"","background-media":"","overlay-type":"","overlay-color":"","overlay-opacity":"","overlay-gradient":""}},"ast-content-background-meta":{"desktop":{"background-color":"var(--ast-global-color-5)","background-image":"","background-repeat":"repeat","background-position":"center center","background-size":"auto","background-attachment":"scroll","background-type":"","background-media":"","overlay-type":"","overlay-color":"","overlay-opacity":"","overlay-gradient":""},"tablet":{"background-color":"var(--ast-global-color-5)","background-image":"","background-repeat":"repeat","background-position":"center center","background-size":"auto","background-attachment":"scroll","background-type":"","background-media":"","overlay-type":"","overlay-color":"","overlay-opacity":"","overlay-gradient":""},"mobile":{"background-color":"var(--ast-global-color-5)","background-image":"","background-repeat":"repeat","background-position":"center center","background-size":"auto","background-attachment":"scroll","background-type":"","background-media":"","overlay-type":"","overlay-color":"","overlay-opacity":"","overlay-gradient":""}},"footnotes":""},"categories":[1036,29],"tags":[222,305,1674,160,854,2215,161],"class_list":["post-20273","post","type-post","status-publish","format-standard","has-post-thumbnail","hentry","category-activitat-dels-centres","category-se-baixllobregat6","tag-alumnes","tag-centres-educatius-2","tag-premis-baldiri-reixac","tag-primaria","tag-professorat","tag-reporteducacio","tag-secundaria"],"post_mailing_queue_ids":[],"_links":{"self":[{"href":"https:\/\/serveiseducatius.xtec.cat\/baixllobregat6\/wp-json\/wp\/v2\/posts\/20273","targetHints":{"allow":["GET"]}}],"collection":[{"href":"https:\/\/serveiseducatius.xtec.cat\/baixllobregat6\/wp-json\/wp\/v2\/posts"}],"about":[{"href":"https:\/\/serveiseducatius.xtec.cat\/baixllobregat6\/wp-json\/wp\/v2\/types\/post"}],"author":[{"embeddable":true,"href":"https:\/\/serveiseducatius.xtec.cat\/baixllobregat6\/wp-json\/wp\/v2\/users\/1"}],"replies":[{"embeddable":true,"href":"https:\/\/serveiseducatius.xtec.cat\/baixllobregat6\/wp-json\/wp\/v2\/comments?post=20273"}],"version-history":[{"count":3,"href":"https:\/\/serveiseducatius.xtec.cat\/baixllobregat6\/wp-json\/wp\/v2\/posts\/20273\/revisions"}],"predecessor-version":[{"id":20281,"href":"https:\/\/serveiseducatius.xtec.cat\/baixllobregat6\/wp-json\/wp\/v2\/posts\/20273\/revisions\/20281"}],"wp:featuredmedia":[{"embeddable":true,"href":"https:\/\/serveiseducatius.xtec.cat\/baixllobregat6\/wp-json\/wp\/v2\/media\/20274"}],"wp:attachment":[{"href":"https:\/\/serveiseducatius.xtec.cat\/baixllobregat6\/wp-json\/wp\/v2\/media?parent=20273"}],"wp:term":[{"taxonomy":"category","embeddable":true,"href":"https:\/\/serveiseducatius.xtec.cat\/baixllobregat6\/wp-json\/wp\/v2\/categories?post=20273"},{"taxonomy":"post_tag","embeddable":true,"href":"https:\/\/serveiseducatius.xtec.cat\/baixllobregat6\/wp-json\/wp\/v2\/tags?post=20273"}],"curies":[{"name":"wp","href":"https:\/\/api.w.org\/{rel}","templated":true}]}}