{"id":20200,"date":"2020-12-21T11:41:40","date_gmt":"2020-12-21T10:41:40","guid":{"rendered":"http:\/\/serveiseducatius.xtec.cat\/baixllobregat6\/?p=20200"},"modified":"2021-02-08T12:02:58","modified_gmt":"2021-02-08T11:02:58","slug":"dones-i-ciencies-conferencies-divulgatives-adrecades-a-alumnat-de-cicle-superior-deducacio-primaria-i-de-1r-curs-deducacio-secundaria","status":"publish","type":"post","link":"https:\/\/serveiseducatius.xtec.cat\/baixllobregat6\/se-baixllobregat6\/dones-i-ciencies-conferencies-divulgatives-adrecades-a-alumnat-de-cicle-superior-deducacio-primaria-i-de-1r-curs-deducacio-secundaria\/","title":{"rendered":"Dones i Ci\u00e8ncia. Confer\u00e8ncies divulgatives adre\u00e7ades a alumnat de cicle superior d&#8217;Educaci\u00f3 prim\u00e0ria i de 1r curs d&#8217;Educaci\u00f3 secund\u00e0ria"},"content":{"rendered":"<p><img loading=\"lazy\" decoding=\"async\" class=\"alignleft size-full wp-image-20201\" src=\"https:\/\/serveiseducatius.xtec.cat\/baixllobregat6\/wp-content\/uploads\/usu778\/2020\/12\/logo100tifiques.png\" alt=\"\" width=\"1367\" height=\"256\" srcset=\"https:\/\/serveiseducatius.xtec.cat\/baixllobregat6\/wp-content\/uploads\/usu778\/2020\/12\/logo100tifiques.png 1367w, https:\/\/serveiseducatius.xtec.cat\/baixllobregat6\/wp-content\/uploads\/usu778\/2020\/12\/logo100tifiques-520x97.png 520w, https:\/\/serveiseducatius.xtec.cat\/baixllobregat6\/wp-content\/uploads\/usu778\/2020\/12\/logo100tifiques-768x144.png 768w, https:\/\/serveiseducatius.xtec.cat\/baixllobregat6\/wp-content\/uploads\/usu778\/2020\/12\/logo100tifiques-1024x192.png 1024w\" sizes=\"auto, (max-width: 1367px) 100vw, 1367px\" \/><\/p>\n<p>&nbsp;<\/p>\n<p>\u201c100t\u00edfiques\u201d \u00e9s una iniciativa de la Fundaci\u00f3 Catalana per a la Recerca i la Innovaci\u00f3 (FCRI) i el Barcelona Institute for Science and Technology (BIST), amb la col\u00b7laboraci\u00f3 del Departament d\u2019Educaci\u00f3 de la Generalitat de Catalunya.<\/p>\n<p>El Departament d\u2019Educaci\u00f3, us convida a inscriure-us a la tercera edici\u00f3 de l\u2019esdeveniment #100cient\u00edfiques l\u201911 de febrer de 2020 (Dia Internacional de les Dones i les Noies de la Ci\u00e8ncia) que estem organitzant amb la Fundaci\u00f3 Catalana per la Recerca I la Innovaci\u00f3 (FCRi) i el Barcelona Institute of Science and Technology (BIST).<\/p>\n<p>Podeu visitar la web <a href=\"https:\/\/www.donesiciencia.cat\/100tifiques\/\" target=\"_blank\" rel=\"noopener noreferrer\"><strong>#100tifiques.cat<\/strong><\/a> per m\u00e9s informaci\u00f3. En resum, el #100t\u00edfiques significa que un centenar de dones cient\u00edfiques (m\u00e0sters, estudiants de doctorat, investigadors postdoctorals i l\u00edders de grups, personal cient\u00edfic, directives) tant del sector p\u00fablic com del privat presentaran xerrades a escoles de tot Catalunya l\u201911 de febrer de 2020, Dia de les dones i les nenes a la ci\u00e8ncia. Aquestes confer\u00e8ncies estaran adre\u00e7ades a un p\u00fablic d&#8217;entre 11 i 12 anys (6\u00e8 de prim\u00e0ria i 1r de secund\u00e0ria). Es preveu que mitjan\u00e7ant aquestes xerrades s\u2019arribi a uns 20.000 joves.<\/p>\n<p>A causa de la situaci\u00f3 actual de pand\u00e8mia, farem les visites mitjan\u00e7ant plataformes en l\u00ednia. Volem aprofitar aquest format per augmentar la capacitat d\u2019arribar a un nombre m\u00e9s elevat d\u2019escoles ubicades a totes les \u00e0rees i oferir un repositori de sessions enregistrades perqu\u00e8<br \/>\nels estudiants puguin explorar m\u00e9s tard altres disciplines cient\u00edfiques i experi\u00e8ncies professionals.<!--more--><\/p>\n<p>La majoria de les visites es realitzaran en catal\u00e0 o castell\u00e0 i algunes escoles estan disposades a acollir xerrades en angl\u00e8s. Com que volem mostrar una gamma m\u00e9s \u00e0mplia d\u2019experi\u00e8ncies professionals i perfils cient\u00edfics per connectar amb un p\u00fablic m\u00e9s ampli de nois i noies, animem a les investigadores internacionals a participar a l\u2019esdeveniment #100tifiques. El formulari us demana que indiqueu la vostra \u00e0rea de coneixement i \u00e0mbit cient\u00edfic. Ens servir\u00e0 per tenir una millor descripci\u00f3 de la comunitat cient\u00edfica que visitar\u00e0 les<br \/>\nescoles.<\/p>\n<p>Es far\u00e0 el possible per atendre totes les demandes, per\u00f2 no es pot garantir que la tem\u00e0tica triada pel centre sigui l\u2019especialitat de la cient\u00edfica. Les assignacions prioritzaran l\u2019ordre d\u2019inscripci\u00f3.<\/p>\n<p>Si esteu interessades a participar, poseu-vos en contacte amb el vostre CRP de refer\u00e8ncia comunicant el vostre inter\u00e8s i empleneu el seg\u00fcent formulari per confirmar la vostra participaci\u00f3 abans del 14 de gener de 2020: <strong><a href=\"http:\/\/100tifiques.cat\/inscriute_escola\/\" target=\"_blank\" rel=\"noopener noreferrer\">http:\/\/100tifiques.cat\/inscriute_escola\/<\/a><\/strong><\/p>\n<blockquote><p>En el moment de fer el registre a l\u2019activitat us recordem que cal:<br \/>\n&#8211; Incloure l\u2019enlla\u00e7 a la videoconfer\u00e8ncia amb el que fareu el contacte amb la cient\u00edfica.<br \/>\n&#8211; Pujar la carta de comprom\u00eds en format PDF (ho podreu fer des-de el formulari)<br \/>\n&#8211; En cas que la xerrada sigui enregistrada, enviar-la al vostre CRP de refer\u00e8ncia<br \/>\n&#8211; Vehicular els dubtes al vostre CRP de refer\u00e8ncia<br \/>\n&#8211; Fer el contacte amb la cient\u00edfica assignada a partir del 29 de gener (el m\u00e9s aviat<br \/>\npossible)<\/p><\/blockquote>\n<ul>\n<li><strong>Calendari i procediments<\/strong><br \/>\nInscripci\u00f3 dels centres educatius al web:<a href=\"\/\/100tifiques.cat\/inscriute_escola\/\" target=\"_blank\" rel=\"noopener noreferrer\"> http:\/\/100tifiques.cat\/inscriute_escola\/<\/a><br \/>\nPer entrar a l\u2019aplicaci\u00f3 cal fer la inscripci\u00f3 com a escola a l\u2019enlla\u00e7 (a dalt a la dreta): #100tifiques.cat i adjuntar la carta de comprom\u00eds que es demana al mateix formulari.Activitat adre\u00e7ada a l\u2019alumnat de 6\u00e8 de prim\u00e0ria i 1r d\u2019ESO.<br \/>\nL\u2019assignaci\u00f3 de les cient\u00edfiques a les escoles es comunicar\u00e0 el 29 de generFins al 14 gener de 2021. Inscripcions centres<br \/>\nA partir del 29 gener de 2021. Assignaci\u00f3 de les cient\u00edfiques<br \/>\nA partir del 29 gener de 2021: primer contacte amb la cient\u00edfica assignada<br \/>\n11 de febrer 2021, a les 11:00 h. Xerrada 100t\u00edfiques (virtual)<\/li>\n<\/ul>\n<p>&nbsp;<\/p>\n<ul>\n<li><strong>Guia did\u00e0ctica<\/strong><\/li>\n<\/ul>\n<p><iframe loading=\"lazy\" src=\"https:\/\/drive.google.com\/file\/d\/17B9cbjMf2m76hcx1pM4NwUcLvZbDEbfh\/preview\" width=\"820\" height=\"1200\"><\/iframe><\/p>\n","protected":false},"excerpt":{"rendered":"<p>&nbsp; \u201c100t\u00edfiques\u201d \u00e9s una iniciativa de la Fundaci\u00f3 Catalana per a la Recerca i la Innovaci\u00f3 (FCRI) i el Barcelona Institute for Science and Technology (BIST), amb la col\u00b7laboraci\u00f3 del Departament d\u2019Educaci\u00f3 de la Generalitat de Catalunya. El Departament d\u2019Educaci\u00f3, us convida a inscriure-us a la tercera edici\u00f3 de l\u2019esdeveniment #100cient\u00edfiques l\u201911 de febrer de [&hellip;]<\/p>\n","protected":false},"author":1,"featured_media":20202,"comment_status":"open","ping_status":"closed","sticky":false,"template":"","format":"standard","meta":{"_bbp_topic_count":0,"_bbp_reply_count":0,"_bbp_total_topic_count":0,"_bbp_total_reply_count":0,"_bbp_voice_count":0,"_bbp_anonymous_reply_count":0,"_bbp_topic_count_hidden":0,"_bbp_reply_count_hidden":0,"_bbp_forum_subforum_count":0,"site-sidebar-layout":"default","site-content-layout":"","ast-site-content-layout":"","site-content-style":"default","site-sidebar-style":"default","ast-global-header-display":"","ast-banner-title-visibility":"","ast-main-header-display":"","ast-hfb-above-header-display":"","ast-hfb-below-header-display":"","ast-hfb-mobile-header-display":"","site-post-title":"","ast-breadcrumbs-content":"","ast-featured-img":"","footer-sml-layout":"","theme-transparent-header-meta":"","adv-header-id-meta":"","stick-header-meta":"","header-above-stick-meta":"","header-main-stick-meta":"","header-below-stick-meta":"","astra-migrate-meta-layouts":"default","ast-page-background-enabled":"default","ast-page-background-meta":{"desktop":{"background-color":"var(--ast-global-color-4)","background-image":"","background-repeat":"repeat","background-position":"center center","background-size":"auto","background-attachment":"scroll","background-type":"","background-media":"","overlay-type":"","overlay-color":"","overlay-opacity":"","overlay-gradient":""},"tablet":{"background-color":"","background-image":"","background-repeat":"repeat","background-position":"center center","background-size":"auto","background-attachment":"scroll","background-type":"","background-media":"","overlay-type":"","overlay-color":"","overlay-opacity":"","overlay-gradient":""},"mobile":{"background-color":"","background-image":"","background-repeat":"repeat","background-position":"center center","background-size":"auto","background-attachment":"scroll","background-type":"","background-media":"","overlay-type":"","overlay-color":"","overlay-opacity":"","overlay-gradient":""}},"ast-content-background-meta":{"desktop":{"background-color":"var(--ast-global-color-5)","background-image":"","background-repeat":"repeat","background-position":"center center","background-size":"auto","background-attachment":"scroll","background-type":"","background-media":"","overlay-type":"","overlay-color":"","overlay-opacity":"","overlay-gradient":""},"tablet":{"background-color":"var(--ast-global-color-5)","background-image":"","background-repeat":"repeat","background-position":"center center","background-size":"auto","background-attachment":"scroll","background-type":"","background-media":"","overlay-type":"","overlay-color":"","overlay-opacity":"","overlay-gradient":""},"mobile":{"background-color":"var(--ast-global-color-5)","background-image":"","background-repeat":"repeat","background-position":"center center","background-size":"auto","background-attachment":"scroll","background-type":"","background-media":"","overlay-type":"","overlay-color":"","overlay-opacity":"","overlay-gradient":""}},"footnotes":""},"categories":[1036,176,29],"tags":[220,314,324,2493,446,447,539,2215,2060],"class_list":["post-20200","post","type-post","status-publish","format-standard","has-post-thumbnail","hentry","category-activitat-dels-centres","category-dinamica-educativa-sant-vicenc-dels-horts","category-se-baixllobregat6","tag-alumnat","tag-ciencia","tag-coeducacio","tag-dones-i-ciencia","tag-educacio-primaria","tag-educacio-secundaria","tag-feminisme","tag-reporteducacio","tag-steam"],"post_mailing_queue_ids":[],"_links":{"self":[{"href":"https:\/\/serveiseducatius.xtec.cat\/baixllobregat6\/wp-json\/wp\/v2\/posts\/20200","targetHints":{"allow":["GET"]}}],"collection":[{"href":"https:\/\/serveiseducatius.xtec.cat\/baixllobregat6\/wp-json\/wp\/v2\/posts"}],"about":[{"href":"https:\/\/serveiseducatius.xtec.cat\/baixllobregat6\/wp-json\/wp\/v2\/types\/post"}],"author":[{"embeddable":true,"href":"https:\/\/serveiseducatius.xtec.cat\/baixllobregat6\/wp-json\/wp\/v2\/users\/1"}],"replies":[{"embeddable":true,"href":"https:\/\/serveiseducatius.xtec.cat\/baixllobregat6\/wp-json\/wp\/v2\/comments?post=20200"}],"version-history":[{"count":4,"href":"https:\/\/serveiseducatius.xtec.cat\/baixllobregat6\/wp-json\/wp\/v2\/posts\/20200\/revisions"}],"predecessor-version":[{"id":20482,"href":"https:\/\/serveiseducatius.xtec.cat\/baixllobregat6\/wp-json\/wp\/v2\/posts\/20200\/revisions\/20482"}],"wp:featuredmedia":[{"embeddable":true,"href":"https:\/\/serveiseducatius.xtec.cat\/baixllobregat6\/wp-json\/wp\/v2\/media\/20202"}],"wp:attachment":[{"href":"https:\/\/serveiseducatius.xtec.cat\/baixllobregat6\/wp-json\/wp\/v2\/media?parent=20200"}],"wp:term":[{"taxonomy":"category","embeddable":true,"href":"https:\/\/serveiseducatius.xtec.cat\/baixllobregat6\/wp-json\/wp\/v2\/categories?post=20200"},{"taxonomy":"post_tag","embeddable":true,"href":"https:\/\/serveiseducatius.xtec.cat\/baixllobregat6\/wp-json\/wp\/v2\/tags?post=20200"}],"curies":[{"name":"wp","href":"https:\/\/api.w.org\/{rel}","templated":true}]}}