{"id":20075,"date":"2020-11-25T14:09:26","date_gmt":"2020-11-25T13:09:26","guid":{"rendered":"http:\/\/serveiseducatius.xtec.cat\/baixllobregat6\/?p=20075"},"modified":"2020-11-25T14:15:42","modified_gmt":"2020-11-25T13:15:42","slug":"25n-la-coeducacio-a-lescola-bressol-municipal-una-aposta-de-prevencio-contra-la-violencia-envers-les-dones","status":"publish","type":"post","link":"https:\/\/serveiseducatius.xtec.cat\/baixllobregat6\/se-baixllobregat6\/25n-la-coeducacio-a-lescola-bressol-municipal-una-aposta-de-prevencio-contra-la-violencia-envers-les-dones\/","title":{"rendered":"25N: La coeducaci\u00f3 a l&#8217;escola bressol municipal, una aposta de prevenci\u00f3 contra la viol\u00e8ncia envers les dones"},"content":{"rendered":"<figure id=\"attachment_20076\" aria-describedby=\"caption-attachment-20076\" style=\"width: 481px\" class=\"wp-caption alignleft\"><img loading=\"lazy\" decoding=\"async\" class=\"wp-image-20076 \" src=\"https:\/\/serveiseducatius.xtec.cat\/baixllobregat6\/wp-content\/uploads\/usu778\/2020\/11\/Butll243-kindergarden.jpg\" alt=\"\" width=\"481\" height=\"321\" srcset=\"https:\/\/serveiseducatius.xtec.cat\/baixllobregat6\/wp-content\/uploads\/usu778\/2020\/11\/Butll243-kindergarden.jpg 634w, https:\/\/serveiseducatius.xtec.cat\/baixllobregat6\/wp-content\/uploads\/usu778\/2020\/11\/Butll243-kindergarden-520x347.jpg 520w\" sizes=\"auto, (max-width: 481px) 100vw, 481px\" \/><figcaption id=\"caption-attachment-20076\" class=\"wp-caption-text\">Fotografia de Lukas de Pexels<\/figcaption><\/figure>\n<p>Avui<em>\u00a0Dia internacional per a l&#8217;eliminaci\u00f3 de la viol\u00e8ncia envers les dones<\/em>, a la Ger\u00e8ncia de Serveis d\u2019Educaci\u00f3 apostem per fer de l\u2019educaci\u00f3 la millor\u00a0<strong>eina preventiva<\/strong>. En aquest sentit, l\u2019oferta formativa de 2021 contindr\u00e0 m\u00e9s edicions del curs \u201cLa coeducaci\u00f3 a l&#8217;escola bressol municipal\u201d, donada la bona valoraci\u00f3 que han fet les professionals que l\u2019han realitzat enguany, i per tal de satisfer l\u2019alta demanda per part de nombroses educadores d\u2019educaci\u00f3 infantil per participar-hi.<\/p>\n<p>En format totalment digital, el curs ha format enguany a m\u00e9s de quaranta professionals de setze municipis de la prov\u00edncia en dues edicions, que han aportat eines i recursos a les educadores d\u2019escoles bressol municipals per tal que la coeducaci\u00f3 esdevingui una realitat entre la\u00a0<strong>petita inf\u00e0ncia<\/strong>.<!--more--><\/p>\n<p>De les dues edicions realitzades durant els mesos de juliol i octubre, han estat 44 professionals les que han pogut acreditar aquesta formaci\u00f3, que aporta als assistents un marc te\u00f2ric sobre la coeducaci\u00f3 i sobre la import\u00e0ncia de la socialitzaci\u00f3 de la petita inf\u00e0ncia en un ambient que afavoreixi la diversitat i la igualtat.<\/p>\n<p>Les participants del curs treballen a setze municipis de la prov\u00edncia: Art\u00e9s, Calldetenes, Castellter\u00e7ol, Lli\u00e7\u00e0 d&#8217;Amunt, Montesquiu, Sant Celoni, Sant Cugat del Vall\u00e8s, Sant Cugat Sesgarrigues, Sant Iscle de Vallalta, Sant Vicen\u00e7 dels Horts, Tona, Torrelles de Llobregat, Vacarisses, Vilafranca del Pened\u00e8s, Vilassar de Dalt i Ullastrell.<\/p>\n<p>Properament us informarem sobre les novetats relacionades amb aquest curs: \u201cLa coeducaci\u00f3 a l&#8217;escola bressol municipal\u201d.<\/p>\n<p>Font: DIputaci\u00f3 de Barcelona. Ger\u00e8ncia de Serveis d&#8217;Educaci\u00f3<br \/>\n<strong>Butllet\u00ed:<\/strong>\u00a0<a title=\"Educ@diba\" href=\"https:\/\/www.diba.cat\/web\/educacio\/llistabutlletins\">Educ@diba<\/a><br \/>\n<strong>N\u00famero de butllet\u00ed:<\/strong>\u00a0<a title=\"25 de novembre de 2020\" href=\"https:\/\/www.diba.cat\/web\/educacio\/llistabutlletins\/-\/newsletter\/52716887\/243\">#243 &#8211; 25 de novembre de 2020<\/a><\/p>\n","protected":false},"excerpt":{"rendered":"<p>Avui\u00a0Dia internacional per a l&#8217;eliminaci\u00f3 de la viol\u00e8ncia envers les dones, a la Ger\u00e8ncia de Serveis d\u2019Educaci\u00f3 apostem per fer de l\u2019educaci\u00f3 la millor\u00a0eina preventiva. En aquest sentit, l\u2019oferta formativa de 2021 contindr\u00e0 m\u00e9s edicions del curs \u201cLa coeducaci\u00f3 a l&#8217;escola bressol municipal\u201d, donada la bona valoraci\u00f3 que han fet les professionals que l\u2019han realitzat [&hellip;]<\/p>\n","protected":false},"author":1,"featured_media":20076,"comment_status":"open","ping_status":"closed","sticky":false,"template":"","format":"standard","meta":{"_bbp_topic_count":0,"_bbp_reply_count":0,"_bbp_total_topic_count":0,"_bbp_total_reply_count":0,"_bbp_voice_count":0,"_bbp_anonymous_reply_count":0,"_bbp_topic_count_hidden":0,"_bbp_reply_count_hidden":0,"_bbp_forum_subforum_count":0,"site-sidebar-layout":"default","site-content-layout":"","ast-site-content-layout":"","site-content-style":"default","site-sidebar-style":"default","ast-global-header-display":"","ast-banner-title-visibility":"","ast-main-header-display":"","ast-hfb-above-header-display":"","ast-hfb-below-header-display":"","ast-hfb-mobile-header-display":"","site-post-title":"","ast-breadcrumbs-content":"","ast-featured-img":"","footer-sml-layout":"","theme-transparent-header-meta":"","adv-header-id-meta":"","stick-header-meta":"","header-above-stick-meta":"","header-main-stick-meta":"","header-below-stick-meta":"","astra-migrate-meta-layouts":"default","ast-page-background-enabled":"default","ast-page-background-meta":{"desktop":{"background-color":"var(--ast-global-color-4)","background-image":"","background-repeat":"repeat","background-position":"center center","background-size":"auto","background-attachment":"scroll","background-type":"","background-media":"","overlay-type":"","overlay-color":"","overlay-opacity":"","overlay-gradient":""},"tablet":{"background-color":"","background-image":"","background-repeat":"repeat","background-position":"center center","background-size":"auto","background-attachment":"scroll","background-type":"","background-media":"","overlay-type":"","overlay-color":"","overlay-opacity":"","overlay-gradient":""},"mobile":{"background-color":"","background-image":"","background-repeat":"repeat","background-position":"center center","background-size":"auto","background-attachment":"scroll","background-type":"","background-media":"","overlay-type":"","overlay-color":"","overlay-opacity":"","overlay-gradient":""}},"ast-content-background-meta":{"desktop":{"background-color":"var(--ast-global-color-5)","background-image":"","background-repeat":"repeat","background-position":"center center","background-size":"auto","background-attachment":"scroll","background-type":"","background-media":"","overlay-type":"","overlay-color":"","overlay-opacity":"","overlay-gradient":""},"tablet":{"background-color":"var(--ast-global-color-5)","background-image":"","background-repeat":"repeat","background-position":"center center","background-size":"auto","background-attachment":"scroll","background-type":"","background-media":"","overlay-type":"","overlay-color":"","overlay-opacity":"","overlay-gradient":""},"mobile":{"background-color":"var(--ast-global-color-5)","background-image":"","background-repeat":"repeat","background-position":"center center","background-size":"auto","background-attachment":"scroll","background-type":"","background-media":"","overlay-type":"","overlay-color":"","overlay-opacity":"","overlay-gradient":""}},"footnotes":""},"categories":[2213,2022,29],"tags":[2215],"class_list":["post-20075","post","type-post","status-publish","format-standard","has-post-thumbnail","hentry","category-coordinacio-0-6","category-educacio-infantil","category-se-baixllobregat6","tag-reporteducacio"],"post_mailing_queue_ids":[],"_links":{"self":[{"href":"https:\/\/serveiseducatius.xtec.cat\/baixllobregat6\/wp-json\/wp\/v2\/posts\/20075","targetHints":{"allow":["GET"]}}],"collection":[{"href":"https:\/\/serveiseducatius.xtec.cat\/baixllobregat6\/wp-json\/wp\/v2\/posts"}],"about":[{"href":"https:\/\/serveiseducatius.xtec.cat\/baixllobregat6\/wp-json\/wp\/v2\/types\/post"}],"author":[{"embeddable":true,"href":"https:\/\/serveiseducatius.xtec.cat\/baixllobregat6\/wp-json\/wp\/v2\/users\/1"}],"replies":[{"embeddable":true,"href":"https:\/\/serveiseducatius.xtec.cat\/baixllobregat6\/wp-json\/wp\/v2\/comments?post=20075"}],"version-history":[{"count":3,"href":"https:\/\/serveiseducatius.xtec.cat\/baixllobregat6\/wp-json\/wp\/v2\/posts\/20075\/revisions"}],"predecessor-version":[{"id":20083,"href":"https:\/\/serveiseducatius.xtec.cat\/baixllobregat6\/wp-json\/wp\/v2\/posts\/20075\/revisions\/20083"}],"wp:featuredmedia":[{"embeddable":true,"href":"https:\/\/serveiseducatius.xtec.cat\/baixllobregat6\/wp-json\/wp\/v2\/media\/20076"}],"wp:attachment":[{"href":"https:\/\/serveiseducatius.xtec.cat\/baixllobregat6\/wp-json\/wp\/v2\/media?parent=20075"}],"wp:term":[{"taxonomy":"category","embeddable":true,"href":"https:\/\/serveiseducatius.xtec.cat\/baixllobregat6\/wp-json\/wp\/v2\/categories?post=20075"},{"taxonomy":"post_tag","embeddable":true,"href":"https:\/\/serveiseducatius.xtec.cat\/baixllobregat6\/wp-json\/wp\/v2\/tags?post=20075"}],"curies":[{"name":"wp","href":"https:\/\/api.w.org\/{rel}","templated":true}]}}