{"id":20055,"date":"2020-11-20T19:38:47","date_gmt":"2020-11-20T18:38:47","guid":{"rendered":"http:\/\/serveiseducatius.xtec.cat\/baixllobregat6\/?p=20055"},"modified":"2020-11-22T23:57:57","modified_gmt":"2020-11-22T22:57:57","slug":"documental-20n-que-fem-amb-els-espais-de-la-repressio-franquista","status":"publish","type":"post","link":"https:\/\/serveiseducatius.xtec.cat\/baixllobregat6\/se-baixllobregat6\/documental-20n-que-fem-amb-els-espais-de-la-repressio-franquista\/","title":{"rendered":"Documental 20N: &#8220;Qu\u00e8 fem amb els espais de la repressi\u00f3 franquista?&#8221;"},"content":{"rendered":"<p>\u00d2mnium Cultural, juntament amb entitats de mem\u00f2ria hist\u00f2rica, ha realitzat el documental &#8220;Qu\u00e8 fem amb els espais de la repressi\u00f3 franquista?&#8221;. Es recuperen algunes de les hist\u00f2ries de tortures que es van viure a la comissaria de Via Laietana de Barcelona, mitjan\u00e7ant el testimoni del Dr. Antoni Batista que va investigar a bastament tot el per\u00edode de repressi\u00f3 franquista.<\/p>\n<p>I tamb\u00e9, representants d\u2019espais de mem\u00f2ria de tot el m\u00f3n expliquen com s\u2019han transformat els centres de detenci\u00f3 de les dictadures.<\/p>\n<p>Un important recurs did\u00e0ctic, molt \u00fatil en la did\u00e0ctica de les ci\u00e8ncies socials, especialment per a l&#8217;educaci\u00f3 secund\u00e0ria.<\/p>\n<div class=\"ast-oembed-container \" style=\"height: 100%;\"><iframe loading=\"lazy\" title=\"Documental 20N: &quot;Qu\u00e8 fem amb els espais de la repressi\u00f3 franquista?&quot;\" width=\"500\" height=\"281\" src=\"https:\/\/www.youtube.com\/embed\/_r3wnvLYAKU?start=1&#038;feature=oembed\" frameborder=\"0\" allow=\"accelerometer; autoplay; clipboard-write; encrypted-media; gyroscope; picture-in-picture; web-share\" referrerpolicy=\"strict-origin-when-cross-origin\" allowfullscreen><\/iframe><\/div>\n","protected":false},"excerpt":{"rendered":"<p>\u00d2mnium Cultural, juntament amb entitats de mem\u00f2ria hist\u00f2rica, ha realitzat el documental &#8220;Qu\u00e8 fem amb els espais de la repressi\u00f3 franquista?&#8221;. Es recuperen algunes de les hist\u00f2ries de tortures que es van viure a la comissaria de Via Laietana de Barcelona, mitjan\u00e7ant el testimoni del Dr. Antoni Batista que va investigar a bastament tot el [&hellip;]<\/p>\n","protected":false},"author":1,"featured_media":20056,"comment_status":"open","ping_status":"closed","sticky":false,"template":"","format":"standard","meta":{"_bbp_topic_count":0,"_bbp_reply_count":0,"_bbp_total_topic_count":0,"_bbp_total_reply_count":0,"_bbp_voice_count":0,"_bbp_anonymous_reply_count":0,"_bbp_topic_count_hidden":0,"_bbp_reply_count_hidden":0,"_bbp_forum_subforum_count":0,"site-sidebar-layout":"default","site-content-layout":"","ast-site-content-layout":"","site-content-style":"default","site-sidebar-style":"default","ast-global-header-display":"","ast-banner-title-visibility":"","ast-main-header-display":"","ast-hfb-above-header-display":"","ast-hfb-below-header-display":"","ast-hfb-mobile-header-display":"","site-post-title":"","ast-breadcrumbs-content":"","ast-featured-img":"","footer-sml-layout":"","theme-transparent-header-meta":"","adv-header-id-meta":"","stick-header-meta":"","header-above-stick-meta":"","header-main-stick-meta":"","header-below-stick-meta":"","astra-migrate-meta-layouts":"default","ast-page-background-enabled":"default","ast-page-background-meta":{"desktop":{"background-color":"var(--ast-global-color-4)","background-image":"","background-repeat":"repeat","background-position":"center center","background-size":"auto","background-attachment":"scroll","background-type":"","background-media":"","overlay-type":"","overlay-color":"","overlay-opacity":"","overlay-gradient":""},"tablet":{"background-color":"","background-image":"","background-repeat":"repeat","background-position":"center center","background-size":"auto","background-attachment":"scroll","background-type":"","background-media":"","overlay-type":"","overlay-color":"","overlay-opacity":"","overlay-gradient":""},"mobile":{"background-color":"","background-image":"","background-repeat":"repeat","background-position":"center center","background-size":"auto","background-attachment":"scroll","background-type":"","background-media":"","overlay-type":"","overlay-color":"","overlay-opacity":"","overlay-gradient":""}},"ast-content-background-meta":{"desktop":{"background-color":"var(--ast-global-color-5)","background-image":"","background-repeat":"repeat","background-position":"center center","background-size":"auto","background-attachment":"scroll","background-type":"","background-media":"","overlay-type":"","overlay-color":"","overlay-opacity":"","overlay-gradient":""},"tablet":{"background-color":"var(--ast-global-color-5)","background-image":"","background-repeat":"repeat","background-position":"center center","background-size":"auto","background-attachment":"scroll","background-type":"","background-media":"","overlay-type":"","overlay-color":"","overlay-opacity":"","overlay-gradient":""},"mobile":{"background-color":"var(--ast-global-color-5)","background-image":"","background-repeat":"repeat","background-position":"center center","background-size":"auto","background-attachment":"scroll","background-type":"","background-media":"","overlay-type":"","overlay-color":"","overlay-opacity":"","overlay-gradient":""}},"footnotes":""},"categories":[64,29,1148],"tags":[2474,2476,316,420,538,561,733,2215,2475],"class_list":["post-20055","post","type-post","status-publish","format-standard","has-post-thumbnail","hentry","category-comunitat","category-se-baixllobregat6","category-recursos-per-a-la-biblioteca","tag-antifeixisme","tag-antifranquisme","tag-ciencies-socials","tag-drets-humans","tag-feixisme","tag-franquisme","tag-memoria-historica","tag-reporteducacio","tag-tortura"],"post_mailing_queue_ids":[],"_links":{"self":[{"href":"https:\/\/serveiseducatius.xtec.cat\/baixllobregat6\/wp-json\/wp\/v2\/posts\/20055","targetHints":{"allow":["GET"]}}],"collection":[{"href":"https:\/\/serveiseducatius.xtec.cat\/baixllobregat6\/wp-json\/wp\/v2\/posts"}],"about":[{"href":"https:\/\/serveiseducatius.xtec.cat\/baixllobregat6\/wp-json\/wp\/v2\/types\/post"}],"author":[{"embeddable":true,"href":"https:\/\/serveiseducatius.xtec.cat\/baixllobregat6\/wp-json\/wp\/v2\/users\/1"}],"replies":[{"embeddable":true,"href":"https:\/\/serveiseducatius.xtec.cat\/baixllobregat6\/wp-json\/wp\/v2\/comments?post=20055"}],"version-history":[{"count":2,"href":"https:\/\/serveiseducatius.xtec.cat\/baixllobregat6\/wp-json\/wp\/v2\/posts\/20055\/revisions"}],"predecessor-version":[{"id":20058,"href":"https:\/\/serveiseducatius.xtec.cat\/baixllobregat6\/wp-json\/wp\/v2\/posts\/20055\/revisions\/20058"}],"wp:featuredmedia":[{"embeddable":true,"href":"https:\/\/serveiseducatius.xtec.cat\/baixllobregat6\/wp-json\/wp\/v2\/media\/20056"}],"wp:attachment":[{"href":"https:\/\/serveiseducatius.xtec.cat\/baixllobregat6\/wp-json\/wp\/v2\/media?parent=20055"}],"wp:term":[{"taxonomy":"category","embeddable":true,"href":"https:\/\/serveiseducatius.xtec.cat\/baixllobregat6\/wp-json\/wp\/v2\/categories?post=20055"},{"taxonomy":"post_tag","embeddable":true,"href":"https:\/\/serveiseducatius.xtec.cat\/baixllobregat6\/wp-json\/wp\/v2\/tags?post=20055"}],"curies":[{"name":"wp","href":"https:\/\/api.w.org\/{rel}","templated":true}]}}