{"id":20048,"date":"2020-11-22T12:08:23","date_gmt":"2020-11-22T11:08:23","guid":{"rendered":"http:\/\/serveiseducatius.xtec.cat\/baixllobregat6\/?p=20048"},"modified":"2020-11-22T12:09:20","modified_gmt":"2020-11-22T11:09:20","slug":"el-servei-educatiu-baix-llobregat-6-sadhereix-al-manifest25n2020-per-a-leliminacio-de-la-violencia-envers-les-dones","status":"publish","type":"post","link":"https:\/\/serveiseducatius.xtec.cat\/baixllobregat6\/se-baixllobregat6\/el-servei-educatiu-baix-llobregat-6-sadhereix-al-manifest25n2020-per-a-leliminacio-de-la-violencia-envers-les-dones\/","title":{"rendered":"El Servei Educatiu Baix Llobregat-6 s\u2019adhereix al #Manifest25N2020 per a l\u2019eliminaci\u00f3 de la viol\u00e8ncia envers les dones"},"content":{"rendered":"<p><img loading=\"lazy\" decoding=\"async\" class=\"alignleft size-full wp-image-20049\" src=\"https:\/\/serveiseducatius.xtec.cat\/baixllobregat6\/wp-content\/uploads\/usu778\/2020\/11\/Captura-de-Pantalla-2020-11-22-a-les-11.49.38.png\" alt=\"\" width=\"2014\" height=\"942\" srcset=\"https:\/\/serveiseducatius.xtec.cat\/baixllobregat6\/wp-content\/uploads\/usu778\/2020\/11\/Captura-de-Pantalla-2020-11-22-a-les-11.49.38.png 2014w, https:\/\/serveiseducatius.xtec.cat\/baixllobregat6\/wp-content\/uploads\/usu778\/2020\/11\/Captura-de-Pantalla-2020-11-22-a-les-11.49.38-520x243.png 520w, https:\/\/serveiseducatius.xtec.cat\/baixllobregat6\/wp-content\/uploads\/usu778\/2020\/11\/Captura-de-Pantalla-2020-11-22-a-les-11.49.38-768x359.png 768w, https:\/\/serveiseducatius.xtec.cat\/baixllobregat6\/wp-content\/uploads\/usu778\/2020\/11\/Captura-de-Pantalla-2020-11-22-a-les-11.49.38-1024x479.png 1024w\" sizes=\"auto, (max-width: 2014px) 100vw, 2014px\" \/><\/p>\n<p>&nbsp;<\/p>\n<p>Enguany, fa 60 anys que varen ser assassinades les germanes Mirabal, tres activistes pol\u00edtiques i membres actives de la resist\u00e8ncia. En honor a elles es va establir aquesta data com a <strong>Dia internacional per a l\u2019eliminaci\u00f3 de la viol\u00e8ncia envers les done<\/strong>s. Des de llavors, no han cessat els esfor\u00e7os de moviments socials, feministes i de tots els \u00e0mbits per a erradicar les viol\u00e8ncies masclistes. Tamb\u00e9 \u00e9s cert que ja fa uns anys que diverses iniciatives populars anuncien que el temps s\u2019ha esgotat per als agressors masclistes, el <strong><em>#NoEst\u00e0sSola<\/em><\/strong>, el <em><strong>#Metoo<\/strong><\/em> i el <em><strong>#YoSiTeCreo<\/strong><\/em>. El repte \u00e9s enorme: es tracta de canviar la societat i destruir el poder patriarcal.<br \/>\n<!--more--><\/p>\n<p>El dia\u00a0<strong>25 de novembre<\/strong> es convoca tota la ciutadania, a les <strong>12.00 h del migdia<\/strong>, a fer un\u00a0<strong>minut de silenci\u00a0<\/strong>en els espais que la situaci\u00f3 de pand\u00e8mia ho permeti. Aix\u00ed mateix, el manifest redactat per a la commemoraci\u00f3 d&#8217;enguany, resta obert a les adhesions que podeu tramitar clicant <a href=\"http:\/\/dones.gencat.cat\/ca\/ambits\/violencia_masclista\/dia-eliminacio-violencia-contra-dones\/formulari-adhesio-25-de-novembre\/\" target=\"_blank\" rel=\"noopener noreferrer\"><strong>aqu\u00ed mateix<\/strong><\/a>.<\/p>\n<p><iframe loading=\"lazy\" src=\"https:\/\/drive.google.com\/file\/d\/1RHTRa3OGBdVHhrRyBAjYQQ39cZwD8_JV\/preview\" width=\"800\" height=\"1100\"><\/iframe><\/p>\n","protected":false},"excerpt":{"rendered":"<p>&nbsp; Enguany, fa 60 anys que varen ser assassinades les germanes Mirabal, tres activistes pol\u00edtiques i membres actives de la resist\u00e8ncia. En honor a elles es va establir aquesta data com a Dia internacional per a l\u2019eliminaci\u00f3 de la viol\u00e8ncia envers les dones. Des de llavors, no han cessat els esfor\u00e7os de moviments socials, feministes [&hellip;]<\/p>\n","protected":false},"author":1,"featured_media":20049,"comment_status":"open","ping_status":"closed","sticky":false,"template":"","format":"standard","meta":{"_bbp_topic_count":0,"_bbp_reply_count":0,"_bbp_total_topic_count":0,"_bbp_total_reply_count":0,"_bbp_voice_count":0,"_bbp_anonymous_reply_count":0,"_bbp_topic_count_hidden":0,"_bbp_reply_count_hidden":0,"_bbp_forum_subforum_count":0,"site-sidebar-layout":"default","site-content-layout":"","ast-site-content-layout":"","site-content-style":"default","site-sidebar-style":"default","ast-global-header-display":"","ast-banner-title-visibility":"","ast-main-header-display":"","ast-hfb-above-header-display":"","ast-hfb-below-header-display":"","ast-hfb-mobile-header-display":"","site-post-title":"","ast-breadcrumbs-content":"","ast-featured-img":"","footer-sml-layout":"","theme-transparent-header-meta":"","adv-header-id-meta":"","stick-header-meta":"","header-above-stick-meta":"","header-main-stick-meta":"","header-below-stick-meta":"","astra-migrate-meta-layouts":"default","ast-page-background-enabled":"default","ast-page-background-meta":{"desktop":{"background-color":"var(--ast-global-color-4)","background-image":"","background-repeat":"repeat","background-position":"center center","background-size":"auto","background-attachment":"scroll","background-type":"","background-media":"","overlay-type":"","overlay-color":"","overlay-opacity":"","overlay-gradient":""},"tablet":{"background-color":"","background-image":"","background-repeat":"repeat","background-position":"center center","background-size":"auto","background-attachment":"scroll","background-type":"","background-media":"","overlay-type":"","overlay-color":"","overlay-opacity":"","overlay-gradient":""},"mobile":{"background-color":"","background-image":"","background-repeat":"repeat","background-position":"center center","background-size":"auto","background-attachment":"scroll","background-type":"","background-media":"","overlay-type":"","overlay-color":"","overlay-opacity":"","overlay-gradient":""}},"ast-content-background-meta":{"desktop":{"background-color":"var(--ast-global-color-5)","background-image":"","background-repeat":"repeat","background-position":"center center","background-size":"auto","background-attachment":"scroll","background-type":"","background-media":"","overlay-type":"","overlay-color":"","overlay-opacity":"","overlay-gradient":""},"tablet":{"background-color":"var(--ast-global-color-5)","background-image":"","background-repeat":"repeat","background-position":"center center","background-size":"auto","background-attachment":"scroll","background-type":"","background-media":"","overlay-type":"","overlay-color":"","overlay-opacity":"","overlay-gradient":""},"mobile":{"background-color":"var(--ast-global-color-5)","background-image":"","background-repeat":"repeat","background-position":"center center","background-size":"auto","background-attachment":"scroll","background-type":"","background-media":"","overlay-type":"","overlay-color":"","overlay-opacity":"","overlay-gradient":""}},"footnotes":""},"categories":[64,75,29],"tags":[324,2473,539,2364,2471,2215,921,115,2472],"class_list":["post-20048","post","type-post","status-publish","format-standard","has-post-thumbnail","hentry","category-comunitat","category-pee020","category-se-baixllobregat6","tag-coeducacio","tag-dia-internacional-per-a-leliminacio-de-la-violencia-envers-les-dones","tag-feminisme","tag-humanisme","tag-masclisme","tag-reporteducacio","tag-sexisme","tag-violencia-de-genere","tag-violencia-envers-les-dones"],"post_mailing_queue_ids":[],"_links":{"self":[{"href":"https:\/\/serveiseducatius.xtec.cat\/baixllobregat6\/wp-json\/wp\/v2\/posts\/20048","targetHints":{"allow":["GET"]}}],"collection":[{"href":"https:\/\/serveiseducatius.xtec.cat\/baixllobregat6\/wp-json\/wp\/v2\/posts"}],"about":[{"href":"https:\/\/serveiseducatius.xtec.cat\/baixllobregat6\/wp-json\/wp\/v2\/types\/post"}],"author":[{"embeddable":true,"href":"https:\/\/serveiseducatius.xtec.cat\/baixllobregat6\/wp-json\/wp\/v2\/users\/1"}],"replies":[{"embeddable":true,"href":"https:\/\/serveiseducatius.xtec.cat\/baixllobregat6\/wp-json\/wp\/v2\/comments?post=20048"}],"version-history":[{"count":3,"href":"https:\/\/serveiseducatius.xtec.cat\/baixllobregat6\/wp-json\/wp\/v2\/posts\/20048\/revisions"}],"predecessor-version":[{"id":20054,"href":"https:\/\/serveiseducatius.xtec.cat\/baixllobregat6\/wp-json\/wp\/v2\/posts\/20048\/revisions\/20054"}],"wp:featuredmedia":[{"embeddable":true,"href":"https:\/\/serveiseducatius.xtec.cat\/baixllobregat6\/wp-json\/wp\/v2\/media\/20049"}],"wp:attachment":[{"href":"https:\/\/serveiseducatius.xtec.cat\/baixllobregat6\/wp-json\/wp\/v2\/media?parent=20048"}],"wp:term":[{"taxonomy":"category","embeddable":true,"href":"https:\/\/serveiseducatius.xtec.cat\/baixllobregat6\/wp-json\/wp\/v2\/categories?post=20048"},{"taxonomy":"post_tag","embeddable":true,"href":"https:\/\/serveiseducatius.xtec.cat\/baixllobregat6\/wp-json\/wp\/v2\/tags?post=20048"}],"curies":[{"name":"wp","href":"https:\/\/api.w.org\/{rel}","templated":true}]}}