{"id":19925,"date":"2020-11-17T17:20:34","date_gmt":"2020-11-17T16:20:34","guid":{"rendered":"http:\/\/serveiseducatius.xtec.cat\/baixllobregat6\/?p=19925"},"modified":"2020-11-18T12:57:24","modified_gmt":"2020-11-18T11:57:24","slug":"reconeixement-de-projectes-dinnovacio-pedagogica-fins-el-29-1","status":"publish","type":"post","link":"https:\/\/serveiseducatius.xtec.cat\/baixllobregat6\/politicaeducativa\/reconeixement-de-projectes-dinnovacio-pedagogica-fins-el-29-1\/","title":{"rendered":"Reconeixement de projectes d&#8217;innovaci\u00f3 pedag\u00f2gica (fins al 29 de gener del 2021)"},"content":{"rendered":"<p><img loading=\"lazy\" decoding=\"async\" class=\"alignleft wp-image-19926\" src=\"https:\/\/serveiseducatius.xtec.cat\/baixllobregat6\/wp-content\/uploads\/usu778\/2020\/11\/projectesinnovaci\u00f3.png\" alt=\"\" width=\"220\" height=\"175\" \/>El Departament d&#8217;Educaci\u00f3 vol <strong>promoure, recon\u00e8ixer i certificar els projectes d&#8217;innovaci\u00f3 pedag\u00f2gica impulsats des dels centres educatius per millorar la qualitat dels serveis<\/strong>\u00a0que ofereixen contribuint a la millora del sistema educatiu.<\/p>\n<p>Els destinataris de la convocat\u00f2ria s\u00f3n els centres del\u00a0<strong>Servei d\u2019Educaci\u00f3 de Catalunya, p\u00fablics i privats sostinguts amb fons p\u00fablics<\/strong>, que imparteixen ensenyaments d&#8217;educaci\u00f3 infantil i prim\u00e0ria, i\/o d&#8217;educaci\u00f3 secund\u00e0ria obligat\u00f2ria i\/o de batxillerat i\/o de formaci\u00f3 professional inicial i\/o ensenyaments de r\u00e8gim especial i\/o educaci\u00f3 d&#8217;adults.<\/p>\n<p>Els centres educatius interessats a participar en aquesta convocat\u00f2ria han de presentar una mem\u00f2ria d&#8217;un projecte d&#8217;innovaci\u00f3 pedag\u00f2gica que reuneixi els requisits seg\u00fcents:<!--more--><\/p>\n<ul>\n<li style=\"list-style-type: none;\">\n<ul>\n<li>Que el\u00a0<strong>projecte estigui emmarcat en un o m\u00e9s dels tres eixos d&#8217;innovaci\u00f3<\/strong> aprovats per la Comissi\u00f3 d&#8217;Innovaci\u00f3 del Departament d\u2019Educaci\u00f3 amb relaci\u00f3 al reconeixement de la innovaci\u00f3 pedag\u00f2gica:\n<ul>\n<li style=\"list-style-type: none;\">\n<ul>\n<li><span style=\"font-family: inherit; font-size: 1em;\">L\u2019organitzaci\u00f3 i gesti\u00f3 del centre<\/span><\/li>\n<li><span style=\"font-family: inherit; font-size: 1em;\">Metodologies innovadores <\/span><\/li>\n<li><span style=\"font-family: inherit; font-size: 1em;\">Xarxa i ecosistema de la innovaci\u00f3.<\/span><\/li>\n<li style=\"list-style-type: none;\"><\/li>\n<\/ul>\n<\/li>\n<\/ul>\n<\/li>\n<li>Que\u00a0<strong>no hagi estat certificat<\/strong>\u00a0per cap programa d&#8217;innovaci\u00f3 amb anterioritat.<\/li>\n<li>Que tingui l&#8217;<strong>abast de centre i estigui consolidat<\/strong>.<\/li>\n<li>Que s&#8217;hagi desenvolupat segons les<strong>\u00a0fases de la innovaci\u00f3 pedag\u00f2gica\u00a0<\/strong>(disseny, implementaci\u00f3 i consolidaci\u00f3), en un m\u00ednim de 3 cursos en els \u00faltims 5 cursos acad\u00e8mics<\/li>\n<\/ul>\n<\/li>\n<\/ul>\n<p>A fi d&#8217;acreditar aquest programa d&#8217;innovaci\u00f3, cal presentar una sol\u00b7licitud i una mem\u00f2ria del projecte. Trobareu tota la informaci\u00f3 al Portal de Centres seguint la ruta seg\u00fcent:<\/p>\n<ul>\n<li style=\"list-style-type: none;\">\n<ul>\n<li>Inici &gt; Gesti\u00f3 de centres &gt; Innovaci\u00f3 pedag\u00f2gica &gt; <a href=\"https:\/\/espai.educacio.gencat.cat\/Centres\/Innovacio-pedagogica\/Reconeixement-projectes-innovacio\/Pagines\/default.aspx\" target=\"_blank\" rel=\"noopener noreferrer\">Reconeixement de projectes d&#8217;innovaci\u00f3<\/a> (Cal introduir les credencials corporatives per a visualitzar-ho).<\/li>\n<\/ul>\n<\/li>\n<\/ul>\n<p>Tamb\u00e9 podeu trobar tota la convocat\u00f2ria al <a href=\"https:\/\/dogc.gencat.cat\/ca\/pdogc_canals_interns\/pdogc_resultats_fitxa\/?action=fitxa&amp;documentId=886517&amp;language=ca_ES\" target=\"_blank\" rel=\"noopener noreferrer\">DOGC<\/a>.<\/p>\n","protected":false},"excerpt":{"rendered":"<p>El Departament d&#8217;Educaci\u00f3 vol promoure, recon\u00e8ixer i certificar els projectes d&#8217;innovaci\u00f3 pedag\u00f2gica impulsats des dels centres educatius per millorar la qualitat dels serveis\u00a0que ofereixen contribuint a la millora del sistema educatiu. Els destinataris de la convocat\u00f2ria s\u00f3n els centres del\u00a0Servei d\u2019Educaci\u00f3 de Catalunya, p\u00fablics i privats sostinguts amb fons p\u00fablics, que imparteixen ensenyaments d&#8217;educaci\u00f3 infantil [&hellip;]<\/p>\n","protected":false},"author":1,"featured_media":19926,"comment_status":"open","ping_status":"closed","sticky":false,"template":"","format":"standard","meta":{"_bbp_topic_count":0,"_bbp_reply_count":0,"_bbp_total_topic_count":0,"_bbp_total_reply_count":0,"_bbp_voice_count":0,"_bbp_anonymous_reply_count":0,"_bbp_topic_count_hidden":0,"_bbp_reply_count_hidden":0,"_bbp_forum_subforum_count":0,"site-sidebar-layout":"default","site-content-layout":"","ast-site-content-layout":"","site-content-style":"default","site-sidebar-style":"default","ast-global-header-display":"","ast-banner-title-visibility":"","ast-main-header-display":"","ast-hfb-above-header-display":"","ast-hfb-below-header-display":"","ast-hfb-mobile-header-display":"","site-post-title":"","ast-breadcrumbs-content":"","ast-featured-img":"","footer-sml-layout":"","theme-transparent-header-meta":"","adv-header-id-meta":"","stick-header-meta":"","header-above-stick-meta":"","header-main-stick-meta":"","header-below-stick-meta":"","astra-migrate-meta-layouts":"default","ast-page-background-enabled":"default","ast-page-background-meta":{"desktop":{"background-color":"var(--ast-global-color-4)","background-image":"","background-repeat":"repeat","background-position":"center center","background-size":"auto","background-attachment":"scroll","background-type":"","background-media":"","overlay-type":"","overlay-color":"","overlay-opacity":"","overlay-gradient":""},"tablet":{"background-color":"","background-image":"","background-repeat":"repeat","background-position":"center center","background-size":"auto","background-attachment":"scroll","background-type":"","background-media":"","overlay-type":"","overlay-color":"","overlay-opacity":"","overlay-gradient":""},"mobile":{"background-color":"","background-image":"","background-repeat":"repeat","background-position":"center center","background-size":"auto","background-attachment":"scroll","background-type":"","background-media":"","overlay-type":"","overlay-color":"","overlay-opacity":"","overlay-gradient":""}},"ast-content-background-meta":{"desktop":{"background-color":"var(--ast-global-color-5)","background-image":"","background-repeat":"repeat","background-position":"center center","background-size":"auto","background-attachment":"scroll","background-type":"","background-media":"","overlay-type":"","overlay-color":"","overlay-opacity":"","overlay-gradient":""},"tablet":{"background-color":"var(--ast-global-color-5)","background-image":"","background-repeat":"repeat","background-position":"center center","background-size":"auto","background-attachment":"scroll","background-type":"","background-media":"","overlay-type":"","overlay-color":"","overlay-opacity":"","overlay-gradient":""},"mobile":{"background-color":"var(--ast-global-color-5)","background-image":"","background-repeat":"repeat","background-position":"center center","background-size":"auto","background-attachment":"scroll","background-type":"","background-media":"","overlay-type":"","overlay-color":"","overlay-opacity":"","overlay-gradient":""}},"footnotes":""},"categories":[1585,1,29],"tags":[2422,305,2015,2355,2215],"class_list":["post-19925","post","type-post","status-publish","format-standard","has-post-thumbnail","hentry","category-gestio","category-politicaeducativa","category-se-baixllobregat6","tag-dgircd","tag-centres-educatius-2","tag-innovacio-educativa","tag-innovacio-pedagogica","tag-reporteducacio"],"post_mailing_queue_ids":[],"_links":{"self":[{"href":"https:\/\/serveiseducatius.xtec.cat\/baixllobregat6\/wp-json\/wp\/v2\/posts\/19925","targetHints":{"allow":["GET"]}}],"collection":[{"href":"https:\/\/serveiseducatius.xtec.cat\/baixllobregat6\/wp-json\/wp\/v2\/posts"}],"about":[{"href":"https:\/\/serveiseducatius.xtec.cat\/baixllobregat6\/wp-json\/wp\/v2\/types\/post"}],"author":[{"embeddable":true,"href":"https:\/\/serveiseducatius.xtec.cat\/baixllobregat6\/wp-json\/wp\/v2\/users\/1"}],"replies":[{"embeddable":true,"href":"https:\/\/serveiseducatius.xtec.cat\/baixllobregat6\/wp-json\/wp\/v2\/comments?post=19925"}],"version-history":[{"count":3,"href":"https:\/\/serveiseducatius.xtec.cat\/baixllobregat6\/wp-json\/wp\/v2\/posts\/19925\/revisions"}],"predecessor-version":[{"id":19953,"href":"https:\/\/serveiseducatius.xtec.cat\/baixllobregat6\/wp-json\/wp\/v2\/posts\/19925\/revisions\/19953"}],"wp:featuredmedia":[{"embeddable":true,"href":"https:\/\/serveiseducatius.xtec.cat\/baixllobregat6\/wp-json\/wp\/v2\/media\/19926"}],"wp:attachment":[{"href":"https:\/\/serveiseducatius.xtec.cat\/baixllobregat6\/wp-json\/wp\/v2\/media?parent=19925"}],"wp:term":[{"taxonomy":"category","embeddable":true,"href":"https:\/\/serveiseducatius.xtec.cat\/baixllobregat6\/wp-json\/wp\/v2\/categories?post=19925"},{"taxonomy":"post_tag","embeddable":true,"href":"https:\/\/serveiseducatius.xtec.cat\/baixllobregat6\/wp-json\/wp\/v2\/tags?post=19925"}],"curies":[{"name":"wp","href":"https:\/\/api.w.org\/{rel}","templated":true}]}}