{"id":19889,"date":"2020-11-16T14:47:45","date_gmt":"2020-11-16T13:47:45","guid":{"rendered":"http:\/\/serveiseducatius.xtec.cat\/baixllobregat6\/?p=19889"},"modified":"2020-11-17T19:14:08","modified_gmt":"2020-11-17T18:14:08","slug":"les-noves-aventures-de-la-fada-mascareta-i-del-follet-covinet","status":"publish","type":"post","link":"https:\/\/serveiseducatius.xtec.cat\/baixllobregat6\/se-baixllobregat6\/les-noves-aventures-de-la-fada-mascareta-i-del-follet-covinet\/","title":{"rendered":"Les noves aventures de la fada Mascareta i del follet Covinet."},"content":{"rendered":"<div class=\"ast-oembed-container \" style=\"height: 100%;\"><iframe loading=\"lazy\" title=\"Noves aventures de la fada Mascareta i del follet Covinet\" width=\"500\" height=\"281\" src=\"https:\/\/www.youtube.com\/embed\/GNO389zad_A?feature=oembed\" frameborder=\"0\" allow=\"accelerometer; autoplay; clipboard-write; encrypted-media; gyroscope; picture-in-picture; web-share\" referrerpolicy=\"strict-origin-when-cross-origin\" allowfullscreen><\/iframe><\/div>\n<p>L&#8217;<a href=\"https:\/\/escolanova.cat\/\" target=\"_blank\" rel=\"noopener noreferrer\"><strong>Escola Nova de Cervell\u00f3<\/strong><\/a> elabora en format audiovisual una s\u00e8rie de contes adre\u00e7ats als infants i que incorporen les novetats sanit\u00e0ries i organitzatives que s&#8217;han d&#8217;anar adequant a l&#8217;evoluci\u00f3 de la crisi sanit\u00e0ria amb un llenguatge planer per a la mainada. Uns personatges \u201cfant\u00e0stics\u201d s\u00f3n m\u00e9s propers i motivadors pels infants per comprendre consignes tan complexes.<!--more--><\/p>\n<p>Els nens i nenes necessiten anar a l\u2019escola amb molta cura de la part emocional i cal que cuidem molt com els introdu\u00efm aquest tipus d\u2019informacions i cal repensar molt b\u00e9 com podem conviure a l\u2019escola. Cal que aprenguem tots a comunicar-nos des d\u2019uns altres canals sensitius.<\/p>\n<p>Aquests personatges tamb\u00e9 s\u00f3n un element com\u00fa per tots en crear pertinen\u00e7a i xarxes invisibles a trav\u00e9s dels sentits que connecten amb aquests personatges tamb\u00e9 poden forma part com un fil m\u00e9s d\u2019aquest entramat.<\/p>\n<p><strong>M\u00edriam P\u00e9rez Amatriain<\/strong>, directora del centre, \u00e9s l&#8217;autora del\u00a0text i les il\u00b7lustracions<\/p>\n<p>Tot seguit disposeu dels dos cap\u00ectols precedents que eren b\u00e0sicament per acompanyar el proc\u00e9s de retorn a l&#8217;escola despr\u00e9s dels mesos de confinament:<\/p>\n<p><em><strong><a href=\"https:\/\/escolanova.cat\/us-donem-la-benvinguda-al-nou-curs-20-21\/\" target=\"_blank\" rel=\"noopener noreferrer\">Cap\u00edtol 1 La tornada a l&#8217;escola<\/a><\/strong><\/em><br \/>\n<em><strong><a href=\"https:\/\/escolanova.cat\/cuidem-i-respectem-les-emocions-dels-infants\/\" target=\"_blank\" rel=\"noopener noreferrer\">Cap\u00edtol 2 Cuidem i respectem les emocions dels Infants<\/a><\/strong><\/em><\/p>\n","protected":false},"excerpt":{"rendered":"<p>L&#8217;Escola Nova de Cervell\u00f3 elabora en format audiovisual una s\u00e8rie de contes adre\u00e7ats als infants i que incorporen les novetats sanit\u00e0ries i organitzatives que s&#8217;han d&#8217;anar adequant a l&#8217;evoluci\u00f3 de la crisi sanit\u00e0ria amb un llenguatge planer per a la mainada. Uns personatges \u201cfant\u00e0stics\u201d s\u00f3n m\u00e9s propers i motivadors pels infants per comprendre consignes tan [&hellip;]<\/p>\n","protected":false},"author":1,"featured_media":19890,"comment_status":"open","ping_status":"closed","sticky":false,"template":"","format":"standard","meta":{"_bbp_topic_count":0,"_bbp_reply_count":0,"_bbp_total_topic_count":0,"_bbp_total_reply_count":0,"_bbp_voice_count":0,"_bbp_anonymous_reply_count":0,"_bbp_topic_count_hidden":0,"_bbp_reply_count_hidden":0,"_bbp_forum_subforum_count":0,"site-sidebar-layout":"default","site-content-layout":"","ast-site-content-layout":"","site-content-style":"default","site-sidebar-style":"default","ast-global-header-display":"","ast-banner-title-visibility":"","ast-main-header-display":"","ast-hfb-above-header-display":"","ast-hfb-below-header-display":"","ast-hfb-mobile-header-display":"","site-post-title":"","ast-breadcrumbs-content":"","ast-featured-img":"","footer-sml-layout":"","theme-transparent-header-meta":"","adv-header-id-meta":"","stick-header-meta":"","header-above-stick-meta":"","header-main-stick-meta":"","header-below-stick-meta":"","astra-migrate-meta-layouts":"default","ast-page-background-enabled":"default","ast-page-background-meta":{"desktop":{"background-color":"var(--ast-global-color-4)","background-image":"","background-repeat":"repeat","background-position":"center center","background-size":"auto","background-attachment":"scroll","background-type":"","background-media":"","overlay-type":"","overlay-color":"","overlay-opacity":"","overlay-gradient":""},"tablet":{"background-color":"","background-image":"","background-repeat":"repeat","background-position":"center center","background-size":"auto","background-attachment":"scroll","background-type":"","background-media":"","overlay-type":"","overlay-color":"","overlay-opacity":"","overlay-gradient":""},"mobile":{"background-color":"","background-image":"","background-repeat":"repeat","background-position":"center center","background-size":"auto","background-attachment":"scroll","background-type":"","background-media":"","overlay-type":"","overlay-color":"","overlay-opacity":"","overlay-gradient":""}},"ast-content-background-meta":{"desktop":{"background-color":"var(--ast-global-color-5)","background-image":"","background-repeat":"repeat","background-position":"center center","background-size":"auto","background-attachment":"scroll","background-type":"","background-media":"","overlay-type":"","overlay-color":"","overlay-opacity":"","overlay-gradient":""},"tablet":{"background-color":"var(--ast-global-color-5)","background-image":"","background-repeat":"repeat","background-position":"center center","background-size":"auto","background-attachment":"scroll","background-type":"","background-media":"","overlay-type":"","overlay-color":"","overlay-opacity":"","overlay-gradient":""},"mobile":{"background-color":"var(--ast-global-color-5)","background-image":"","background-repeat":"repeat","background-position":"center center","background-size":"auto","background-attachment":"scroll","background-type":"","background-media":"","overlay-type":"","overlay-color":"","overlay-opacity":"","overlay-gradient":""}},"footnotes":""},"categories":[1036,29],"tags":[222,2291,308,360,2259,445,446,503,2215],"class_list":["post-19889","post","type-post","status-publish","format-standard","has-post-thumbnail","hentry","category-activitat-dels-centres","category-se-baixllobregat6","tag-alumnes","tag-centres-educatius-en-linia","tag-cervello","tag-conte","tag-covid19","tag-educacio-per-a-la-salut","tag-educacio-primaria","tag-escola-nova","tag-reporteducacio"],"post_mailing_queue_ids":[],"_links":{"self":[{"href":"https:\/\/serveiseducatius.xtec.cat\/baixllobregat6\/wp-json\/wp\/v2\/posts\/19889","targetHints":{"allow":["GET"]}}],"collection":[{"href":"https:\/\/serveiseducatius.xtec.cat\/baixllobregat6\/wp-json\/wp\/v2\/posts"}],"about":[{"href":"https:\/\/serveiseducatius.xtec.cat\/baixllobregat6\/wp-json\/wp\/v2\/types\/post"}],"author":[{"embeddable":true,"href":"https:\/\/serveiseducatius.xtec.cat\/baixllobregat6\/wp-json\/wp\/v2\/users\/1"}],"replies":[{"embeddable":true,"href":"https:\/\/serveiseducatius.xtec.cat\/baixllobregat6\/wp-json\/wp\/v2\/comments?post=19889"}],"version-history":[{"count":3,"href":"https:\/\/serveiseducatius.xtec.cat\/baixllobregat6\/wp-json\/wp\/v2\/posts\/19889\/revisions"}],"predecessor-version":[{"id":19932,"href":"https:\/\/serveiseducatius.xtec.cat\/baixllobregat6\/wp-json\/wp\/v2\/posts\/19889\/revisions\/19932"}],"wp:featuredmedia":[{"embeddable":true,"href":"https:\/\/serveiseducatius.xtec.cat\/baixllobregat6\/wp-json\/wp\/v2\/media\/19890"}],"wp:attachment":[{"href":"https:\/\/serveiseducatius.xtec.cat\/baixllobregat6\/wp-json\/wp\/v2\/media?parent=19889"}],"wp:term":[{"taxonomy":"category","embeddable":true,"href":"https:\/\/serveiseducatius.xtec.cat\/baixllobregat6\/wp-json\/wp\/v2\/categories?post=19889"},{"taxonomy":"post_tag","embeddable":true,"href":"https:\/\/serveiseducatius.xtec.cat\/baixllobregat6\/wp-json\/wp\/v2\/tags?post=19889"}],"curies":[{"name":"wp","href":"https:\/\/api.w.org\/{rel}","templated":true}]}}