{"id":19776,"date":"2020-11-02T16:05:52","date_gmt":"2020-11-02T15:05:52","guid":{"rendered":"http:\/\/serveiseducatius.xtec.cat\/baixllobregat6\/?p=19776"},"modified":"2020-11-09T10:11:40","modified_gmt":"2020-11-09T09:11:40","slug":"cataleg-daccions-de-dinamica-educativa-pla-educatiu-dentorn-de-sant-vicenc-dels-horts-2020-2021","status":"publish","type":"post","link":"https:\/\/serveiseducatius.xtec.cat\/baixllobregat6\/se-baixllobregat6\/cataleg-daccions-de-dinamica-educativa-pla-educatiu-dentorn-de-sant-vicenc-dels-horts-2020-2021\/","title":{"rendered":"Cat\u00e0leg d&#8217;accions de din\u00e0mica educativa. Pla educatiu d&#8217;entorn de Sant Vicen\u00e7 dels Horts (2020-2021)"},"content":{"rendered":"<h3><a href=\"https:\/\/serveiseducatius.xtec.cat\/baixllobregat6\/wp-content\/uploads\/usu778\/2020\/11\/Captura-de-Pantalla-2020-11-02-a-les-16.12.28.png\"><img loading=\"lazy\" decoding=\"async\" class=\"alignleft wp-image-19782 size-full\" src=\"https:\/\/serveiseducatius.xtec.cat\/baixllobregat6\/wp-content\/uploads\/usu778\/2020\/11\/Captura-de-Pantalla-2020-11-02-a-les-16.12.28.png\" alt=\"\" width=\"1230\" height=\"836\" srcset=\"https:\/\/serveiseducatius.xtec.cat\/baixllobregat6\/wp-content\/uploads\/usu778\/2020\/11\/Captura-de-Pantalla-2020-11-02-a-les-16.12.28.png 1230w, https:\/\/serveiseducatius.xtec.cat\/baixllobregat6\/wp-content\/uploads\/usu778\/2020\/11\/Captura-de-Pantalla-2020-11-02-a-les-16.12.28-520x353.png 520w, https:\/\/serveiseducatius.xtec.cat\/baixllobregat6\/wp-content\/uploads\/usu778\/2020\/11\/Captura-de-Pantalla-2020-11-02-a-les-16.12.28-768x522.png 768w, https:\/\/serveiseducatius.xtec.cat\/baixllobregat6\/wp-content\/uploads\/usu778\/2020\/11\/Captura-de-Pantalla-2020-11-02-a-les-16.12.28-1024x696.png 1024w\" sizes=\"auto, (max-width: 1230px) 100vw, 1230px\" \/><\/a><\/h3>\n<h3><\/h3>\n<h3>\n<p>El cat\u00e0leg de l&#8217;edici\u00f3 2020-2021, adapta en gran manera el conjunt d&#8217;activitats a les necessitats de protecci\u00f3 sanit\u00e0ria sorgides a partir de la crisi de la COVID-19.<\/h3>\n<h3>Disposeu de la versi\u00f3 en pdf del cat\u00e0leg i d&#8217;acc\u00e9s al full d&#8217;inscripcions i de posteriors valoracions.<\/h3>\n<p>&nbsp;<\/p>\n<p><!--more--><br \/>\n<iframe loading=\"lazy\" src=\"https:\/\/drive.google.com\/file\/d\/1paGfOUkAe4puTahFviYfJy2nqN7JIdJ6\/preview\" width=\"800\" height=\"1100\"><\/iframe><br \/>\n<!--more--><\/p>\n<p>Si no coneixeu gaire el Cat\u00e0leg d&#8217;accions de din\u00e0mica educativa de Sant Vicen\u00e7 dels Horts,aquest v\u00eddeo us permetr\u00e0 fer un recorregut des de mitjans dels anys vuitanta del segle XX fins a l&#8217;any 2015.<\/p>\n<p>&nbsp;<\/p>\n<div class=\"ast-oembed-container \" style=\"height: 100%;\"><iframe loading=\"lazy\" title=\"Accions de Dina\u0300mica Educativa a Sant Vicen\u00e7 dels Horts\" width=\"500\" height=\"281\" src=\"https:\/\/www.youtube.com\/embed\/B9LKpRzNavo?feature=oembed\" frameborder=\"0\" allow=\"accelerometer; autoplay; clipboard-write; encrypted-media; gyroscope; picture-in-picture; web-share\" referrerpolicy=\"strict-origin-when-cross-origin\" allowfullscreen><\/iframe><\/div>\n<table style=\"height: 43px; border-color: #000000; width: 764px; background-color: #f2efe6;\" width=\"764\">\n<tbody>\n<tr>\n<td style=\"width: 759.2px;\">\n<h3><a href=\"https:\/\/forms.gle\/JJWCoejVjuzXNWfj9\" target=\"_blank\" rel=\"noopener noreferrer\"><strong>Full d&#8217;inscripci\u00f3\u270d<\/strong><\/a><\/h3>\n<\/td>\n<\/tr>\n<tr>\n<td style=\"width: 759.2px;\">\n<h3><a href=\"https:\/\/forms.gle\/a4maZoQcFyJbVnNC7\" target=\"_blank\" rel=\"noopener noreferrer\"><strong>Fu<\/strong>ll de valoraci\u00f3\u270d<\/a><\/h3>\n<\/td>\n<\/tr>\n<\/tbody>\n<\/table>\n","protected":false},"excerpt":{"rendered":"<p>El cat\u00e0leg de l&#8217;edici\u00f3 2020-2021, adapta en gran manera el conjunt d&#8217;activitats a les necessitats de protecci\u00f3 sanit\u00e0ria sorgides a partir de la crisi de la COVID-19. Disposeu de la versi\u00f3 en pdf del cat\u00e0leg i d&#8217;acc\u00e9s al full d&#8217;inscripcions i de posteriors valoracions. &nbsp;<\/p>\n","protected":false},"author":1,"featured_media":19777,"comment_status":"open","ping_status":"closed","sticky":false,"template":"","format":"standard","meta":{"_bbp_topic_count":0,"_bbp_reply_count":0,"_bbp_total_topic_count":0,"_bbp_total_reply_count":0,"_bbp_voice_count":0,"_bbp_anonymous_reply_count":0,"_bbp_topic_count_hidden":0,"_bbp_reply_count_hidden":0,"_bbp_forum_subforum_count":0,"site-sidebar-layout":"default","site-content-layout":"","ast-site-content-layout":"","site-content-style":"default","site-sidebar-style":"default","ast-global-header-display":"","ast-banner-title-visibility":"","ast-main-header-display":"","ast-hfb-above-header-display":"","ast-hfb-below-header-display":"","ast-hfb-mobile-header-display":"","site-post-title":"","ast-breadcrumbs-content":"","ast-featured-img":"","footer-sml-layout":"","theme-transparent-header-meta":"","adv-header-id-meta":"","stick-header-meta":"","header-above-stick-meta":"","header-main-stick-meta":"","header-below-stick-meta":"","astra-migrate-meta-layouts":"default","ast-page-background-enabled":"default","ast-page-background-meta":{"desktop":{"background-color":"var(--ast-global-color-4)","background-image":"","background-repeat":"repeat","background-position":"center center","background-size":"auto","background-attachment":"scroll","background-type":"","background-media":"","overlay-type":"","overlay-color":"","overlay-opacity":"","overlay-gradient":""},"tablet":{"background-color":"","background-image":"","background-repeat":"repeat","background-position":"center center","background-size":"auto","background-attachment":"scroll","background-type":"","background-media":"","overlay-type":"","overlay-color":"","overlay-opacity":"","overlay-gradient":""},"mobile":{"background-color":"","background-image":"","background-repeat":"repeat","background-position":"center center","background-size":"auto","background-attachment":"scroll","background-type":"","background-media":"","overlay-type":"","overlay-color":"","overlay-opacity":"","overlay-gradient":""}},"ast-content-background-meta":{"desktop":{"background-color":"var(--ast-global-color-5)","background-image":"","background-repeat":"repeat","background-position":"center center","background-size":"auto","background-attachment":"scroll","background-type":"","background-media":"","overlay-type":"","overlay-color":"","overlay-opacity":"","overlay-gradient":""},"tablet":{"background-color":"var(--ast-global-color-5)","background-image":"","background-repeat":"repeat","background-position":"center center","background-size":"auto","background-attachment":"scroll","background-type":"","background-media":"","overlay-type":"","overlay-color":"","overlay-opacity":"","overlay-gradient":""},"mobile":{"background-color":"var(--ast-global-color-5)","background-image":"","background-repeat":"repeat","background-position":"center center","background-size":"auto","background-attachment":"scroll","background-type":"","background-media":"","overlay-type":"","overlay-color":"","overlay-opacity":"","overlay-gradient":""}},"footnotes":""},"categories":[176,75,29],"tags":[220,403,2456,442,2464,2465,2215,907],"class_list":["post-19776","post","type-post","status-publish","format-standard","has-post-thumbnail","hentry","category-dinamica-educativa-sant-vicenc-dels-horts","category-pee020","category-se-baixllobregat6","tag-alumnat","tag-dinamica-educativa","tag-educacio-formal","tag-educacio-no-formal","tag-entorn-educatiu","tag-extraescolars","tag-reporteducacio","tag-sant-vicenc-dels-horts"],"post_mailing_queue_ids":[],"_links":{"self":[{"href":"https:\/\/serveiseducatius.xtec.cat\/baixllobregat6\/wp-json\/wp\/v2\/posts\/19776","targetHints":{"allow":["GET"]}}],"collection":[{"href":"https:\/\/serveiseducatius.xtec.cat\/baixllobregat6\/wp-json\/wp\/v2\/posts"}],"about":[{"href":"https:\/\/serveiseducatius.xtec.cat\/baixllobregat6\/wp-json\/wp\/v2\/types\/post"}],"author":[{"embeddable":true,"href":"https:\/\/serveiseducatius.xtec.cat\/baixllobregat6\/wp-json\/wp\/v2\/users\/1"}],"replies":[{"embeddable":true,"href":"https:\/\/serveiseducatius.xtec.cat\/baixllobregat6\/wp-json\/wp\/v2\/comments?post=19776"}],"version-history":[{"count":4,"href":"https:\/\/serveiseducatius.xtec.cat\/baixllobregat6\/wp-json\/wp\/v2\/posts\/19776\/revisions"}],"predecessor-version":[{"id":19792,"href":"https:\/\/serveiseducatius.xtec.cat\/baixllobregat6\/wp-json\/wp\/v2\/posts\/19776\/revisions\/19792"}],"wp:featuredmedia":[{"embeddable":true,"href":"https:\/\/serveiseducatius.xtec.cat\/baixllobregat6\/wp-json\/wp\/v2\/media\/19777"}],"wp:attachment":[{"href":"https:\/\/serveiseducatius.xtec.cat\/baixllobregat6\/wp-json\/wp\/v2\/media?parent=19776"}],"wp:term":[{"taxonomy":"category","embeddable":true,"href":"https:\/\/serveiseducatius.xtec.cat\/baixllobregat6\/wp-json\/wp\/v2\/categories?post=19776"},{"taxonomy":"post_tag","embeddable":true,"href":"https:\/\/serveiseducatius.xtec.cat\/baixllobregat6\/wp-json\/wp\/v2\/tags?post=19776"}],"curies":[{"name":"wp","href":"https:\/\/api.w.org\/{rel}","templated":true}]}}