{"id":19744,"date":"2020-10-27T15:38:13","date_gmt":"2020-10-27T14:38:13","guid":{"rendered":"http:\/\/serveiseducatius.xtec.cat\/baixllobregat6\/?p=19744"},"modified":"2020-10-27T15:50:28","modified_gmt":"2020-10-27T14:50:28","slug":"avaluar-es-aprendre-lavaluacio-per-millorar-els-aprenentatges-de-lalumnat-en-el-marc-del-curriculum-per-competencies","status":"publish","type":"post","link":"https:\/\/serveiseducatius.xtec.cat\/baixllobregat6\/politicaeducativa\/avaluar-es-aprendre-lavaluacio-per-millorar-els-aprenentatges-de-lalumnat-en-el-marc-del-curriculum-per-competencies\/","title":{"rendered":"&#8220;Avaluar \u00e9s aprendre&#8221;. L\u2019avaluaci\u00f3 per millorar els aprenentatges de l\u2019alumnat en el marc del curr\u00edculum per compet\u00e8ncies. Una proposta de Neus Sanmart\u00ed"},"content":{"rendered":"<p><a href=\"https:\/\/serveiseducatius.xtec.cat\/baixllobregat6\/wp-content\/uploads\/usu778\/2020\/10\/Captura-de-Pantalla-2020-10-27-a-les-15.35.08.png\"><img loading=\"lazy\" decoding=\"async\" class=\"alignleft wp-image-19746 size-thumbnail\" src=\"https:\/\/serveiseducatius.xtec.cat\/baixllobregat6\/wp-content\/uploads\/usu778\/2020\/10\/Captura-de-Pantalla-2020-10-27-a-les-15.35.08-150x150.png\" alt=\"Neus Sanmart\u00ed, autora de la proposta\" width=\"150\" height=\"150\" \/><\/a>L\u2019any 2010, el Departament d\u2019Educaci\u00f3 va publicar un document d\u2019orientacions sobre l\u2019avaluaci\u00f3 per millorar els aprenentatges de l\u2019alumnat en el marc del curr\u00edculum per compet\u00e8ncies que havia encarregat a la professora Neus Sanmart\u00ed, de la Universitat Aut\u00f2noma de Barcelona (UAB), experta en avaluaci\u00f3 formativa. L\u2019any 2020, l\u2019autora ha revisat i actualitzat aquest document.<\/p>\n<p>A continuaci\u00f3 us posem a l&#8217;abast aquesta publicaci\u00f3 del Departament d&#8217;Educaci\u00f3 i que va acompanyada d&#8217;un v\u00eddeo en el qual la mateixa autora fa la presentaci\u00f3 de l&#8217;obra.<br \/>\n<!--more--><\/p>\n<p><iframe loading=\"lazy\" src=\"https:\/\/drive.google.com\/file\/d\/1ltHrQgufCLFhUkiWe_SgKEeLCukhQGGK\/preview\" width=\"800\" height=\"1100&lt;div class=\"><\/p>\n<figure id=\"attachment_19746\" aria-describedby=\"caption-attachment-19746\" style=\"width: 925px\" class=\"wp-caption aligncenter\"><a href=\"https:\/\/serveiseducatius.xtec.cat\/baixllobregat6\/wp-content\/uploads\/usu778\/2020\/10\/Captura-de-Pantalla-2020-10-27-a-les-15.35.08.png\"><img loading=\"lazy\" decoding=\"async\" src=\"https:\/\/serveiseducatius.xtec.cat\/baixllobregat6\/wp-content\/uploads\/usu778\/2020\/10\/Captura-de-Pantalla-2020-10-27-a-les-15.35.08-925x1024.png\" alt=\"Neus Sanmart\u00ed, autora de la proposta\" width=\"925\" height=\"1024\" class=\"size-large wp-image-19746\" srcset=\"https:\/\/serveiseducatius.xtec.cat\/baixllobregat6\/wp-content\/uploads\/usu778\/2020\/10\/Captura-de-Pantalla-2020-10-27-a-les-15.35.08-925x1024.png 925w, https:\/\/serveiseducatius.xtec.cat\/baixllobregat6\/wp-content\/uploads\/usu778\/2020\/10\/Captura-de-Pantalla-2020-10-27-a-les-15.35.08-470x520.png 470w, https:\/\/serveiseducatius.xtec.cat\/baixllobregat6\/wp-content\/uploads\/usu778\/2020\/10\/Captura-de-Pantalla-2020-10-27-a-les-15.35.08-768x850.png 768w, https:\/\/serveiseducatius.xtec.cat\/baixllobregat6\/wp-content\/uploads\/usu778\/2020\/10\/Captura-de-Pantalla-2020-10-27-a-les-15.35.08.png 1272w\" sizes=\"auto, (max-width: 925px) 100vw, 925px\" \/><\/a><figcaption id=\"caption-attachment-19746\" class=\"wp-caption-text\">Neus Sanmart\u00ed, autora de la proposta<\/figcaption><\/figure>\n<p>&#8220;&gt;<\/p>\n<p>&nbsp;<\/p>\n<p>&nbsp;<\/p>\n<p><\/iframe><\/p>\n<p><iframe loading=\"lazy\" src=\"https:\/\/drive.google.com\/file\/d\/1rUbZquHkpC-hTVt-26aSiKaHix238AE6\/preview\" width=\"640\" height=\"480\"><\/iframe><\/p>\n","protected":false},"excerpt":{"rendered":"<p>L\u2019any 2010, el Departament d\u2019Educaci\u00f3 va publicar un document d\u2019orientacions sobre l\u2019avaluaci\u00f3 per millorar els aprenentatges de l\u2019alumnat en el marc del curr\u00edculum per compet\u00e8ncies que havia encarregat a la professora Neus Sanmart\u00ed, de la Universitat Aut\u00f2noma de Barcelona (UAB), experta en avaluaci\u00f3 formativa. L\u2019any 2020, l\u2019autora ha revisat i actualitzat aquest document. A continuaci\u00f3 [&hellip;]<\/p>\n","protected":false},"author":1,"featured_media":19746,"comment_status":"open","ping_status":"closed","sticky":false,"template":"","format":"standard","meta":{"_bbp_topic_count":0,"_bbp_reply_count":0,"_bbp_total_topic_count":0,"_bbp_total_reply_count":0,"_bbp_voice_count":0,"_bbp_anonymous_reply_count":0,"_bbp_topic_count_hidden":0,"_bbp_reply_count_hidden":0,"_bbp_forum_subforum_count":0,"site-sidebar-layout":"default","site-content-layout":"","ast-site-content-layout":"","site-content-style":"default","site-sidebar-style":"default","ast-global-header-display":"","ast-banner-title-visibility":"","ast-main-header-display":"","ast-hfb-above-header-display":"","ast-hfb-below-header-display":"","ast-hfb-mobile-header-display":"","site-post-title":"","ast-breadcrumbs-content":"","ast-featured-img":"","footer-sml-layout":"","theme-transparent-header-meta":"","adv-header-id-meta":"","stick-header-meta":"","header-above-stick-meta":"","header-main-stick-meta":"","header-below-stick-meta":"","astra-migrate-meta-layouts":"default","ast-page-background-enabled":"default","ast-page-background-meta":{"desktop":{"background-color":"var(--ast-global-color-4)","background-image":"","background-repeat":"repeat","background-position":"center center","background-size":"auto","background-attachment":"scroll","background-type":"","background-media":"","overlay-type":"","overlay-color":"","overlay-opacity":"","overlay-gradient":""},"tablet":{"background-color":"","background-image":"","background-repeat":"repeat","background-position":"center center","background-size":"auto","background-attachment":"scroll","background-type":"","background-media":"","overlay-type":"","overlay-color":"","overlay-opacity":"","overlay-gradient":""},"mobile":{"background-color":"","background-image":"","background-repeat":"repeat","background-position":"center center","background-size":"auto","background-attachment":"scroll","background-type":"","background-media":"","overlay-type":"","overlay-color":"","overlay-opacity":"","overlay-gradient":""}},"ast-content-background-meta":{"desktop":{"background-color":"var(--ast-global-color-5)","background-image":"","background-repeat":"repeat","background-position":"center center","background-size":"auto","background-attachment":"scroll","background-type":"","background-media":"","overlay-type":"","overlay-color":"","overlay-opacity":"","overlay-gradient":""},"tablet":{"background-color":"var(--ast-global-color-5)","background-image":"","background-repeat":"repeat","background-position":"center center","background-size":"auto","background-attachment":"scroll","background-type":"","background-media":"","overlay-type":"","overlay-color":"","overlay-opacity":"","overlay-gradient":""},"mobile":{"background-color":"var(--ast-global-color-5)","background-image":"","background-repeat":"repeat","background-position":"center center","background-size":"auto","background-attachment":"scroll","background-type":"","background-media":"","overlay-type":"","overlay-color":"","overlay-opacity":"","overlay-gradient":""}},"footnotes":""},"categories":[1586,1927,1,29],"tags":[236,262,446,447,2461,2215,2372],"class_list":["post-19744","post","type-post","status-publish","format-standard","has-post-thumbnail","hentry","category-avaluacio","category-curriculum","category-politicaeducativa","category-se-baixllobregat6","tag-aprenentatge","tag-avaluacio","tag-educacio-primaria","tag-educacio-secundaria","tag-neus-sanmarti","tag-reporteducacio","tag-xarxa-de-competencies-basiques"],"post_mailing_queue_ids":[],"_links":{"self":[{"href":"https:\/\/serveiseducatius.xtec.cat\/baixllobregat6\/wp-json\/wp\/v2\/posts\/19744","targetHints":{"allow":["GET"]}}],"collection":[{"href":"https:\/\/serveiseducatius.xtec.cat\/baixllobregat6\/wp-json\/wp\/v2\/posts"}],"about":[{"href":"https:\/\/serveiseducatius.xtec.cat\/baixllobregat6\/wp-json\/wp\/v2\/types\/post"}],"author":[{"embeddable":true,"href":"https:\/\/serveiseducatius.xtec.cat\/baixllobregat6\/wp-json\/wp\/v2\/users\/1"}],"replies":[{"embeddable":true,"href":"https:\/\/serveiseducatius.xtec.cat\/baixllobregat6\/wp-json\/wp\/v2\/comments?post=19744"}],"version-history":[{"count":3,"href":"https:\/\/serveiseducatius.xtec.cat\/baixllobregat6\/wp-json\/wp\/v2\/posts\/19744\/revisions"}],"predecessor-version":[{"id":19752,"href":"https:\/\/serveiseducatius.xtec.cat\/baixllobregat6\/wp-json\/wp\/v2\/posts\/19744\/revisions\/19752"}],"wp:featuredmedia":[{"embeddable":true,"href":"https:\/\/serveiseducatius.xtec.cat\/baixllobregat6\/wp-json\/wp\/v2\/media\/19746"}],"wp:attachment":[{"href":"https:\/\/serveiseducatius.xtec.cat\/baixllobregat6\/wp-json\/wp\/v2\/media?parent=19744"}],"wp:term":[{"taxonomy":"category","embeddable":true,"href":"https:\/\/serveiseducatius.xtec.cat\/baixllobregat6\/wp-json\/wp\/v2\/categories?post=19744"},{"taxonomy":"post_tag","embeddable":true,"href":"https:\/\/serveiseducatius.xtec.cat\/baixllobregat6\/wp-json\/wp\/v2\/tags?post=19744"}],"curies":[{"name":"wp","href":"https:\/\/api.w.org\/{rel}","templated":true}]}}