{"id":19686,"date":"2020-10-08T10:14:02","date_gmt":"2020-10-08T08:14:02","guid":{"rendered":"http:\/\/serveiseducatius.xtec.cat\/baixllobregat6\/?p=19686"},"modified":"2020-10-20T18:01:31","modified_gmt":"2020-10-20T16:01:31","slug":"expressat-amb-flipgrid-taller-virtual-de-dues-hores-obertes-les-inscripcions-fins-al-22-doctubre","status":"publish","type":"post","link":"https:\/\/serveiseducatius.xtec.cat\/baixllobregat6\/se-baixllobregat6\/expressat-amb-flipgrid-taller-virtual-de-dues-hores-obertes-les-inscripcions-fins-al-22-doctubre\/","title":{"rendered":"Expressa\u2019t amb Flipgrid. Taller virtual de dues hores."},"content":{"rendered":"<p><strong><a href=\"https:\/\/serveiseducatius.xtec.cat\/baixllobregat6\/wp-content\/uploads\/usu778\/2020\/10\/flipbaixa.png\"><img loading=\"lazy\" decoding=\"async\" class=\"alignleft wp-image-19687 \" src=\"https:\/\/serveiseducatius.xtec.cat\/baixllobregat6\/wp-content\/uploads\/usu778\/2020\/10\/flipbaixa.png\" alt=\"\" width=\"614\" height=\"238\" \/><\/a>Flipgrid<\/strong> \u00e9s una plataforma d\u2019aprenentatge social que permet als docents i als estudiants interactuar mitjan\u00e7ant el v\u00eddeo. L\u2019eina presenta dues opcions: <a href=\"https:\/\/info.flipgrid.com\/\">Flipgrid Class,<\/a>\u00a0on cal registrar-s\u2019hi i pagar una quota i, <a href=\"https:\/\/info.flipgrid.com\/signup\/\">Flipgrid One<\/a>, que \u00e9s de franc.<\/p>\n<p>Una de les prestacions que t\u00e9 \u00e9s que la plataforma permet implementar-se conjuntament amb Microsoft Educaci\u00f3 i amb \u00a0Skype Classroom. Tamb\u00e9 es pot treballar amb els dos sistemes operatius m\u00f2bils m\u00e9s habituals: el\u00a0<a href=\"https:\/\/play.google.com\/store\/apps\/details?id=com.vidku.app.flipgrid\">Flipgrid Android<\/a> i el <a href=\"https:\/\/itunes.apple.com\/us\/app\/flipgrid.\/id756972930?mt=8&amp;ign-mpt=uo%3D4\">Flipgrid IOS<\/a>.<\/p>\n<p>Flipgrid permet plantejar preguntes i que un grup tancat (les persones que disposin d\u2019un enlla\u00e7) pugui respondre,<\/p>\n<p><a href=\"https:\/\/info.flipgrid.com\/\"><strong>Flipgrid<\/strong><\/a>\u00a0et permet elaborar q\u00fcestionaris i permet enregistrar les respostes i el parer sobre qualsevol aspecte a tractar.<\/p>\n<ul>\n<li>Desenvolupa la capacitat d\u2019expressi\u00f3 dels alumnes los estudiantes<\/li>\n<li>Contribueix a donar suport a un proc\u00e9s avaluador<\/li>\n<li>Permet disposar del parer generals d\u2019un grup sobre un aspecte concret<\/li>\n<li>Augmenta les possibilitats d\u2019an\u00e0lisi sobre cada \u201cgrid\u201d<\/li>\n<li>Es fa part\u00edcip l\u2019alumnat en processos de presa de decisions<\/li>\n<\/ul>\n<p><!--more--><\/p>\n<p>L&#8217;activitat formativa que se us presenta, ja no disposa\u00a0 de places.<\/p>\n<table border=\"0\" cellspacing=\"0\" cellpadding=\"0\">\n<tbody>\n<tr>\n<td align=\"RIGHT\" valign=\"TOP\" width=\"160\"><b><span style=\"font-family: arial, helvetica, geneva; font-size: small;\">3000290503\u00a0\u00a0<\/span><\/b><\/td>\n<td valign=\"TOP\"><span style=\"font-family: arial, helvetica, geneva; font-size: small;\">Expressa\u2019t amb Flipgrid<\/span><\/td>\n<\/tr>\n<tr>\n<td align=\"RIGHT\" valign=\"TOP\"><b><span style=\"font-family: arial, helvetica, geneva; font-size: small;\">2020-2021\u00a0\u00a0<\/span><\/b><\/td>\n<td valign=\"TOP\"><span style=\"font-family: arial, helvetica, geneva; font-size: small;\">Confer\u00e8ncia. Prim\u00e0ria-Secund\u00e0ria<\/span><\/td>\n<\/tr>\n<tr>\n<td align=\"RIGHT\" valign=\"TOP\"><b><span style=\"font-family: arial, helvetica, geneva; font-size: small;\">\u00a0\u00a0<\/span><\/b><\/td>\n<td valign=\"TOP\"><\/td>\n<\/tr>\n<tr>\n<td align=\"RIGHT\" valign=\"TOP\"><b><span style=\"font-family: arial, helvetica, geneva; font-size: small;\">\u00a0\u00a0<\/span><\/b><\/td>\n<td valign=\"TOP\"><span style=\"font-family: arial, helvetica, geneva; font-size: small;\">22\/10\/2020 &#8211; 22\/10\/2020 (2 hores)\u00a0de\u00a017:30h a 19:30h<\/span><\/td>\n<\/tr>\n<tr>\n<td align=\"RIGHT\" valign=\"TOP\"><b><span style=\"font-family: arial, helvetica, geneva; font-size: small;\">\u00a0\u00a0<\/span><\/b><\/td>\n<td valign=\"TOP\"><span style=\"font-family: arial, helvetica, geneva; font-size: small;\">VT Curs a dist\u00e0ncia<\/span><\/td>\n<\/tr>\n<tr>\n<td align=\"RIGHT\" valign=\"TOP\"><b><span style=\"font-family: arial, helvetica, geneva; font-size: small;\">\u00a0\u00a0<\/span><\/b><\/td>\n<td valign=\"TOP\"><span style=\"font-family: arial, helvetica, geneva; font-size: small;\">_\u00a0(A dist\u00e0ncia)\u00a0<\/span><\/td>\n<\/tr>\n<tr>\n<td align=\"RIGHT\" valign=\"TOP\"><b><span style=\"font-family: arial, helvetica, geneva; font-size: small;\">\u00a0\u00a0<\/span><\/b><\/td>\n<td valign=\"TOP\"><span style=\"font-family: arial, helvetica, geneva; font-size: small;\">\u201cActivitat en format virtual\u201d<\/span><\/td>\n<\/tr>\n<tr>\n<td><\/td>\n<td><\/td>\n<\/tr>\n<tr>\n<td align=\"RIGHT\" valign=\"TOP\"><b><span style=\"font-family: arial, helvetica, geneva; font-size: small;\">Inscripci\u00f3\u00a0\u00a0<\/span><\/b><\/td>\n<td valign=\"TOP\"><span style=\"font-family: arial, helvetica, geneva; font-size: small;\">01\/09\/2020 &#8211; 22\/10\/2020<\/span><\/td>\n<\/tr>\n<tr>\n<td align=\"RIGHT\" valign=\"TOP\"><b><span style=\"font-family: arial, helvetica, geneva; font-size: small;\">\u00a0\u00a0<\/span><\/b><\/td>\n<td valign=\"TOP\"><\/td>\n<\/tr>\n<tr>\n<td align=\"RIGHT\" valign=\"TOP\"><b><span style=\"font-family: arial, helvetica, geneva; font-size: small;\">Persones destinat\u00e0ries\u00a0\u00a0<\/span><\/b><\/td>\n<td valign=\"TOP\"><span style=\"font-family: arial, helvetica, geneva; font-size: small;\">Docents. Internivell.<\/span><\/td>\n<\/tr>\n<tr>\n<td><\/td>\n<td><\/td>\n<\/tr>\n<tr>\n<td align=\"RIGHT\" valign=\"TOP\"><b><span style=\"font-family: arial, helvetica, geneva; font-size: small;\">Certificaci\u00f3\u00a0\u00a0<\/span><\/b><\/td>\n<td valign=\"TOP\"><span style=\"font-family: arial, helvetica, geneva; font-size: small;\">Per les caracter\u00edstiques d&#8217;aquesta activitat, no es lliurar\u00e0 certificat d&#8217;assist\u00e8ncia<\/span><\/td>\n<\/tr>\n<tr>\n<td><\/td>\n<td><\/td>\n<\/tr>\n<tr>\n<td align=\"RIGHT\" valign=\"TOP\"><b><span style=\"font-family: arial, helvetica, geneva; font-size: small;\">Descripci\u00f3\u00a0\u00a0<\/span><\/b><\/td>\n<td valign=\"TOP\"><span style=\"font-family: arial, helvetica, geneva; font-size: small;\">La idea principal ser\u00e0 presentar l&#8217;eina Flipgrid com un recurs per afavorir la millora de la compet\u00e8ncia comunicativa i fomentar l&#8217;aprenentatge a partir de la reflexi\u00f3.<\/span><\/td>\n<\/tr>\n<tr>\n<td><\/td>\n<td><\/td>\n<\/tr>\n<tr>\n<td align=\"RIGHT\" valign=\"TOP\"><b><span style=\"font-family: arial, helvetica, geneva; font-size: small;\">Objectius\u00a0\u00a0<\/span><\/b><\/td>\n<td valign=\"TOP\"><span style=\"font-family: arial, helvetica, geneva; font-size: small;\">-Promoure la capacitaci\u00f3 de professorat a trav\u00e9s de el disseny i posada en pr\u00e0ctica de projectes d&#8217;aprenentatge amb L\u2019eina Flipgrid.<br \/>\n-Propiciar la interacci\u00f3 dels docents a trav\u00e9s de la formaci\u00f3 i la construcci\u00f3 d&#8217;una comunitat de bones pr\u00e0ctiques al voltant de L\u2019eina.<br \/>\n&#8211; Con\u00e8ixer, comprendre, analitzar i reflexionar sobre l\u2019eina, les seves implicacions, avantatges, problemes derivats de la seva implementaci\u00f3.<br \/>\n&#8211; Comprendre i reflexionar sobre el rol de professor i l&#8217;alumne, analitzar les implicacions metodol\u00f2giques de la seva implementaci\u00f3 a l&#8217;aula.<br \/>\n&#8211; Reflexionar i compartir diferents propostes d\u2019implementacions.<\/span><\/td>\n<\/tr>\n<tr>\n<td><\/td>\n<td><\/td>\n<\/tr>\n<tr>\n<td align=\"RIGHT\" valign=\"TOP\"><b><span style=\"font-family: arial, helvetica, geneva; font-size: small;\">Continguts\u00a0\u00a0<\/span><\/b><\/td>\n<td valign=\"TOP\"><span style=\"font-family: arial, helvetica, geneva; font-size: small;\">&#8211; Aproximaci\u00f3 i Coneixement de L\u2019eina Flipgrid.<br \/>\n\u2022 Flipgrid i la seva relaci\u00f3 amb metodologies did\u00e0ctiques significatives.<br \/>\n\u2022 Disseny d&#8217;activitats amb L\u2019eina i aprofitament dels recursos que ofereix.<\/span><\/td>\n<\/tr>\n<tr>\n<td><\/td>\n<td><\/td>\n<\/tr>\n<tr>\n<td align=\"RIGHT\" valign=\"TOP\"><b><span style=\"font-family: arial, helvetica, geneva; font-size: small;\">Formador\/a\u00a0\u00a0<\/span><\/b><\/td>\n<td valign=\"TOP\"><span style=\"font-family: arial, helvetica, geneva; font-size: small;\">\u00d3scar de Paula Rivera<\/span><\/td>\n<\/tr>\n<tr>\n<td><\/td>\n<td><\/td>\n<\/tr>\n<tr>\n<td align=\"RIGHT\" valign=\"TOP\"><b><span style=\"font-family: arial, helvetica, geneva; font-size: small;\">Organitzaci\u00f3\u00a0\u00a0<\/span><\/b><\/td>\n<td valign=\"TOP\"><span style=\"font-family: arial, helvetica, geneva; font-size: small;\">ST al Baix Llobregat<\/span><\/td>\n<\/tr>\n<tr>\n<td><\/td>\n<td><\/td>\n<\/tr>\n<tr>\n<td align=\"RIGHT\" valign=\"TOP\"><b><span style=\"font-family: arial, helvetica, geneva; font-size: small;\">E-mail\u00a0\u00a0<\/span><\/b><\/td>\n<td valign=\"TOP\"><span style=\"font-family: arial, helvetica, geneva; font-size: small;\"><a href=\"mailto:dtbaix@xtec.cat?subject=Informaci%C3%B3%20sobre%20activitat%203000290503%20\/%202020-2021\">dtbaix@xtec.cat<\/a><\/span><\/td>\n<\/tr>\n<\/tbody>\n<\/table>\n","protected":false},"excerpt":{"rendered":"<p>Flipgrid \u00e9s una plataforma d\u2019aprenentatge social que permet als docents i als estudiants interactuar mitjan\u00e7ant el v\u00eddeo. L\u2019eina presenta dues opcions: Flipgrid Class,\u00a0on cal registrar-s\u2019hi i pagar una quota i, Flipgrid One, que \u00e9s de franc. Una de les prestacions que t\u00e9 \u00e9s que la plataforma permet implementar-se conjuntament amb Microsoft Educaci\u00f3 i amb \u00a0Skype [&hellip;]<\/p>\n","protected":false},"author":1,"featured_media":19687,"comment_status":"open","ping_status":"closed","sticky":false,"template":"","format":"standard","meta":{"_bbp_topic_count":0,"_bbp_reply_count":0,"_bbp_total_topic_count":0,"_bbp_total_reply_count":0,"_bbp_voice_count":0,"_bbp_anonymous_reply_count":0,"_bbp_topic_count_hidden":0,"_bbp_reply_count_hidden":0,"_bbp_forum_subforum_count":0,"site-sidebar-layout":"default","site-content-layout":"","ast-site-content-layout":"","site-content-style":"default","site-sidebar-style":"default","ast-global-header-display":"","ast-banner-title-visibility":"","ast-main-header-display":"","ast-hfb-above-header-display":"","ast-hfb-below-header-display":"","ast-hfb-mobile-header-display":"","site-post-title":"","ast-breadcrumbs-content":"","ast-featured-img":"","footer-sml-layout":"","theme-transparent-header-meta":"","adv-header-id-meta":"","stick-header-meta":"","header-above-stick-meta":"","header-main-stick-meta":"","header-below-stick-meta":"","astra-migrate-meta-layouts":"default","ast-page-background-enabled":"default","ast-page-background-meta":{"desktop":{"background-color":"var(--ast-global-color-4)","background-image":"","background-repeat":"repeat","background-position":"center center","background-size":"auto","background-attachment":"scroll","background-type":"","background-media":"","overlay-type":"","overlay-color":"","overlay-opacity":"","overlay-gradient":""},"tablet":{"background-color":"","background-image":"","background-repeat":"repeat","background-position":"center center","background-size":"auto","background-attachment":"scroll","background-type":"","background-media":"","overlay-type":"","overlay-color":"","overlay-opacity":"","overlay-gradient":""},"mobile":{"background-color":"","background-image":"","background-repeat":"repeat","background-position":"center center","background-size":"auto","background-attachment":"scroll","background-type":"","background-media":"","overlay-type":"","overlay-color":"","overlay-opacity":"","overlay-gradient":""}},"ast-content-background-meta":{"desktop":{"background-color":"var(--ast-global-color-5)","background-image":"","background-repeat":"repeat","background-position":"center center","background-size":"auto","background-attachment":"scroll","background-type":"","background-media":"","overlay-type":"","overlay-color":"","overlay-opacity":"","overlay-gradient":""},"tablet":{"background-color":"var(--ast-global-color-5)","background-image":"","background-repeat":"repeat","background-position":"center center","background-size":"auto","background-attachment":"scroll","background-type":"","background-media":"","overlay-type":"","overlay-color":"","overlay-opacity":"","overlay-gradient":""},"mobile":{"background-color":"var(--ast-global-color-5)","background-image":"","background-repeat":"repeat","background-position":"center center","background-size":"auto","background-attachment":"scroll","background-type":"","background-media":"","overlay-type":"","overlay-color":"","overlay-opacity":"","overlay-gradient":""}},"footnotes":""},"categories":[29],"tags":[222,2074,2448,1515,1720,2215,1319],"class_list":["post-19686","post","type-post","status-publish","format-standard","has-post-thumbnail","hentry","category-se-baixllobregat6","tag-alumnes","tag-cultura-digital","tag-e-mobile","tag-professors","tag-recursos-didactics","tag-reporteducacio","tag-video"],"post_mailing_queue_ids":[],"_links":{"self":[{"href":"https:\/\/serveiseducatius.xtec.cat\/baixllobregat6\/wp-json\/wp\/v2\/posts\/19686","targetHints":{"allow":["GET"]}}],"collection":[{"href":"https:\/\/serveiseducatius.xtec.cat\/baixllobregat6\/wp-json\/wp\/v2\/posts"}],"about":[{"href":"https:\/\/serveiseducatius.xtec.cat\/baixllobregat6\/wp-json\/wp\/v2\/types\/post"}],"author":[{"embeddable":true,"href":"https:\/\/serveiseducatius.xtec.cat\/baixllobregat6\/wp-json\/wp\/v2\/users\/1"}],"replies":[{"embeddable":true,"href":"https:\/\/serveiseducatius.xtec.cat\/baixllobregat6\/wp-json\/wp\/v2\/comments?post=19686"}],"version-history":[{"count":3,"href":"https:\/\/serveiseducatius.xtec.cat\/baixllobregat6\/wp-json\/wp\/v2\/posts\/19686\/revisions"}],"predecessor-version":[{"id":19710,"href":"https:\/\/serveiseducatius.xtec.cat\/baixllobregat6\/wp-json\/wp\/v2\/posts\/19686\/revisions\/19710"}],"wp:featuredmedia":[{"embeddable":true,"href":"https:\/\/serveiseducatius.xtec.cat\/baixllobregat6\/wp-json\/wp\/v2\/media\/19687"}],"wp:attachment":[{"href":"https:\/\/serveiseducatius.xtec.cat\/baixllobregat6\/wp-json\/wp\/v2\/media?parent=19686"}],"wp:term":[{"taxonomy":"category","embeddable":true,"href":"https:\/\/serveiseducatius.xtec.cat\/baixllobregat6\/wp-json\/wp\/v2\/categories?post=19686"},{"taxonomy":"post_tag","embeddable":true,"href":"https:\/\/serveiseducatius.xtec.cat\/baixllobregat6\/wp-json\/wp\/v2\/tags?post=19686"}],"curies":[{"name":"wp","href":"https:\/\/api.w.org\/{rel}","templated":true}]}}