{"id":19676,"date":"2020-10-06T22:02:03","date_gmt":"2020-10-06T20:02:03","guid":{"rendered":"http:\/\/serveiseducatius.xtec.cat\/baixllobregat6\/?p=19676"},"modified":"2020-10-06T22:06:07","modified_gmt":"2020-10-06T20:06:07","slug":"la-seccio-filologica-de-liec-inclou-en-el-diccionari-de-la-llengua-catalana-de-liec-diec2-catorze-paraules-noves-i-en-modifica-disset-sobre-el-lexic-lgtbi","status":"publish","type":"post","link":"https:\/\/serveiseducatius.xtec.cat\/baixllobregat6\/se-baixllobregat6\/la-seccio-filologica-de-liec-inclou-en-el-diccionari-de-la-llengua-catalana-de-liec-diec2-catorze-paraules-noves-i-en-modifica-disset-sobre-el-lexic-lgtbi\/","title":{"rendered":"La Secci\u00f3 Filol\u00f2gica de l\u2019IEC inclou en el Diccionari de la llengua catalana de l\u2019IEC (DIEC2) catorze paraules noves i en modifica disset sobre el l\u00e8xic LGTBI"},"content":{"rendered":"<p><a href=\"https:\/\/serveiseducatius.xtec.cat\/baixllobregat6\/wp-content\/uploads\/usu778\/2020\/10\/iec-claustre-760x428.jpg\"><img loading=\"lazy\" decoding=\"async\" class=\"aligncenter size-full wp-image-19677\" src=\"https:\/\/serveiseducatius.xtec.cat\/baixllobregat6\/wp-content\/uploads\/usu778\/2020\/10\/iec-claustre-760x428.jpg\" alt=\"\" width=\"760\" height=\"428\" srcset=\"https:\/\/serveiseducatius.xtec.cat\/baixllobregat6\/wp-content\/uploads\/usu778\/2020\/10\/iec-claustre-760x428.jpg 760w, https:\/\/serveiseducatius.xtec.cat\/baixllobregat6\/wp-content\/uploads\/usu778\/2020\/10\/iec-claustre-760x428-520x293.jpg 520w\" sizes=\"auto, (max-width: 760px) 100vw, 760px\" \/><\/a><\/p>\n<p>A la I Trobada Ampliada de l\u2019Acad\u00e8mia Oberta als Mitjans de Comunicaci\u00f3 de la Secci\u00f3 Filol\u00f2gica de l\u2019Institut d\u2019Estudis Catalans, celebrada aquest dimarts a la Sala Prat de la Riba de l\u2019IEC, s\u2019han anunciat els catorze articles nous i els disset modificats que el DIEC2 inclou en la seva versi\u00f3 en l\u00ednia.<\/p>\n<p>El document, aprovat per la Secci\u00f3 Filol\u00f2gica en el Ple del 18 de setembre de 2020, ha partit de la proposta que l\u2019associaci\u00f3 Castell\u00f3 LGTBI va fer arribar a l\u2019acad\u00e8mia de la llengua catalana el desembre del 2018. En aquell document, l\u2019associaci\u00f3 proposava la incorporaci\u00f3 de noves paraules i la modificaci\u00f3 d\u2019algunes ja existents sobre l\u00e8xic LGTBI al DIEC2.<!--more--><\/p>\n<p>A partir de la proposta, la Secci\u00f3 Filol\u00f2gica ha estudiat i ha treballat aquest material segons els criteris lexicogr\u00e0fics del DIEC2 i avui incorpora els articles nous i els que han estat modificats a la versi\u00f3 en l\u00ednia del DIEC2.<\/p>\n<p>L\u2019Acad\u00e8mia Oberta als Mitjans de Comunicaci\u00f3 de la Secci\u00f3 Filol\u00f2gica \u00e9s un f\u00f2rum de trobada d\u2019acad\u00e8mics, ling\u00fcistes i periodistes vinculats als mitjans de comunicaci\u00f3 en catal\u00e0 de les terres de parla catalana per a fer-hi propostes i exposar-hi opinions sobre els aspectes ling\u00fc\u00edstics que els afecten. Durant cinc anys d\u2019exist\u00e8ncia, l\u2019Acad\u00e8mia Oberta als Mitjans de Comunicaci\u00f3 s\u2019ha revelat com una eina \u00fatil per a copsar l\u2019estat de la llengua catalana en un \u00e0mbit tan important com \u00e9s el dels mitjans de comunicaci\u00f3.<\/p>\n<p><strong>L\u00c8XIC LGTBI PER AL DIEC2<\/strong><\/p>\n<p>[<em>Document aprovat per la SF en el Ple del 18 de setembre de 2020<\/em>]<\/p>\n<p><strong>1. Articles que s\u2019afegeixen a la nomenclatura del DIEC2 (14)<\/strong><\/p>\n<p><strong>bif\u00f2bia<\/strong><br \/>\n<em>f<\/em>. Aversi\u00f3 a la bisexualitat o als bisexuals.<\/p>\n<p><strong>cisf\u00f2bia<\/strong><br \/>\n<em>f<\/em>. Aversi\u00f3 a la cissexualitat o als cissexuals.<\/p>\n<p><strong>cissexual<\/strong><br \/>\n<em>1<\/em>\u00a0<em>adj.<\/em>\u00a0i\u00a0<em>m<\/em>. i\u00a0<em>f<\/em>. Que se sent del sexe al qual pertany biol\u00f2gicament.<br \/>\n<em>2<\/em>\u00a0<em>adj<\/em>. Relatiu o pertanyent als cissexuals.<\/p>\n<p><strong>cissexualitat<\/strong><br \/>\n<em>f.<\/em>\u00a0Qualitat o condici\u00f3 de cissexual.<\/p>\n<p><strong>heterof\u00f2bia<\/strong><br \/>\n<em>f<\/em>. Aversi\u00f3 a l\u2019heterosexualitat o als heterosexuals.<\/p>\n<p><strong>interf\u00f2bia<\/strong><br \/>\n<em>f<\/em>. Aversi\u00f3 a la intersexualitat o als intersexuals.<\/p>\n<p><strong>intersexual<\/strong><br \/>\n<em>1\u00a0<\/em><em>adj<\/em>. i\u00a0<em>m<\/em>. i\u00a0<em>f<\/em>. Que presenta car\u00e0cters sexuals masculins i femenins.<br \/>\n<em>2<\/em>\u00a0<em>adj<\/em>. Relatiu o pertanyent als intersexuals.<\/p>\n<p><strong>intersexualitat<\/strong><br \/>\n<em>f<\/em>. Qualitat o condici\u00f3 d\u2019intersexual.<\/p>\n<p><strong>lesbof\u00f2bia<\/strong><br \/>\n<em>f<\/em>. Aversi\u00f3 al lesbianisme o a les lesbianes.<\/p>\n<p><strong>monosexual<\/strong><br \/>\n<em>1<\/em>\u00a0<em>adj<\/em>. i\u00a0<em>m<\/em>. i\u00a0<em>f<\/em>. Que sent atracci\u00f3 sexual envers individus d\u2019un sol sexe.\u00a0<em>S\u00f3n monosexuals tant els homosexuals com els heterosexuals<\/em>.<br \/>\n<em>2<\/em>\u00a0<em>adj.<\/em>\u00a0Relatiu o pertanyent als monosexuals.<\/p>\n<p><strong>monosexualitat<\/strong><br \/>\n<em>f<\/em>. Qualitat o condici\u00f3 de monosexual.<\/p>\n<p><strong>transf\u00f2bia<\/strong><br \/>\n<em>f.<\/em>\u00a0Aversi\u00f3 al transgenerisme o als transg\u00e8neres.<\/p>\n<p><strong>transg\u00e8nere<\/strong><br \/>\n<em>1<\/em>\u00a0<em>adj.<\/em>\u00a0i\u00a0<em>m<\/em>. i\u00a0<em>f<\/em>. Que se sent del sexe oposat a aquell al qual pertany biol\u00f2gicament.\u00a0<em>Persones transg\u00e8nere<\/em>.<br \/>\n<em>2<\/em>\u00a0<em>adj<\/em>. i\u00a0<em>m<\/em>. i<em>\u00a0f<\/em>. Que no se sent del sexe al qual pertany biol\u00f2gicament perqu\u00e8 la seva identitat no s\u2019ajusta a les categories tradicionals d\u2019home i dona.<br \/>\n<em>3<\/em>\u00a0<em>adj.<\/em>\u00a0[inv.] Relatiu o pertanyent als transg\u00e8neres.\u00a0<em>Col\u00b7lectius transg\u00e8nere<\/em>.<\/p>\n<p><strong>transgenerisme<\/strong><br \/>\n<em>f<\/em>. Qualitat o condici\u00f3 de transg\u00e8nere.<\/p>\n<p><strong>2.<a href=\"https:\/\/www.iec.cat\/activitats\/documents\/ARTICLES_MODIFICATS.pdf\" target=\"_blank\" rel=\"noopener noreferrer\">\u00a0Articles del DIEC2 que es modifiquen\u00a0<\/a><\/strong><strong><a href=\"https:\/\/www.iec.cat\/activitats\/documents\/ARTICLES_MODIFICATS.pdf\" target=\"_blank\" rel=\"noopener noreferrer\">(17)<\/a><\/strong><\/p>\n<p>A continuaci\u00f3 podeu veure la retransmissi\u00f3 de l\u2019acte<\/p>\n<div class=\"ast-oembed-container \" style=\"height: 100%;\"><iframe loading=\"lazy\" title=\"I Trobada Ampliada de l\u2019Acad\u00e8mia Oberta als Mitjans de Comunicaci\u00f3\" width=\"500\" height=\"281\" src=\"https:\/\/www.youtube.com\/embed\/VJYq5EGaRwo?feature=oembed\" frameborder=\"0\" allow=\"accelerometer; autoplay; clipboard-write; encrypted-media; gyroscope; picture-in-picture; web-share\" referrerpolicy=\"strict-origin-when-cross-origin\" allowfullscreen><\/iframe><\/div>\n","protected":false},"excerpt":{"rendered":"<p>A la I Trobada Ampliada de l\u2019Acad\u00e8mia Oberta als Mitjans de Comunicaci\u00f3 de la Secci\u00f3 Filol\u00f2gica de l\u2019Institut d\u2019Estudis Catalans, celebrada aquest dimarts a la Sala Prat de la Riba de l\u2019IEC, s\u2019han anunciat els catorze articles nous i els disset modificats que el DIEC2 inclou en la seva versi\u00f3 en l\u00ednia. El document, aprovat [&hellip;]<\/p>\n","protected":false},"author":1,"featured_media":19677,"comment_status":"open","ping_status":"closed","sticky":false,"template":"","format":"standard","meta":{"_bbp_topic_count":0,"_bbp_reply_count":0,"_bbp_total_topic_count":0,"_bbp_total_reply_count":0,"_bbp_voice_count":0,"_bbp_anonymous_reply_count":0,"_bbp_topic_count_hidden":0,"_bbp_reply_count_hidden":0,"_bbp_forum_subforum_count":0,"site-sidebar-layout":"default","site-content-layout":"","ast-site-content-layout":"","site-content-style":"default","site-sidebar-style":"default","ast-global-header-display":"","ast-banner-title-visibility":"","ast-main-header-display":"","ast-hfb-above-header-display":"","ast-hfb-below-header-display":"","ast-hfb-mobile-header-display":"","site-post-title":"","ast-breadcrumbs-content":"","ast-featured-img":"","footer-sml-layout":"","theme-transparent-header-meta":"","adv-header-id-meta":"","stick-header-meta":"","header-above-stick-meta":"","header-main-stick-meta":"","header-below-stick-meta":"","astra-migrate-meta-layouts":"default","ast-page-background-enabled":"default","ast-page-background-meta":{"desktop":{"background-color":"var(--ast-global-color-4)","background-image":"","background-repeat":"repeat","background-position":"center center","background-size":"auto","background-attachment":"scroll","background-type":"","background-media":"","overlay-type":"","overlay-color":"","overlay-opacity":"","overlay-gradient":""},"tablet":{"background-color":"","background-image":"","background-repeat":"repeat","background-position":"center center","background-size":"auto","background-attachment":"scroll","background-type":"","background-media":"","overlay-type":"","overlay-color":"","overlay-opacity":"","overlay-gradient":""},"mobile":{"background-color":"","background-image":"","background-repeat":"repeat","background-position":"center center","background-size":"auto","background-attachment":"scroll","background-type":"","background-media":"","overlay-type":"","overlay-color":"","overlay-opacity":"","overlay-gradient":""}},"ast-content-background-meta":{"desktop":{"background-color":"var(--ast-global-color-5)","background-image":"","background-repeat":"repeat","background-position":"center center","background-size":"auto","background-attachment":"scroll","background-type":"","background-media":"","overlay-type":"","overlay-color":"","overlay-opacity":"","overlay-gradient":""},"tablet":{"background-color":"var(--ast-global-color-5)","background-image":"","background-repeat":"repeat","background-position":"center center","background-size":"auto","background-attachment":"scroll","background-type":"","background-media":"","overlay-type":"","overlay-color":"","overlay-opacity":"","overlay-gradient":""},"mobile":{"background-color":"var(--ast-global-color-5)","background-image":"","background-repeat":"repeat","background-position":"center center","background-size":"auto","background-attachment":"scroll","background-type":"","background-media":"","overlay-type":"","overlay-color":"","overlay-opacity":"","overlay-gradient":""}},"footnotes":""},"categories":[68,29],"tags":[324,2447,639,686,2446,703,2215,955],"class_list":["post-19676","post","type-post","status-publish","format-standard","has-post-thumbnail","hentry","category-clic","category-se-baixllobregat6","tag-coeducacio","tag-diec2","tag-institut-destudis-catalans","tag-lexic","tag-lgtbi","tag-llengua-catalana","tag-reporteducacio","tag-terminologia"],"post_mailing_queue_ids":[],"_links":{"self":[{"href":"https:\/\/serveiseducatius.xtec.cat\/baixllobregat6\/wp-json\/wp\/v2\/posts\/19676","targetHints":{"allow":["GET"]}}],"collection":[{"href":"https:\/\/serveiseducatius.xtec.cat\/baixllobregat6\/wp-json\/wp\/v2\/posts"}],"about":[{"href":"https:\/\/serveiseducatius.xtec.cat\/baixllobregat6\/wp-json\/wp\/v2\/types\/post"}],"author":[{"embeddable":true,"href":"https:\/\/serveiseducatius.xtec.cat\/baixllobregat6\/wp-json\/wp\/v2\/users\/1"}],"replies":[{"embeddable":true,"href":"https:\/\/serveiseducatius.xtec.cat\/baixllobregat6\/wp-json\/wp\/v2\/comments?post=19676"}],"version-history":[{"count":3,"href":"https:\/\/serveiseducatius.xtec.cat\/baixllobregat6\/wp-json\/wp\/v2\/posts\/19676\/revisions"}],"predecessor-version":[{"id":19681,"href":"https:\/\/serveiseducatius.xtec.cat\/baixllobregat6\/wp-json\/wp\/v2\/posts\/19676\/revisions\/19681"}],"wp:featuredmedia":[{"embeddable":true,"href":"https:\/\/serveiseducatius.xtec.cat\/baixllobregat6\/wp-json\/wp\/v2\/media\/19677"}],"wp:attachment":[{"href":"https:\/\/serveiseducatius.xtec.cat\/baixllobregat6\/wp-json\/wp\/v2\/media?parent=19676"}],"wp:term":[{"taxonomy":"category","embeddable":true,"href":"https:\/\/serveiseducatius.xtec.cat\/baixllobregat6\/wp-json\/wp\/v2\/categories?post=19676"},{"taxonomy":"post_tag","embeddable":true,"href":"https:\/\/serveiseducatius.xtec.cat\/baixllobregat6\/wp-json\/wp\/v2\/tags?post=19676"}],"curies":[{"name":"wp","href":"https:\/\/api.w.org\/{rel}","templated":true}]}}