{"id":19661,"date":"2020-10-06T09:12:21","date_gmt":"2020-10-06T07:12:21","guid":{"rendered":"http:\/\/serveiseducatius.xtec.cat\/baixllobregat6\/?p=19661"},"modified":"2020-10-06T09:16:15","modified_gmt":"2020-10-06T07:16:15","slug":"la-fundacio-bofill-i-unescocat-demanen-un-pla-a-deu-anys-per-actualitzar-el-sistema-educatiu","status":"publish","type":"post","link":"https:\/\/serveiseducatius.xtec.cat\/baixllobregat6\/politicaeducativa\/la-fundacio-bofill-i-unescocat-demanen-un-pla-a-deu-anys-per-actualitzar-el-sistema-educatiu\/","title":{"rendered":"La Fundaci\u00f3 Bofill i Unescocat demanen un pla a deu anys per actualitzar el sistema educatiu"},"content":{"rendered":"<div class=\"ast-oembed-container \" style=\"height: 100%;\"><iframe loading=\"lazy\" title=\"La Fundaci\u00f3 Bofill i Unescocat demanen un pla a deu anys per actualitzar el sistema educatiu\" width=\"500\" height=\"281\" src=\"https:\/\/www.youtube.com\/embed\/NCLK6spa8Hc?feature=oembed\" frameborder=\"0\" allow=\"accelerometer; autoplay; clipboard-write; encrypted-media; gyroscope; picture-in-picture; web-share\" referrerpolicy=\"strict-origin-when-cross-origin\" allowfullscreen><\/iframe><\/div>\n<p>La <a href=\"https:\/\/fundaciobofill.cat\/\" target=\"_blank\" rel=\"noopener noreferrer\"><strong>Fundaci\u00f3 Bofill<\/strong><\/a> i\u00a0<a href=\"https:\/\/unescocat.org\/\" target=\"_blank\" rel=\"noopener noreferrer\"><strong>Unescocat<\/strong><\/a> van presentar el dilluns 5 d\u2019octubre, Dia Mundial dels Docents (UNESCO), una proposta dirigida a les formacions parlament\u00e0ries per tal <strong>que s\u2019acordi un pla a deu anys d\u2019actualitzaci\u00f3 del sistema educatiu que s\u2019avanci al creixement de les desigualtats que est\u00e0 generant la pand\u00e8mia i respongui a l\u2019Agenda 2030<\/strong>\u00a0i al que diu en mat\u00e8ria d\u2019educaci\u00f3.<\/p>\n<p>La proposta es presenta al mateix temps que l\u2019avaluaci\u00f3 del programa Escola Nova 21 feta per uns experts externs. Aquesta avaluaci\u00f3 constata entre altres l\u2019alt impacte de les accions de canvi intensiu que van tenir lloc als 30 centres del la mostra representativa, la qual cosa permet planificar accions d\u2019actualitzaci\u00f3 per al conjunt del sistema. <!--more--><\/p>\n<p>La demanda p\u00fablica d\u2019una pol\u00edtica transversal de canvi educatiu s\u2019ha presentat amb una llista de suport de 60 persones: els directors\/es de trenta escoles i instituts i trenta personalitats i acad\u00e8miques d\u2019\u00e0mbits diversos, de la transformaci\u00f3 digital, les ci\u00e8ncies experimentals i l\u2019ecologia a la filosofia, l\u2019educaci\u00f3 o els drets humans. Entre elles hi ha l\u2019exdirector de la UNESCO Federico Mayor Zaragoza; l\u2019arquitecta i presidenta de la Fundaci\u00f3 Pasqual Maragall, Cristina Maragall; el rector de la Universitat Pompeu Fabra Jaume Casals; la soci\u00f2loga Marina Subirats; el director del Barcelona Supercomputing Center Mateo Valero; o la presidenta de la Xarxa Mediterr\u00e0nia d\u2019\u00c0rees Marines Protegides Puri Canals.<\/p>\n<p>Adverteixen que, davant les desigualtats ampliades per la pand\u00e8mia i per donar suport a l\u2019esfor\u00e7 docent, es requereix encara m\u00e9s un projecte que reforci i posi al dia el sistema educatiu.<\/p>\n<p>Plantegen que el projecte ha de ser generalitzar i fer sostenible l\u2019actualitzaci\u00f3 educativa perqu\u00e8 arribi a tot l\u2019alumnat, vinculada a l\u2019Agenda 2030. Per aix\u00f2, criden a establir un pla de pa\u00eds a llarg termini que ho faci possible, acordat per les formacions parlament\u00e0ries i amb els ens locals.<\/p>\n<p>Subratllen que sense desburocratitzaci\u00f3 i sense reformes estructurals, tots els reptes i necessitats educatives s\u2019aborden d&#8217;acord amb el sobreesfor\u00e7 i la sobrec\u00e0rrega dels docents, com s\u2019est\u00e0 demostrant en la gesti\u00f3 de la pand\u00e8mia. I que aix\u00f2 no \u00e9s sostenible.<\/p>\n<p>Proposen que el pla contingui 15 compromisos clau, des d\u2019ara fins al 2030, entre els quals s\u2019inclouen un programa intensiu de transformaci\u00f3 per a m\u00e9s de 2.500 escoles i instituts, canvis en la formaci\u00f3 i selecci\u00f3 de docents i reforma de la secund\u00e0ria postobligat\u00f2ria i de la selectivitat.<\/p>\n<blockquote><p>Hi intervenen:<\/p>\n<p><strong>Ismael Palac\u00edn<\/strong>, director de la Fundaci\u00f3 Bofill.<br \/>\n<strong>Eduard Vallory<\/strong>, president d\u2019Unescocat i impulsor d\u2019Escola Nova 21.<br \/>\n<strong>Dolors Oliver<\/strong>, directora de l&#8217;Institut-escola Teresa Altet, de Rub\u00ed.<br \/>\n<strong>Coral Reg\u00ed<\/strong>, presidenta de la comissi\u00f3 de Cultura Digital del Consell Escolar, membre del Grup d&#8217;experts Catalunya 2020 i exdirectora de l\u2019Escola Virolai.<br \/>\n<strong>Marina Subirats<\/strong>, catedr\u00e0tica em\u00e8rita de Sociologia de la UAB i extinent d&#8217;alcaldia d&#8217;Educaci\u00f3 de Barcelona.<\/p><\/blockquote>\n<p><iframe loading=\"lazy\" src=\"https:\/\/drive.google.com\/file\/d\/1DylPbRW0hyICgnbZ4H8VIhbPUE6g1LY7\/preview\" width=\"800\" height=\"1100\"><\/iframe><\/p>\n","protected":false},"excerpt":{"rendered":"<p>La Fundaci\u00f3 Bofill i\u00a0Unescocat van presentar el dilluns 5 d\u2019octubre, Dia Mundial dels Docents (UNESCO), una proposta dirigida a les formacions parlament\u00e0ries per tal que s\u2019acordi un pla a deu anys d\u2019actualitzaci\u00f3 del sistema educatiu que s\u2019avanci al creixement de les desigualtats que est\u00e0 generant la pand\u00e8mia i respongui a l\u2019Agenda 2030\u00a0i al que diu [&hellip;]<\/p>\n","protected":false},"author":1,"featured_media":0,"comment_status":"open","ping_status":"closed","sticky":false,"template":"","format":"standard","meta":{"_bbp_topic_count":0,"_bbp_reply_count":0,"_bbp_total_topic_count":0,"_bbp_total_reply_count":0,"_bbp_voice_count":0,"_bbp_anonymous_reply_count":0,"_bbp_topic_count_hidden":0,"_bbp_reply_count_hidden":0,"_bbp_forum_subforum_count":0,"site-sidebar-layout":"default","site-content-layout":"","ast-site-content-layout":"","site-content-style":"default","site-sidebar-style":"default","ast-global-header-display":"","ast-banner-title-visibility":"","ast-main-header-display":"","ast-hfb-above-header-display":"","ast-hfb-below-header-display":"","ast-hfb-mobile-header-display":"","site-post-title":"","ast-breadcrumbs-content":"","ast-featured-img":"","footer-sml-layout":"","theme-transparent-header-meta":"","adv-header-id-meta":"","stick-header-meta":"","header-above-stick-meta":"","header-main-stick-meta":"","header-below-stick-meta":"","astra-migrate-meta-layouts":"default","ast-page-background-enabled":"default","ast-page-background-meta":{"desktop":{"background-color":"var(--ast-global-color-4)","background-image":"","background-repeat":"repeat","background-position":"center center","background-size":"auto","background-attachment":"scroll","background-type":"","background-media":"","overlay-type":"","overlay-color":"","overlay-opacity":"","overlay-gradient":""},"tablet":{"background-color":"","background-image":"","background-repeat":"repeat","background-position":"center center","background-size":"auto","background-attachment":"scroll","background-type":"","background-media":"","overlay-type":"","overlay-color":"","overlay-opacity":"","overlay-gradient":""},"mobile":{"background-color":"","background-image":"","background-repeat":"repeat","background-position":"center center","background-size":"auto","background-attachment":"scroll","background-type":"","background-media":"","overlay-type":"","overlay-color":"","overlay-opacity":"","overlay-gradient":""}},"ast-content-background-meta":{"desktop":{"background-color":"var(--ast-global-color-5)","background-image":"","background-repeat":"repeat","background-position":"center center","background-size":"auto","background-attachment":"scroll","background-type":"","background-media":"","overlay-type":"","overlay-color":"","overlay-opacity":"","overlay-gradient":""},"tablet":{"background-color":"var(--ast-global-color-5)","background-image":"","background-repeat":"repeat","background-position":"center center","background-size":"auto","background-attachment":"scroll","background-type":"","background-media":"","overlay-type":"","overlay-color":"","overlay-opacity":"","overlay-gradient":""},"mobile":{"background-color":"var(--ast-global-color-5)","background-image":"","background-repeat":"repeat","background-position":"center center","background-size":"auto","background-attachment":"scroll","background-type":"","background-media":"","overlay-type":"","overlay-color":"","overlay-opacity":"","overlay-gradient":""}},"footnotes":""},"categories":[162,1,29],"tags":[2228,1723,834,1788,2215,928,2113],"class_list":["post-19661","post","type-post","status-publish","format-standard","hentry","category-actualitat","category-politicaeducativa","category-se-baixllobregat6","tag-2228","tag-administracio-educativa","tag-politiques-educatives","tag-renovacio-pedagogica","tag-reporteducacio","tag-sistema-educatiu","tag-transformacio-educativa"],"post_mailing_queue_ids":[],"_links":{"self":[{"href":"https:\/\/serveiseducatius.xtec.cat\/baixllobregat6\/wp-json\/wp\/v2\/posts\/19661","targetHints":{"allow":["GET"]}}],"collection":[{"href":"https:\/\/serveiseducatius.xtec.cat\/baixllobregat6\/wp-json\/wp\/v2\/posts"}],"about":[{"href":"https:\/\/serveiseducatius.xtec.cat\/baixllobregat6\/wp-json\/wp\/v2\/types\/post"}],"author":[{"embeddable":true,"href":"https:\/\/serveiseducatius.xtec.cat\/baixllobregat6\/wp-json\/wp\/v2\/users\/1"}],"replies":[{"embeddable":true,"href":"https:\/\/serveiseducatius.xtec.cat\/baixllobregat6\/wp-json\/wp\/v2\/comments?post=19661"}],"version-history":[{"count":2,"href":"https:\/\/serveiseducatius.xtec.cat\/baixllobregat6\/wp-json\/wp\/v2\/posts\/19661\/revisions"}],"predecessor-version":[{"id":19664,"href":"https:\/\/serveiseducatius.xtec.cat\/baixllobregat6\/wp-json\/wp\/v2\/posts\/19661\/revisions\/19664"}],"wp:attachment":[{"href":"https:\/\/serveiseducatius.xtec.cat\/baixllobregat6\/wp-json\/wp\/v2\/media?parent=19661"}],"wp:term":[{"taxonomy":"category","embeddable":true,"href":"https:\/\/serveiseducatius.xtec.cat\/baixllobregat6\/wp-json\/wp\/v2\/categories?post=19661"},{"taxonomy":"post_tag","embeddable":true,"href":"https:\/\/serveiseducatius.xtec.cat\/baixllobregat6\/wp-json\/wp\/v2\/tags?post=19661"}],"curies":[{"name":"wp","href":"https:\/\/api.w.org\/{rel}","templated":true}]}}