{"id":19654,"date":"2020-10-04T11:37:11","date_gmt":"2020-10-04T09:37:11","guid":{"rendered":"http:\/\/serveiseducatius.xtec.cat\/baixllobregat6\/?p=19654"},"modified":"2020-10-06T09:14:36","modified_gmt":"2020-10-06T07:14:36","slug":"la-setmana-bio-per-a-lalimentacio-ecologica-esdevindra-enguany-virtual","status":"publish","type":"post","link":"https:\/\/serveiseducatius.xtec.cat\/baixllobregat6\/se-baixllobregat6\/la-setmana-bio-per-a-lalimentacio-ecologica-esdevindra-enguany-virtual\/","title":{"rendered":"La Setmana Bio per a l&#8217;alimentaci\u00f3 ecol\u00f2gica enguany esdevindr\u00e0 virtual"},"content":{"rendered":"<p><a href=\"https:\/\/serveiseducatius.xtec.cat\/baixllobregat6\/wp-content\/uploads\/usu778\/2020\/10\/Captura-de-Pantalla-2020-10-04-a-les-11.29.31.png\"><img loading=\"lazy\" decoding=\"async\" class=\"aligncenter size-large wp-image-19655\" src=\"https:\/\/serveiseducatius.xtec.cat\/baixllobregat6\/wp-content\/uploads\/usu778\/2020\/10\/Captura-de-Pantalla-2020-10-04-a-les-11.29.31-1024x305.png\" alt=\"\" width=\"1024\" height=\"305\" srcset=\"https:\/\/serveiseducatius.xtec.cat\/baixllobregat6\/wp-content\/uploads\/usu778\/2020\/10\/Captura-de-Pantalla-2020-10-04-a-les-11.29.31-1024x305.png 1024w, https:\/\/serveiseducatius.xtec.cat\/baixllobregat6\/wp-content\/uploads\/usu778\/2020\/10\/Captura-de-Pantalla-2020-10-04-a-les-11.29.31-520x155.png 520w, https:\/\/serveiseducatius.xtec.cat\/baixllobregat6\/wp-content\/uploads\/usu778\/2020\/10\/Captura-de-Pantalla-2020-10-04-a-les-11.29.31-768x229.png 768w, https:\/\/serveiseducatius.xtec.cat\/baixllobregat6\/wp-content\/uploads\/usu778\/2020\/10\/Captura-de-Pantalla-2020-10-04-a-les-11.29.31.png 1934w\" sizes=\"auto, (max-width: 1024px) 100vw, 1024px\" \/><\/a><\/p>\n<p>La\u00a0<strong>Setmana Bio per l\u2019alimentaci\u00f3 ecol\u00f2gica<\/strong> \u00e9s un esdeveniment en qu\u00e8 se celebraran tot un conjunt d\u2019activitats amb l\u2019objectiu com\u00fa de promocionar i donar a con\u00e8ixer la producci\u00f3 i alimentaci\u00f3 ecol\u00f2giques entre la poblaci\u00f3. El programa d\u2019activitats ser\u00e0 molt variat i la seva proposta i organitzaci\u00f3 anir\u00e0 a c\u00e0rrec de qualsevol persona o entitat interessada en aquest objectiu. A causa de la situaci\u00f3 plantejada per la pand\u00e8mia de Covid 19, enguany la gran majoria d\u2019activitats seran virtuals.<\/p>\n<p style=\"font-weight: 400;\">L\u2019objectiu \u00e9s que els productors i elaboradors de productes ecol\u00f2gics, entitats i organitzacions interessades, administracions locals, escoles i centres docents, biblioteques, restaurants, detallistes, grans superf\u00edcies, etc., puguin organitzar aquella activitat que millor s\u2019adeq\u00fci a les seves necessitats, sempre dins dels objectius generals de la Setmana Bio.<!--more--><\/p>\n<p style=\"font-weight: 400;\">Al web <a href=\"http:\/\/setmanabio.cat\/\" data-saferedirecturl=\"https:\/\/www.google.com\/url?q=http:\/\/setmanabio.cat&amp;source=gmail&amp;ust=1601890022326000&amp;usg=AFQjCNGxu0meu98Hd9D-Bv9jiKtjav_b-Q\">setmanabio.cat<\/a> s&#8217;informar\u00e0 de com organitzar una activitat i el formulari per\u00a0 fer la inscripci\u00f3, i d&#8217;un altre apartat a on es visualitzaran totes les activitats que es realitzaran durant els dies de la Setmana Bio.<\/p>\n<p style=\"font-weight: 400;\">M\u00e9s informaci\u00f3:\u00a0<a href=\"http:\/\/setmanabio.cat\/\" data-saferedirecturl=\"https:\/\/www.google.com\/url?q=http:\/\/setmanabio.cat\/&amp;source=gmail&amp;ust=1601890022326000&amp;usg=AFQjCNFGapuG7mLibHZE6X0c9hDQWg8KJQ\">http:\/\/setmanabio.cat\/<\/a><\/p>\n<p style=\"font-weight: 400;\">Contacte: podeu posar el vostre correu com a dinamitzador,<strong> Ma. Carme Boll\u00f3<\/strong>, o b\u00e9 el gen\u00e8ric de la setmana bio\u00a0<a href=\"mailto:info@setmanabio.cat\">info@setmanabio.cat<\/a><\/p>\n<p style=\"font-weight: 400;\">\n","protected":false},"excerpt":{"rendered":"<p>La\u00a0Setmana Bio per l\u2019alimentaci\u00f3 ecol\u00f2gica \u00e9s un esdeveniment en qu\u00e8 se celebraran tot un conjunt d\u2019activitats amb l\u2019objectiu com\u00fa de promocionar i donar a con\u00e8ixer la producci\u00f3 i alimentaci\u00f3 ecol\u00f2giques entre la poblaci\u00f3. El programa d\u2019activitats ser\u00e0 molt variat i la seva proposta i organitzaci\u00f3 anir\u00e0 a c\u00e0rrec de qualsevol persona o entitat interessada en [&hellip;]<\/p>\n","protected":false},"author":1,"featured_media":19655,"comment_status":"open","ping_status":"closed","sticky":false,"template":"","format":"standard","meta":{"_bbp_topic_count":0,"_bbp_reply_count":0,"_bbp_total_topic_count":0,"_bbp_total_reply_count":0,"_bbp_voice_count":0,"_bbp_anonymous_reply_count":0,"_bbp_topic_count_hidden":0,"_bbp_reply_count_hidden":0,"_bbp_forum_subforum_count":0,"site-sidebar-layout":"default","site-content-layout":"","ast-site-content-layout":"","site-content-style":"default","site-sidebar-style":"default","ast-global-header-display":"","ast-banner-title-visibility":"","ast-main-header-display":"","ast-hfb-above-header-display":"","ast-hfb-below-header-display":"","ast-hfb-mobile-header-display":"","site-post-title":"","ast-breadcrumbs-content":"","ast-featured-img":"","footer-sml-layout":"","theme-transparent-header-meta":"","adv-header-id-meta":"","stick-header-meta":"","header-above-stick-meta":"","header-main-stick-meta":"","header-below-stick-meta":"","astra-migrate-meta-layouts":"default","ast-page-background-enabled":"default","ast-page-background-meta":{"desktop":{"background-color":"var(--ast-global-color-4)","background-image":"","background-repeat":"repeat","background-position":"center center","background-size":"auto","background-attachment":"scroll","background-type":"","background-media":"","overlay-type":"","overlay-color":"","overlay-opacity":"","overlay-gradient":""},"tablet":{"background-color":"","background-image":"","background-repeat":"repeat","background-position":"center center","background-size":"auto","background-attachment":"scroll","background-type":"","background-media":"","overlay-type":"","overlay-color":"","overlay-opacity":"","overlay-gradient":""},"mobile":{"background-color":"","background-image":"","background-repeat":"repeat","background-position":"center center","background-size":"auto","background-attachment":"scroll","background-type":"","background-media":"","overlay-type":"","overlay-color":"","overlay-opacity":"","overlay-gradient":""}},"ast-content-background-meta":{"desktop":{"background-color":"var(--ast-global-color-5)","background-image":"","background-repeat":"repeat","background-position":"center center","background-size":"auto","background-attachment":"scroll","background-type":"","background-media":"","overlay-type":"","overlay-color":"","overlay-opacity":"","overlay-gradient":""},"tablet":{"background-color":"var(--ast-global-color-5)","background-image":"","background-repeat":"repeat","background-position":"center center","background-size":"auto","background-attachment":"scroll","background-type":"","background-media":"","overlay-type":"","overlay-color":"","overlay-opacity":"","overlay-gradient":""},"mobile":{"background-color":"var(--ast-global-color-5)","background-image":"","background-repeat":"repeat","background-position":"center center","background-size":"auto","background-attachment":"scroll","background-type":"","background-media":"","overlay-type":"","overlay-color":"","overlay-opacity":"","overlay-gradient":""}},"footnotes":""},"categories":[66,29],"tags":[2442,218,2444,2443,2215,2441,155],"class_list":["post-19654","post","type-post","status-publish","format-standard","has-post-thumbnail","hentry","category-dinamitzacio","category-se-baixllobregat6","tag-agricultura-ecologica","tag-alimentacio","tag-gastronomia","tag-nutricio","tag-reporteducacio","tag-setmana-bio","tag-sostenibilitat"],"post_mailing_queue_ids":[],"_links":{"self":[{"href":"https:\/\/serveiseducatius.xtec.cat\/baixllobregat6\/wp-json\/wp\/v2\/posts\/19654","targetHints":{"allow":["GET"]}}],"collection":[{"href":"https:\/\/serveiseducatius.xtec.cat\/baixllobregat6\/wp-json\/wp\/v2\/posts"}],"about":[{"href":"https:\/\/serveiseducatius.xtec.cat\/baixllobregat6\/wp-json\/wp\/v2\/types\/post"}],"author":[{"embeddable":true,"href":"https:\/\/serveiseducatius.xtec.cat\/baixllobregat6\/wp-json\/wp\/v2\/users\/1"}],"replies":[{"embeddable":true,"href":"https:\/\/serveiseducatius.xtec.cat\/baixllobregat6\/wp-json\/wp\/v2\/comments?post=19654"}],"version-history":[{"count":3,"href":"https:\/\/serveiseducatius.xtec.cat\/baixllobregat6\/wp-json\/wp\/v2\/posts\/19654\/revisions"}],"predecessor-version":[{"id":19663,"href":"https:\/\/serveiseducatius.xtec.cat\/baixllobregat6\/wp-json\/wp\/v2\/posts\/19654\/revisions\/19663"}],"wp:featuredmedia":[{"embeddable":true,"href":"https:\/\/serveiseducatius.xtec.cat\/baixllobregat6\/wp-json\/wp\/v2\/media\/19655"}],"wp:attachment":[{"href":"https:\/\/serveiseducatius.xtec.cat\/baixllobregat6\/wp-json\/wp\/v2\/media?parent=19654"}],"wp:term":[{"taxonomy":"category","embeddable":true,"href":"https:\/\/serveiseducatius.xtec.cat\/baixllobregat6\/wp-json\/wp\/v2\/categories?post=19654"},{"taxonomy":"post_tag","embeddable":true,"href":"https:\/\/serveiseducatius.xtec.cat\/baixllobregat6\/wp-json\/wp\/v2\/tags?post=19654"}],"curies":[{"name":"wp","href":"https:\/\/api.w.org\/{rel}","templated":true}]}}