{"id":19571,"date":"2020-09-08T12:32:58","date_gmt":"2020-09-08T10:32:58","guid":{"rendered":"http:\/\/serveiseducatius.xtec.cat\/baixllobregat6\/?p=19571"},"modified":"2020-09-09T09:13:36","modified_gmt":"2020-09-09T07:13:36","slug":"la-ciencia-en-primera-persona-activitat-educativa-per-a-3r-i-4t-deducacio-secundaria-en-el-marc-de-la-setmana-de-la-ciencia-requereix-inscripcio-previa","status":"publish","type":"post","link":"https:\/\/serveiseducatius.xtec.cat\/baixllobregat6\/se-baixllobregat6\/la-ciencia-en-primera-persona-activitat-educativa-per-a-3r-i-4t-deducacio-secundaria-en-el-marc-de-la-setmana-de-la-ciencia-requereix-inscripcio-previa\/","title":{"rendered":"&#8220;La ci\u00e8ncia en primera persona&#8221;. Activitat educativa per a 3r i 4t d&#8217;Educaci\u00f3 Secund\u00e0ria en el marc de la Setmana de la Ci\u00e8ncia (requereix inscripci\u00f3 pr\u00e8via)"},"content":{"rendered":"<p><a href=\"https:\/\/serveiseducatius.xtec.cat\/baixllobregat6\/wp-content\/uploads\/usu778\/2020\/09\/Captura-de-Pantalla-2020-09-08-a-les-12.29.12.png\"><img loading=\"lazy\" decoding=\"async\" class=\"aligncenter wp-image-19576 size-large\" src=\"https:\/\/serveiseducatius.xtec.cat\/baixllobregat6\/wp-content\/uploads\/usu778\/2020\/09\/Captura-de-Pantalla-2020-09-08-a-les-12.29.12-1024x248.png\" alt=\"\" width=\"1024\" height=\"248\" srcset=\"https:\/\/serveiseducatius.xtec.cat\/baixllobregat6\/wp-content\/uploads\/usu778\/2020\/09\/Captura-de-Pantalla-2020-09-08-a-les-12.29.12-1024x248.png 1024w, https:\/\/serveiseducatius.xtec.cat\/baixllobregat6\/wp-content\/uploads\/usu778\/2020\/09\/Captura-de-Pantalla-2020-09-08-a-les-12.29.12-520x126.png 520w, https:\/\/serveiseducatius.xtec.cat\/baixllobregat6\/wp-content\/uploads\/usu778\/2020\/09\/Captura-de-Pantalla-2020-09-08-a-les-12.29.12-768x186.png 768w, https:\/\/serveiseducatius.xtec.cat\/baixllobregat6\/wp-content\/uploads\/usu778\/2020\/09\/Captura-de-Pantalla-2020-09-08-a-les-12.29.12.png 1370w\" sizes=\"auto, (max-width: 1024px) 100vw, 1024px\" \/><\/a><\/p>\n<p>L\u2019activitat \u201c<strong>La ci\u00e8ncia en primera persona<\/strong>\u201d s\u2019emmarca en la <strong><a href=\"https:\/\/serveiseducatius.xtec.cat\/baixllobregat6\/portada\/25a-setmana-de-la-ciencia-del-14-al-29-de-novembre-es-portara-a-terme-tota-una-programacio-dactivitats-oberta-la-inscripcio\/\" target=\"_blank\" rel=\"noopener noreferrer\">Setmana de la Ci\u00e8ncia<\/a> <\/strong>i \u00e9s fruit de la col\u00b7laboraci\u00f3 entre el Departament d\u2019Educaci\u00f3 i la Fundaci\u00f3 Catalana Per a la Recerca i la Innovaci\u00f3 (FCRI). En la seva organitzaci\u00f3, en l&#8217;\u00e0mbit territorial, hi participen els Centres de Recursos Pedag\u00f2gics (CRP).<br \/>\nCal tenir en compte que la finalitat principal de l\u2019activitat \u00e9s el foment de les vocacions cient\u00edfiques i tecnol\u00f2giques entre l\u2019alumnat del nostre pa\u00eds, i que aix\u00f2 pretenem fer-ho a partir d\u2019apropar els i les cient\u00edfiques als instituts.<\/p>\n<p>\u00c9s per aix\u00f2 que, a l\u2019hora d\u2019organitzar l\u2019activitat, us demanem que tingueu en compte:<\/p>\n<p>\u25cf Destinataris: alumnat de 3r i 4t d\u2019ESO.<br \/>\n\u25cf Modalitat: virtual<br \/>\n\u25cf Nombre d\u2019assistents: el que convingui.<br \/>\n\u25cf Contacte amb el ponent: l\u2019organitzaci\u00f3.<\/p>\n<p><strong>Antecedents<\/strong><br \/>\nFormat presencial amb la participaci\u00f3 simult\u00e0nia de 100 cient\u00edfics i cient\u00edfiques.<br \/>\nVolem agrair-vos la feina feta en l\u2019organitzaci\u00f3 de les anteriors edicions del dia de la ci\u00e8ncia.<br \/>\nSense el suport i la col\u00b7laboraci\u00f3 dels CRP no hauria estat possible que 12.169 alumnes i 630 docents, de 209 centres educatius, participessin a les 100 confer\u00e8ncies que es van realitzar el curs 2018 a tot Catalunya durant la Setmana de la Ci\u00e8ncia. I ara, us tornem a demanar la vostra participaci\u00f3 en l\u2019organitzaci\u00f3 de l\u2019activitat. <!--more--><\/p>\n<p><strong>Descripci\u00f3<\/strong><br \/>\nEnguany se celebrar\u00e0 en format virtual.<\/p>\n<p><strong>Data de celebraci\u00f3: 18 de novembre, mat\u00ed.<br \/>\n<\/strong><br \/>\nL\u2019activitat va a c\u00e0rrec de cient\u00edfics que es dediquen a la investigaci\u00f3 i que expliquen la seva tasca, tant des del vessant cient\u00edfic com del vessant hum\u00e0.Es proposen 4 grans temes per a tractar i possibles ponents:<br \/>\n<strong><span style=\"color: #0000ff;\">&#8211; Intel\u00b7lig\u00e8ncia Artificial: Ram\u00f3n L\u00f3pez de M\u00e1ntaras (IIIA CSIC)<\/span><\/strong><br \/>\n<strong><span style=\"color: #0000ff;\">&#8211; Epidemiologia: Antoni Trilla (ISGlobal, Hospital Cl\u00ednic)<\/span><\/strong><br \/>\n<strong><span style=\"color: #0000ff;\">&#8211; Gen\u00e8tica: Gemma Marfany (UB)<\/span><\/strong><br \/>\n<strong><span style=\"color: #0000ff;\">&#8211; Sostenibilitat: S\u00edlvia Lacorte (IDAEA CSIC)<\/span><\/strong><\/p>\n<p><strong>Estructura<\/strong><\/p>\n<p>L\u2019activitat es fonamenta en tres parts:1. Edici\u00f3 d\u2019un v\u00eddeo, d\u2019una durada d\u2019uns 5-10 minuts on es llen\u00e7a tamb\u00e9 una proposta o un repte, en aquest v\u00eddeo el\/la cient\u00edfic\/a explicar\u00e0 de forma did\u00e0ctica:<br \/>\n\u25ba La seva disciplina cient\u00edfica<br \/>\n\u25ba Qu\u00e8 investiga<br \/>\n\u25ba Per qu\u00e8 s\u2019ha dedicat a la recerca<br \/>\n2. Aquest v\u00eddeo el visualitzar\u00e0 l\u2019alumnat en hores lectives juntament amb els seus professors\/es. L\u2019alumnat ens faran arribar imatge del repte aconseguit (foto o v\u00eddeo) aix\u00ed com les preguntes que volen formular als\/a les cient\u00edfics\/ques. En farem una selecci\u00f3 de tot plegat.<br \/>\nUn cop vist el v\u00eddeo, es treballar\u00e0 en com aconseguir el repte i es plantejaran quins dubtes o preguntes volen fer arribar al\/a la cient\u00edfic\/a.<br \/>\n3. El dia 18 de novembre al mat\u00ed, connexi\u00f3 en l\u00ednia amb cadascun dels\/de les 4 cient\u00edfics\/ques, on els alumnes podran fer les preguntes relacionades amb la seva recerca i amb aspectes m\u00e9s personals. Es preveu que les 4 sessions se celebrin a la seu de l\u2019FCRi, en els seg\u00fcents horaris:<\/p>\n<p>\u25cf Sessi\u00f3 1: 9.15 a 10.15<br \/>\n\u25cf Sessi\u00f3 2: 10.30 a 11.30<br \/>\n\u25cf Sessi\u00f3 3: 11.45 a 12.45<br \/>\n\u25cf Sessi\u00f3 4: 13.00 a 14.00<\/p>\n<p><strong>Organitzaci\u00f3<\/strong><\/p>\n<p>\u25cf Cal omplir el seg\u00fcent Formulari d\u2019inscripci\u00f3 dels centres indicant els centres educatius interessats a participar en l\u2019activitat, abans del 8 d\u2019octubre.<br \/>\n\u25cf El dia 9 de novembre us farem arribar els v\u00eddeos dels ponents amb els reptes.<br \/>\n\u25cf Del 9 d\u2019octubre al 5 de novembre: treball amb l\u2019alumnat<br \/>\n\u25cf 6 de novembre: data l\u00edmit perqu\u00e8 els centres envien les preguntes i les imatges de com han treballat el repte proposat (preferentment fotografies).<br \/>\n\u25cf 18 de novembre: Dia de la ci\u00e8ncia a les escoles. Sessi\u00f3 virtual amb els cient\u00edfics.<\/p>\n<p><strong>M\u00e9s informaci\u00f3 a<\/strong><br \/>\nhttps:\/\/setmanaciencia.fundaciorecerca.cat\/frontend\/<\/p>\n<p><strong>Novetats curs 2020-2021:<\/strong><br \/>\n\u25cf Format virtual<br \/>\n\u25cf Participaci\u00f3 de tots els centres que estiguin interessats<br \/>\n\u25cf Les dades dels centres participants es faran arribar a partir d\u2019un <a href=\"https:\/\/docs.google.com\/forms\/d\/e\/1FAIpQLSepuP8bvdDRBIcZAtURAXQ2g_lVCNgg2xtvbslb4fMOPEZGtA\/viewform\" target=\"_blank\" rel=\"noopener noreferrer\"><strong>Formulari d\u2019inscripci\u00f3 dels centres<\/strong><\/a><br \/>\n\u25cf La valoraci\u00f3 de l\u2019activitat es far\u00e0 amb l\u2019aplicatiu que sempre hem fet servir per al dia de la ci\u00e8ncia<\/p>\n<p><strong>Cronograma<\/strong><\/p>\n<p><a href=\"https:\/\/serveiseducatius.xtec.cat\/baixllobregat6\/wp-content\/uploads\/usu778\/2020\/09\/Captura-de-Pantalla-2020-09-08-a-les-12.18.46.png\"><img loading=\"lazy\" decoding=\"async\" class=\"alignleft wp-image-19573 size-large\" src=\"https:\/\/serveiseducatius.xtec.cat\/baixllobregat6\/wp-content\/uploads\/usu778\/2020\/09\/Captura-de-Pantalla-2020-09-08-a-les-12.18.46-1024x641.png\" alt=\"\" width=\"1024\" height=\"641\" srcset=\"https:\/\/serveiseducatius.xtec.cat\/baixllobregat6\/wp-content\/uploads\/usu778\/2020\/09\/Captura-de-Pantalla-2020-09-08-a-les-12.18.46-1024x641.png 1024w, https:\/\/serveiseducatius.xtec.cat\/baixllobregat6\/wp-content\/uploads\/usu778\/2020\/09\/Captura-de-Pantalla-2020-09-08-a-les-12.18.46-520x326.png 520w, https:\/\/serveiseducatius.xtec.cat\/baixllobregat6\/wp-content\/uploads\/usu778\/2020\/09\/Captura-de-Pantalla-2020-09-08-a-les-12.18.46-768x481.png 768w\" sizes=\"auto, (max-width: 1024px) 100vw, 1024px\" \/><\/a><\/p>\n","protected":false},"excerpt":{"rendered":"<p>L\u2019activitat \u201cLa ci\u00e8ncia en primera persona\u201d s\u2019emmarca en la Setmana de la Ci\u00e8ncia i \u00e9s fruit de la col\u00b7laboraci\u00f3 entre el Departament d\u2019Educaci\u00f3 i la Fundaci\u00f3 Catalana Per a la Recerca i la Innovaci\u00f3 (FCRI). En la seva organitzaci\u00f3, en l&#8217;\u00e0mbit territorial, hi participen els Centres de Recursos Pedag\u00f2gics (CRP). Cal tenir en compte que [&hellip;]<\/p>\n","protected":false},"author":1,"featured_media":19576,"comment_status":"open","ping_status":"closed","sticky":false,"template":"","format":"standard","meta":{"_bbp_topic_count":0,"_bbp_reply_count":0,"_bbp_total_topic_count":0,"_bbp_total_reply_count":0,"_bbp_voice_count":0,"_bbp_anonymous_reply_count":0,"_bbp_topic_count_hidden":0,"_bbp_reply_count_hidden":0,"_bbp_forum_subforum_count":0,"site-sidebar-layout":"default","site-content-layout":"","ast-site-content-layout":"","site-content-style":"default","site-sidebar-style":"default","ast-global-header-display":"","ast-banner-title-visibility":"","ast-main-header-display":"","ast-hfb-above-header-display":"","ast-hfb-below-header-display":"","ast-hfb-mobile-header-display":"","site-post-title":"","ast-breadcrumbs-content":"","ast-featured-img":"","footer-sml-layout":"","theme-transparent-header-meta":"","adv-header-id-meta":"","stick-header-meta":"","header-above-stick-meta":"","header-main-stick-meta":"","header-below-stick-meta":"","astra-migrate-meta-layouts":"default","ast-page-background-enabled":"default","ast-page-background-meta":{"desktop":{"background-color":"var(--ast-global-color-4)","background-image":"","background-repeat":"repeat","background-position":"center center","background-size":"auto","background-attachment":"scroll","background-type":"","background-media":"","overlay-type":"","overlay-color":"","overlay-opacity":"","overlay-gradient":""},"tablet":{"background-color":"","background-image":"","background-repeat":"repeat","background-position":"center center","background-size":"auto","background-attachment":"scroll","background-type":"","background-media":"","overlay-type":"","overlay-color":"","overlay-opacity":"","overlay-gradient":""},"mobile":{"background-color":"","background-image":"","background-repeat":"repeat","background-position":"center center","background-size":"auto","background-attachment":"scroll","background-type":"","background-media":"","overlay-type":"","overlay-color":"","overlay-opacity":"","overlay-gradient":""}},"ast-content-background-meta":{"desktop":{"background-color":"var(--ast-global-color-5)","background-image":"","background-repeat":"repeat","background-position":"center center","background-size":"auto","background-attachment":"scroll","background-type":"","background-media":"","overlay-type":"","overlay-color":"","overlay-opacity":"","overlay-gradient":""},"tablet":{"background-color":"var(--ast-global-color-5)","background-image":"","background-repeat":"repeat","background-position":"center center","background-size":"auto","background-attachment":"scroll","background-type":"","background-media":"","overlay-type":"","overlay-color":"","overlay-opacity":"","overlay-gradient":""},"mobile":{"background-color":"var(--ast-global-color-5)","background-image":"","background-repeat":"repeat","background-position":"center center","background-size":"auto","background-attachment":"scroll","background-type":"","background-media":"","overlay-type":"","overlay-color":"","overlay-opacity":"","overlay-gradient":""}},"footnotes":""},"categories":[1036,64,66,29],"tags":[220,2291,2259,2074,447,2215,919,2060,2073],"class_list":["post-19571","post","type-post","status-publish","format-standard","has-post-thumbnail","hentry","category-activitat-dels-centres","category-comunitat","category-dinamitzacio","category-se-baixllobregat6","tag-alumnat","tag-centres-educatius-en-linia","tag-covid19","tag-cultura-digital","tag-educacio-secundaria","tag-reporteducacio","tag-setmana-de-la-ciencia","tag-steam","tag-steamcat"],"post_mailing_queue_ids":[],"_links":{"self":[{"href":"https:\/\/serveiseducatius.xtec.cat\/baixllobregat6\/wp-json\/wp\/v2\/posts\/19571","targetHints":{"allow":["GET"]}}],"collection":[{"href":"https:\/\/serveiseducatius.xtec.cat\/baixllobregat6\/wp-json\/wp\/v2\/posts"}],"about":[{"href":"https:\/\/serveiseducatius.xtec.cat\/baixllobregat6\/wp-json\/wp\/v2\/types\/post"}],"author":[{"embeddable":true,"href":"https:\/\/serveiseducatius.xtec.cat\/baixllobregat6\/wp-json\/wp\/v2\/users\/1"}],"replies":[{"embeddable":true,"href":"https:\/\/serveiseducatius.xtec.cat\/baixllobregat6\/wp-json\/wp\/v2\/comments?post=19571"}],"version-history":[{"count":3,"href":"https:\/\/serveiseducatius.xtec.cat\/baixllobregat6\/wp-json\/wp\/v2\/posts\/19571\/revisions"}],"predecessor-version":[{"id":19580,"href":"https:\/\/serveiseducatius.xtec.cat\/baixllobregat6\/wp-json\/wp\/v2\/posts\/19571\/revisions\/19580"}],"wp:featuredmedia":[{"embeddable":true,"href":"https:\/\/serveiseducatius.xtec.cat\/baixllobregat6\/wp-json\/wp\/v2\/media\/19576"}],"wp:attachment":[{"href":"https:\/\/serveiseducatius.xtec.cat\/baixllobregat6\/wp-json\/wp\/v2\/media?parent=19571"}],"wp:term":[{"taxonomy":"category","embeddable":true,"href":"https:\/\/serveiseducatius.xtec.cat\/baixllobregat6\/wp-json\/wp\/v2\/categories?post=19571"},{"taxonomy":"post_tag","embeddable":true,"href":"https:\/\/serveiseducatius.xtec.cat\/baixllobregat6\/wp-json\/wp\/v2\/tags?post=19571"}],"curies":[{"name":"wp","href":"https:\/\/api.w.org\/{rel}","templated":true}]}}