{"id":19555,"date":"2020-09-08T09:41:37","date_gmt":"2020-09-08T07:41:37","guid":{"rendered":"http:\/\/serveiseducatius.xtec.cat\/baixllobregat6\/?p=19555"},"modified":"2020-09-10T07:56:51","modified_gmt":"2020-09-10T05:56:51","slug":"pla-deducacio-digital-de-catalunya-2020-2023-novetats-dinici-de-curs-dimecres-9-de-setembre-a-les-18h-retransmissio-en-linia-no-us-ho-perdeu","status":"publish","type":"post","link":"https:\/\/serveiseducatius.xtec.cat\/baixllobregat6\/politicaeducativa\/pla-deducacio-digital-de-catalunya-2020-2023-novetats-dinici-de-curs-dimecres-9-de-setembre-a-les-18h-retransmissio-en-linia-no-us-ho-perdeu\/","title":{"rendered":"Novetats d\u2019inici de curs del Pla d\u2019Educaci\u00f3 Digital de Catalunya 2020-2023.(Presentaci\u00f3 en diferit)"},"content":{"rendered":"<div class=\"ast-oembed-container \" style=\"height: 100%;\"><iframe loading=\"lazy\" title=\"Novetats d\u2019inici de curs. Pla d\u2019Educaci\u00f3 Digital de Catalunya 2020-2023\" width=\"500\" height=\"281\" src=\"https:\/\/www.youtube.com\/embed\/AH1qo0x0mxc?feature=oembed\" frameborder=\"0\" allow=\"accelerometer; autoplay; clipboard-write; encrypted-media; gyroscope; picture-in-picture; web-share\" referrerpolicy=\"strict-origin-when-cross-origin\" allowfullscreen><\/iframe><\/div>\n<p><span style=\"color: #030303; font-family: Roboto, Arial, sans-serif; font-size: 14px; white-space: pre-wrap; background-color: #f9f9f9;\">Voleu saber quins recursos teniu al vostre abast per iniciar el curs 20-21 en l\u2019\u00e0mbit digital? Sabeu quins continguts digitals teniu per tal de preparar les vostres propostes did\u00e0ctiques? Esteu pensant millorar la compet\u00e8ncia digital per\u00f2 voleu saber la proposta formativa per saber escollir b\u00e9 el vostre propi itinerari formatiu? Ja teniu dissenyats els vostres cursos en els entorns virtuals d\u2019aprenentatge, els voleu millorar? Us presentarem la nova oferta formativa, els continguts disponibles, les orientacions de l\u2019\u00e0mbit digital i les darreres novetats dels equipaments de docents i alumnat en el marc del <strong><a href=\"http:\/\/ensenyament.gencat.cat\/ca\/actualitat\/notes-premsa\/nota-premsa\/?id=387457\" target=\"_blank\" rel=\"noopener noreferrer\">Pla d\u2019Educaci\u00f3 Digital de Catalunya 2020-2023<\/a><\/strong>.<\/span><\/p>\n","protected":false},"excerpt":{"rendered":"<p>Voleu saber quins recursos teniu al vostre abast per iniciar el curs 20-21 en l\u2019\u00e0mbit digital? Sabeu quins continguts digitals teniu per tal de preparar les vostres propostes did\u00e0ctiques? Esteu pensant millorar la compet\u00e8ncia digital per\u00f2 voleu saber la proposta formativa per saber escollir b\u00e9 el vostre propi itinerari formatiu? Ja teniu dissenyats els vostres [&hellip;]<\/p>\n","protected":false},"author":1,"featured_media":0,"comment_status":"open","ping_status":"closed","sticky":false,"template":"","format":"standard","meta":{"_bbp_topic_count":0,"_bbp_reply_count":0,"_bbp_total_topic_count":0,"_bbp_total_reply_count":0,"_bbp_voice_count":0,"_bbp_anonymous_reply_count":0,"_bbp_topic_count_hidden":0,"_bbp_reply_count_hidden":0,"_bbp_forum_subforum_count":0,"site-sidebar-layout":"default","site-content-layout":"","ast-site-content-layout":"","site-content-style":"default","site-sidebar-style":"default","ast-global-header-display":"","ast-banner-title-visibility":"","ast-main-header-display":"","ast-hfb-above-header-display":"","ast-hfb-below-header-display":"","ast-hfb-mobile-header-display":"","site-post-title":"","ast-breadcrumbs-content":"","ast-featured-img":"","footer-sml-layout":"","theme-transparent-header-meta":"","adv-header-id-meta":"","stick-header-meta":"","header-above-stick-meta":"","header-main-stick-meta":"","header-below-stick-meta":"","astra-migrate-meta-layouts":"default","ast-page-background-enabled":"default","ast-page-background-meta":{"desktop":{"background-color":"var(--ast-global-color-4)","background-image":"","background-repeat":"repeat","background-position":"center center","background-size":"auto","background-attachment":"scroll","background-type":"","background-media":"","overlay-type":"","overlay-color":"","overlay-opacity":"","overlay-gradient":""},"tablet":{"background-color":"","background-image":"","background-repeat":"repeat","background-position":"center center","background-size":"auto","background-attachment":"scroll","background-type":"","background-media":"","overlay-type":"","overlay-color":"","overlay-opacity":"","overlay-gradient":""},"mobile":{"background-color":"","background-image":"","background-repeat":"repeat","background-position":"center center","background-size":"auto","background-attachment":"scroll","background-type":"","background-media":"","overlay-type":"","overlay-color":"","overlay-opacity":"","overlay-gradient":""}},"ast-content-background-meta":{"desktop":{"background-color":"var(--ast-global-color-5)","background-image":"","background-repeat":"repeat","background-position":"center center","background-size":"auto","background-attachment":"scroll","background-type":"","background-media":"","overlay-type":"","overlay-color":"","overlay-opacity":"","overlay-gradient":""},"tablet":{"background-color":"var(--ast-global-color-5)","background-image":"","background-repeat":"repeat","background-position":"center center","background-size":"auto","background-attachment":"scroll","background-type":"","background-media":"","overlay-type":"","overlay-color":"","overlay-opacity":"","overlay-gradient":""},"mobile":{"background-color":"var(--ast-global-color-5)","background-image":"","background-repeat":"repeat","background-position":"center center","background-size":"auto","background-attachment":"scroll","background-type":"","background-media":"","overlay-type":"","overlay-color":"","overlay-opacity":"","overlay-gradient":""}},"footnotes":""},"categories":[163,1,29],"tags":[2422,2420,297,2074,389,2421,854,2215,1623],"class_list":["post-19555","post","type-post","status-publish","format-standard","hentry","category-formacio","category-politicaeducativa","category-se-baixllobregat6","tag-dgircd","tag-2020-2023","tag-catalunya","tag-cultura-digital","tag-departament-deducacio","tag-pla-deducacio-digital-de-catalunya","tag-professorat","tag-reporteducacio","tag-tic-e"],"post_mailing_queue_ids":[],"_links":{"self":[{"href":"https:\/\/serveiseducatius.xtec.cat\/baixllobregat6\/wp-json\/wp\/v2\/posts\/19555","targetHints":{"allow":["GET"]}}],"collection":[{"href":"https:\/\/serveiseducatius.xtec.cat\/baixllobregat6\/wp-json\/wp\/v2\/posts"}],"about":[{"href":"https:\/\/serveiseducatius.xtec.cat\/baixllobregat6\/wp-json\/wp\/v2\/types\/post"}],"author":[{"embeddable":true,"href":"https:\/\/serveiseducatius.xtec.cat\/baixllobregat6\/wp-json\/wp\/v2\/users\/1"}],"replies":[{"embeddable":true,"href":"https:\/\/serveiseducatius.xtec.cat\/baixllobregat6\/wp-json\/wp\/v2\/comments?post=19555"}],"version-history":[{"count":2,"href":"https:\/\/serveiseducatius.xtec.cat\/baixllobregat6\/wp-json\/wp\/v2\/posts\/19555\/revisions"}],"predecessor-version":[{"id":19595,"href":"https:\/\/serveiseducatius.xtec.cat\/baixllobregat6\/wp-json\/wp\/v2\/posts\/19555\/revisions\/19595"}],"wp:attachment":[{"href":"https:\/\/serveiseducatius.xtec.cat\/baixllobregat6\/wp-json\/wp\/v2\/media?parent=19555"}],"wp:term":[{"taxonomy":"category","embeddable":true,"href":"https:\/\/serveiseducatius.xtec.cat\/baixllobregat6\/wp-json\/wp\/v2\/categories?post=19555"},{"taxonomy":"post_tag","embeddable":true,"href":"https:\/\/serveiseducatius.xtec.cat\/baixllobregat6\/wp-json\/wp\/v2\/tags?post=19555"}],"curies":[{"name":"wp","href":"https:\/\/api.w.org\/{rel}","templated":true}]}}